{"id":5893,"date":"2017-10-21T14:25:23","date_gmt":"2017-10-21T12:25:23","guid":{"rendered":"http:\/\/heldconsulting.de\/?p=5893"},"modified":"2020-01-02T13:23:40","modified_gmt":"2020-01-02T12:23:40","slug":"maedchenchor-zurueck-aus-japan","status":"publish","type":"post","link":"https:\/\/maedchenchor-hannover.de\/?p=5893","title":{"rendered":"M\u00e4dchenchor zur\u00fcck aus Japan"},"content":{"rendered":"\t\t<div data-elementor-type=\"wp-post\" data-elementor-id=\"5893\" class=\"elementor elementor-5893\">\n\t\t\t\t\t\t<section class=\"elementor-section elementor-top-section elementor-element elementor-element-comsldy elementor-section-boxed elementor-section-height-default elementor-section-height-default\" data-id=\"comsldy\" data-element_type=\"section\" data-e-type=\"section\">\n\t\t\t\t\t\t<div class=\"elementor-container elementor-column-gap-default\">\n\t\t\t\t\t<div class=\"elementor-column elementor-col-100 elementor-top-column elementor-element elementor-element-pkhomzi\" data-id=\"pkhomzi\" data-element_type=\"column\" data-e-type=\"column\">\n\t\t\t<div class=\"elementor-widget-wrap elementor-element-populated\">\n\t\t\t\t\t\t<div class=\"elementor-element elementor-element-urazxyf elementor-widget elementor-widget-text-editor\" data-id=\"urazxyf\" data-element_type=\"widget\" data-e-type=\"widget\" data-widget_type=\"text-editor.default\">\n\t\t\t\t<div class=\"elementor-widget-container\">\n\t\t\t\t\t\t\t\t\t<p style=\"text-align: left;\"><b>Erfolgreiche Konzerttournee mit Kulturaustausch<\/b><br \/><span style=\"font-size: 40%; font-weight: 500;\">Ver\u00f6ffentlicht: 18.10.2017<\/span><\/p>\t\t\t\t\t\t\t\t<\/div>\n\t\t\t\t<\/div>\n\t\t\t\t\t<\/div>\n\t\t<\/div>\n\t\t\t\t\t<\/div>\n\t\t<\/section>\n\t\t\t\t<section class=\"elementor-section elementor-top-section elementor-element elementor-element-tjuenjh elementor-section-boxed elementor-section-height-default elementor-section-height-default\" data-id=\"tjuenjh\" data-element_type=\"section\" data-e-type=\"section\" data-settings=\"{&quot;background_background&quot;:&quot;classic&quot;}\">\n\t\t\t\t\t\t<div class=\"elementor-container elementor-column-gap-default\">\n\t\t\t\t\t<div class=\"elementor-column elementor-col-100 elementor-top-column elementor-element elementor-element-fgnhagb\" data-id=\"fgnhagb\" data-element_type=\"column\" data-e-type=\"column\">\n\t\t\t<div class=\"elementor-widget-wrap elementor-element-populated\">\n\t\t\t\t\t\t<div class=\"elementor-element elementor-element-jwcqnyf elementor-widget elementor-widget-image\" data-id=\"jwcqnyf\" data-element_type=\"widget\" data-e-type=\"widget\" data-widget_type=\"image.default\">\n\t\t\t\t<div class=\"elementor-widget-container\">\n\t\t\t\t\t\t\t\t\t\t\t\t<figure class=\"wp-caption\">\n\t\t\t\t\t\t\t\t\t\t\t<a href=\"http:\/\/maedchenchor-hannover.de\/wp-content\/uploads\/MaedchenchorHannoverTokushimaJapan2017_c_DrHedderich.jpg\" data-elementor-open-lightbox=\"yes\" data-elementor-lightbox-title=\"MaedchenchorHannoverTokushimaJapan2017_c_DrHedderich\" data-e-action-hash=\"#elementor-action%3Aaction%3Dlightbox%26settings%3DeyJpZCI6NTg5OCwidXJsIjoiaHR0cHM6XC9cL21hZWRjaGVuY2hvci1oYW5ub3Zlci5kZVwvd3AtY29udGVudFwvdXBsb2Fkc1wvTWFlZGNoZW5jaG9ySGFubm92ZXJUb2t1c2hpbWFKYXBhbjIwMTdfY19EckhlZGRlcmljaC5qcGcifQ%3D%3D\">\n\t\t\t\t\t\t\t<img fetchpriority=\"high\" decoding=\"async\" width=\"1024\" height=\"678\" src=\"https:\/\/maedchenchor-hannover.de\/wp-content\/uploads\/MaedchenchorHannoverTokushimaJapan2017_c_DrHedderich-1024x678.jpg\" class=\"attachment-large size-large wp-image-5898\" alt=\"\" srcset=\"https:\/\/maedchenchor-hannover.de\/wp-content\/uploads\/MaedchenchorHannoverTokushimaJapan2017_c_DrHedderich-1024x678.jpg 1024w, https:\/\/maedchenchor-hannover.de\/wp-content\/uploads\/MaedchenchorHannoverTokushimaJapan2017_c_DrHedderich-300x199.jpg 300w, https:\/\/maedchenchor-hannover.de\/wp-content\/uploads\/MaedchenchorHannoverTokushimaJapan2017_c_DrHedderich-768x508.jpg 768w, https:\/\/maedchenchor-hannover.de\/wp-content\/uploads\/MaedchenchorHannoverTokushimaJapan2017_c_DrHedderich-830x549.jpg 830w, https:\/\/maedchenchor-hannover.de\/wp-content\/uploads\/MaedchenchorHannoverTokushimaJapan2017_c_DrHedderich-230x152.jpg 230w, https:\/\/maedchenchor-hannover.de\/wp-content\/uploads\/MaedchenchorHannoverTokushimaJapan2017_c_DrHedderich-350x232.jpg 350w, https:\/\/maedchenchor-hannover.de\/wp-content\/uploads\/MaedchenchorHannoverTokushimaJapan2017_c_DrHedderich-480x318.jpg 480w, https:\/\/maedchenchor-hannover.de\/wp-content\/uploads\/MaedchenchorHannoverTokushimaJapan2017_c_DrHedderich.jpg 1280w\" sizes=\"(max-width: 1024px) 100vw, 1024px\" \/>\t\t\t\t\t\t\t\t<\/a>\n\t\t\t\t\t\t\t\t\t\t\t<figcaption class=\"widget-image-caption wp-caption-text\">Fern\u00f6stlicher Ausdruckstanz, abendl\u00e4ndische Musik: M\u00e4dchenchor Hannover in Tokushima  (Foto: Dr. K. Hedderich)<\/figcaption>\n\t\t\t\t\t\t\t\t\t\t<\/figure>\n\t\t\t\t\t\t\t\t\t<\/div>\n\t\t\t\t<\/div>\n\t\t\t\t\t<\/div>\n\t\t<\/div>\n\t\t\t\t\t<\/div>\n\t\t<\/section>\n\t\t\t\t<section class=\"elementor-section elementor-top-section elementor-element elementor-element-fmhojjp elementor-section-full_width elementor-section-height-default elementor-section-height-default\" data-id=\"fmhojjp\" data-element_type=\"section\" data-e-type=\"section\" data-settings=\"{&quot;background_background&quot;:&quot;classic&quot;}\">\n\t\t\t\t\t\t<div class=\"elementor-container elementor-column-gap-default\">\n\t\t\t\t\t<div class=\"elementor-column elementor-col-33 elementor-top-column elementor-element elementor-element-mtldycj\" data-id=\"mtldycj\" data-element_type=\"column\" data-e-type=\"column\">\n\t\t\t<div class=\"elementor-widget-wrap elementor-element-populated\">\n\t\t\t\t\t\t<div class=\"elementor-element elementor-element-vdkggbl elementor-widget elementor-widget-text-editor\" data-id=\"vdkggbl\" data-element_type=\"widget\" data-e-type=\"widget\" data-widget_type=\"text-editor.default\">\n\t\t\t\t<div class=\"elementor-widget-container\">\n\t\t\t\t\t\t\t\t\t<p style=\"text-align: left;\"><strong>Hannover<\/strong>. Wohlbehaltene R\u00fcckkehr nach erfolgreicher Konzertreise. Am Sonntag erreichte der M\u00e4dchenchor Hannover nach seiner Konzerttournee durch Japan wieder heimatliche Gefilde. Zum Abschluss seiner 11-t\u00e4gigen Reise als Kulturbotschafter der Stadt Hannover, die den Chor durch die Universit\u00e4tsst\u00e4dte Hamamatsu, Ichinomiya und Hiroshima f\u00fchrte, konzertierte der M\u00e4dchenchor in Niedersachsens Partnerstadt Tokushima. Das Programm des gemeinsamen Konzerts mit dem dortigen Jugendchor enthielt dabei noch einmal die musikalischen Highlights der Reise, erg\u00e4nzt durch Interpretationen\u00a0 traditioneller\u00a0<\/p>\t\t\t\t\t\t\t\t<\/div>\n\t\t\t\t<\/div>\n\t\t\t\t\t<\/div>\n\t\t<\/div>\n\t\t\t\t<div class=\"elementor-column elementor-col-66 elementor-top-column elementor-element elementor-element-ehpmxjy\" data-id=\"ehpmxjy\" data-element_type=\"column\" data-e-type=\"column\">\n\t\t\t<div class=\"elementor-widget-wrap elementor-element-populated\">\n\t\t\t\t\t\t<div class=\"elementor-element elementor-element-rzzyzst elementor-widget elementor-widget-text-editor\" data-id=\"rzzyzst\" data-element_type=\"widget\" data-e-type=\"widget\" data-widget_type=\"text-editor.default\">\n\t\t\t\t<div class=\"elementor-widget-container\">\n\t\t\t\t\t\t\t\t\t<p>japanischer Lieder. Die enge Verbundenheit zwischen dem Land Niedersachsen und der Pr\u00e4fektur Tokushima, die der B\u00fcrgermeister auf dem morgendlichen Empfang der jungen Kulturbotschafterinnen besonders hervorhob, wurde in diesem Abschlusskonzert durch die musikalische Darbietung und durch einen gemeinsam einstudierten Ausdruckstanz noch einmal eindrucksvoll unterstrichen. Diese Geste der Verbundenheit setzte den Schlusspunkt unter eine Reise, die herzliche Gastfreundschaft mit musikalischen Spitzenleistungen verband.<\/p>\t\t\t\t\t\t\t\t<\/div>\n\t\t\t\t<\/div>\n\t\t\t\t\t<\/div>\n\t\t<\/div>\n\t\t\t\t\t<\/div>\n\t\t<\/section>\n\t\t\t\t<\/div>\n\t\t","protected":false},"excerpt":{"rendered":"<p>Erfolgreiche Konzerttournee mit KulturaustauschVer\u00f6ffentlicht: 18.10.2017 Fern\u00f6stlicher Ausdruckstanz, abendl\u00e4ndische Musik: M\u00e4dchenchor [&hellip;]<\/p>\n","protected":false},"author":1,"featured_media":0,"comment_status":"open","ping_status":"closed","sticky":false,"template":"","format":"standard","meta":{"footnotes":""},"categories":[2,16],"tags":[212,110,219,217],"class_list":["post-5893","post","type-post","status-publish","format-standard","hentry","category-news","category-news-de","tag-hiroshima-unesco-city-of-music-hannover","tag-japan","tag-kulturaustausch","tag-tokoshima"],"_links":{"self":[{"href":"https:\/\/maedchenchor-hannover.de\/index.php?rest_route=\/wp\/v2\/posts\/5893","targetHints":{"allow":["GET"]}}],"collection":[{"href":"https:\/\/maedchenchor-hannover.de\/index.php?rest_route=\/wp\/v2\/posts"}],"about":[{"href":"https:\/\/maedchenchor-hannover.de\/index.php?rest_route=\/wp\/v2\/types\/post"}],"author":[{"embeddable":true,"href":"https:\/\/maedchenchor-hannover.de\/index.php?rest_route=\/wp\/v2\/users\/1"}],"replies":[{"embeddable":true,"href":"https:\/\/maedchenchor-hannover.de\/index.php?rest_route=%2Fwp%2Fv2%2Fcomments&post=5893"}],"version-history":[{"count":14,"href":"https:\/\/maedchenchor-hannover.de\/index.php?rest_route=\/wp\/v2\/posts\/5893\/revisions"}],"predecessor-version":[{"id":12229,"href":"https:\/\/maedchenchor-hannover.de\/index.php?rest_route=\/wp\/v2\/posts\/5893\/revisions\/12229"}],"wp:attachment":[{"href":"https:\/\/maedchenchor-hannover.de\/index.php?rest_route=%2Fwp%2Fv2%2Fmedia&parent=5893"}],"wp:term":[{"taxonomy":"category","embeddable":true,"href":"https:\/\/maedchenchor-hannover.de\/index.php?rest_route=%2Fwp%2Fv2%2Fcategories&post=5893"},{"taxonomy":"post_tag","embeddable":true,"href":"https:\/\/maedchenchor-hannover.de\/index.php?rest_route=%2Fwp%2Fv2%2Ftags&post=5893"}],"curies":[{"name":"wp","href":"https:\/\/api.w.org\/{rel}","templated":true}]}}