{"id":41775,"date":"2025-03-24T10:17:04","date_gmt":"2025-03-24T09:17:04","guid":{"rendered":"https:\/\/maedchenchor-hannover.de\/?p=41775"},"modified":"2025-03-25T07:07:09","modified_gmt":"2025-03-25T06:07:09","slug":"vivaldi-mit-konzertchor-und-kopenhagen","status":"publish","type":"post","link":"https:\/\/maedchenchor-hannover.de\/?p=41775","title":{"rendered":"Vivaldi mit Konzertchor und Kopenhagen"},"content":{"rendered":"\t\t<div data-elementor-type=\"wp-post\" data-elementor-id=\"41775\" class=\"elementor elementor-41775\">\n\t\t\t\t\t\t<section class=\"elementor-section elementor-top-section elementor-element elementor-element-4656515 elementor-section-boxed elementor-section-height-default elementor-section-height-default\" data-id=\"4656515\" data-element_type=\"section\" data-e-type=\"section\">\n\t\t\t\t\t\t<div class=\"elementor-container elementor-column-gap-default\">\n\t\t\t\t\t<div class=\"elementor-column elementor-col-100 elementor-top-column elementor-element elementor-element-24adced0\" data-id=\"24adced0\" data-element_type=\"column\" data-e-type=\"column\">\n\t\t\t<div class=\"elementor-widget-wrap elementor-element-populated\">\n\t\t\t\t\t\t<div class=\"elementor-element elementor-element-6eabd01d elementor-widget elementor-widget-text-editor\" data-id=\"6eabd01d\" data-element_type=\"widget\" data-e-type=\"widget\" data-widget_type=\"text-editor.default\">\n\t\t\t\t<div class=\"elementor-widget-container\">\n\t\t\t\t\t\t\t\t\t<p style=\"text-align: left;\">Vivaldi mit Kopenhagen und Konzertchor<br \/><span style=\"font-size: 70%; font-weight: 500; padding-top: 10px;\">St. Annae Pigekor, Concerto Copenhagen\u00a0 und Konzertchor begeistern<\/span><br \/><span style=\"font-size: 40%; font-weight: 500;\">Ver\u00f6ffentlicht: 24.03.2025\u00a0<\/span><\/p>\t\t\t\t\t\t\t\t<\/div>\n\t\t\t\t<\/div>\n\t\t\t\t\t<\/div>\n\t\t<\/div>\n\t\t\t\t\t<\/div>\n\t\t<\/section>\n\t\t\t\t<section class=\"elementor-section elementor-top-section elementor-element elementor-element-7daabfeb elementor-section-boxed elementor-section-height-default elementor-section-height-default\" data-id=\"7daabfeb\" data-element_type=\"section\" data-e-type=\"section\" data-settings=\"{&quot;background_background&quot;:&quot;classic&quot;}\">\n\t\t\t\t\t\t<div class=\"elementor-container elementor-column-gap-default\">\n\t\t\t\t\t<div class=\"elementor-column elementor-col-100 elementor-top-column elementor-element elementor-element-4da49226\" data-id=\"4da49226\" data-element_type=\"column\" data-e-type=\"column\">\n\t\t\t<div class=\"elementor-widget-wrap elementor-element-populated\">\n\t\t\t\t\t\t<div class=\"elementor-element elementor-element-5084ab10 elementor-widget elementor-widget-image\" data-id=\"5084ab10\" data-element_type=\"widget\" data-e-type=\"widget\" data-widget_type=\"image.default\">\n\t\t\t\t<div class=\"elementor-widget-container\">\n\t\t\t\t\t\t\t\t\t\t\t\t<figure class=\"wp-caption\">\n\t\t\t\t\t\t\t\t\t\t\t<a href=\"https:\/\/maedchenchorhannover.reservix.de\/tickets-fruehlingskonzert-konzert-mit-copenhagen-girls-choir-in-hannover-christuskirche-am-22-3-2025\/e2371207\" target=\"_blank\" rel=\"nofollow\">\n\t\t\t\t\t\t\t<img fetchpriority=\"high\" decoding=\"async\" width=\"768\" height=\"432\" src=\"https:\/\/maedchenchor-hannover.de\/wp-content\/uploads\/250322_KopenhagenPigekor_MCH_Konzert-60-768x432.jpg\" class=\"attachment-medium_large size-medium_large wp-image-41670\" alt=\"\" srcset=\"https:\/\/maedchenchor-hannover.de\/wp-content\/uploads\/250322_KopenhagenPigekor_MCH_Konzert-60-768x432.jpg 768w, https:\/\/maedchenchor-hannover.de\/wp-content\/uploads\/250322_KopenhagenPigekor_MCH_Konzert-60-300x169.jpg 300w, https:\/\/maedchenchor-hannover.de\/wp-content\/uploads\/250322_KopenhagenPigekor_MCH_Konzert-60-1024x576.jpg 1024w, https:\/\/maedchenchor-hannover.de\/wp-content\/uploads\/250322_KopenhagenPigekor_MCH_Konzert-60-150x84.jpg 150w, https:\/\/maedchenchor-hannover.de\/wp-content\/uploads\/250322_KopenhagenPigekor_MCH_Konzert-60-1000x563.jpg 1000w, https:\/\/maedchenchor-hannover.de\/wp-content\/uploads\/250322_KopenhagenPigekor_MCH_Konzert-60-230x129.jpg 230w, https:\/\/maedchenchor-hannover.de\/wp-content\/uploads\/250322_KopenhagenPigekor_MCH_Konzert-60-350x197.jpg 350w, https:\/\/maedchenchor-hannover.de\/wp-content\/uploads\/250322_KopenhagenPigekor_MCH_Konzert-60-480x270.jpg 480w, https:\/\/maedchenchor-hannover.de\/wp-content\/uploads\/250322_KopenhagenPigekor_MCH_Konzert-60.jpg 1200w\" sizes=\"(max-width: 768px) 100vw, 768px\" \/>\t\t\t\t\t\t\t\t<\/a>\n\t\t\t\t\t\t\t\t\t\t\t<figcaption class=\"widget-image-caption wp-caption-text\">Konzert 22.3.25 in der Christuskirche (Aufnahme: C.P. Schulze)<\/figcaption>\n\t\t\t\t\t\t\t\t\t\t<\/figure>\n\t\t\t\t\t\t\t\t\t<\/div>\n\t\t\t\t<\/div>\n\t\t\t\t\t<\/div>\n\t\t<\/div>\n\t\t\t\t\t<\/div>\n\t\t<\/section>\n\t\t\t\t<section class=\"elementor-section elementor-top-section elementor-element elementor-element-54c4d9c3 elementor-section-full_width elementor-section-height-default elementor-section-height-default\" data-id=\"54c4d9c3\" data-element_type=\"section\" data-e-type=\"section\" data-settings=\"{&quot;background_background&quot;:&quot;classic&quot;}\">\n\t\t\t\t\t\t<div class=\"elementor-container elementor-column-gap-default\">\n\t\t\t\t\t<div class=\"elementor-column elementor-col-50 elementor-top-column elementor-element elementor-element-4ffba346\" data-id=\"4ffba346\" data-element_type=\"column\" data-e-type=\"column\">\n\t\t\t<div class=\"elementor-widget-wrap elementor-element-populated\">\n\t\t\t\t\t\t<div class=\"elementor-element elementor-element-4e90f39b elementor-widget elementor-widget-text-editor\" data-id=\"4e90f39b\" data-element_type=\"widget\" data-e-type=\"widget\" data-widget_type=\"text-editor.default\">\n\t\t\t\t<div class=\"elementor-widget-container\">\n\t\t\t\t\t\t\t\t\t<p><strong>Hannover. <\/strong>Die Choreltern des M\u00e4dchenchor Hannover sorgten mit ihrer Gastfreundschaft f\u00fcr den perfekten \u00e4u\u00dferen Rahmen, die Chorleiterin bzw. der Chorleiter vom M\u00e4dchenchor Hannover und St. Ann\u00e6 Pigekor mit Concerto Copenhagen f\u00fcr einen lange applaudierten, gelungenen musikalischen Austausch. Der Besuch der renommierten Klangsensembles aus D\u00e4nemark am 22. M\u00e4rz war rundum begl\u00fcckend. Das Wiedersehen und das Konzert der zwei Spitzenjugendch\u00f6re, diesmal vereint mit dem Barockensemble Concerto Copenhagen, sorgte f\u00fcr eine nahezu ausverkaufte Christuskirche.<\/p>\t\t\t\t\t\t\t\t<\/div>\n\t\t\t\t<\/div>\n\t\t\t\t\t<\/div>\n\t\t<\/div>\n\t\t\t\t<div class=\"elementor-column elementor-col-50 elementor-top-column elementor-element elementor-element-d7ff23d\" data-id=\"d7ff23d\" data-element_type=\"column\" data-e-type=\"column\">\n\t\t\t<div class=\"elementor-widget-wrap elementor-element-populated\">\n\t\t\t\t\t\t<div class=\"elementor-element elementor-element-a41267c elementor-widget elementor-widget-text-editor\" data-id=\"a41267c\" data-element_type=\"widget\" data-e-type=\"widget\" data-widget_type=\"text-editor.default\">\n\t\t\t\t<div class=\"elementor-widget-container\">\n\t\t\t\t\t\t\t\t\tAnne-Terese Sales f\u00fchrte Ch\u00f6re und Ensemble durch eine behutsame Interpretation von Vivaldis <em>Gloria<\/em>, mit nie aufdringlich lauten Solopartien aus eigenen Chorreihen sowie einer gl\u00e4nzend aufgelegten Mette Bj\u00e6rang Pedersen (Alt). Andreas Felber dirigierte die Hannoveraner S\u00e4ngerinnen durch fein akzentuierte Interpretationen u.a von Arvo P\u00e4rts <em>Zwei Beter<\/em>, Tine Becs <em>Deliver me, o Lord<\/em> und <em>Consolaziun<\/em> von Balzer Casanova. Gro\u00dfer Beifall auch f\u00fcr die Urauff\u00fchrung von <em>Prik i Historien<\/em>, mitkomponiert von der d\u00e4nischen Chorleiterin.\t\t\t\t\t\t\t\t<\/div>\n\t\t\t\t<\/div>\n\t\t\t\t\t<\/div>\n\t\t<\/div>\n\t\t\t\t\t<\/div>\n\t\t<\/section>\n\t\t\t\t<section class=\"elementor-section elementor-top-section elementor-element elementor-element-26c712ac elementor-section-boxed elementor-section-height-default elementor-section-height-default\" data-id=\"26c712ac\" data-element_type=\"section\" data-e-type=\"section\">\n\t\t\t\t\t\t<div class=\"elementor-container elementor-column-gap-default\">\n\t\t\t\t\t<div class=\"elementor-column elementor-col-100 elementor-top-column elementor-element elementor-element-591b9481\" data-id=\"591b9481\" data-element_type=\"column\" data-e-type=\"column\">\n\t\t\t<div class=\"elementor-widget-wrap elementor-element-populated\">\n\t\t\t\t\t\t<div class=\"elementor-element elementor-element-5e0e27fb elementor-widget elementor-widget-toggle\" data-id=\"5e0e27fb\" data-element_type=\"widget\" data-e-type=\"widget\" data-widget_type=\"toggle.default\">\n\t\t\t\t<div class=\"elementor-widget-container\">\n\t\t\t\t\t\t\t<div class=\"elementor-toggle\">\n\t\t\t\t\t\t\t<div class=\"elementor-toggle-item\">\n\t\t\t\t\t<div id=\"elementor-tab-title-1571\" class=\"elementor-tab-title\" data-tab=\"1\" role=\"button\" aria-controls=\"elementor-tab-content-1571\" aria-expanded=\"false\">\n\t\t\t\t\t\t\t\t\t\t\t\t<span class=\"elementor-toggle-icon elementor-toggle-icon-left\" aria-hidden=\"true\">\n\t\t\t\t\t\t\t\t\t\t\t\t\t\t\t<span class=\"elementor-toggle-icon-closed\"><i class=\"fas fa-caret-right\"><\/i><\/span>\n\t\t\t\t\t\t\t\t<span class=\"elementor-toggle-icon-opened\"><i class=\"elementor-toggle-icon-opened fas fa-caret-up\"><\/i><\/span>\n\t\t\t\t\t\t\t\t\t\t\t\t\t<\/span>\n\t\t\t\t\t\t\t\t\t\t\t\t<a class=\"elementor-toggle-title\" tabindex=\"0\">Fotos <\/a>\n\t\t\t\t\t<\/div>\n\n\t\t\t\t\t<div id=\"elementor-tab-content-1571\" class=\"elementor-tab-content elementor-clearfix\" data-tab=\"1\" role=\"region\" aria-labelledby=\"elementor-tab-title-1571\"><p><a href=\"https:\/\/maedchenchor-hannover.de\/wp-content\/uploads\/250322_KopenhagenPigekor_MCH_Konzert-56.jpg\"><img decoding=\"async\" class=\"aligncenter size-full wp-image-41669\" src=\"https:\/\/maedchenchor-hannover.de\/wp-content\/uploads\/250322_KopenhagenPigekor_MCH_Konzert-56.jpg\" alt=\"\" width=\"1200\" height=\"675\" srcset=\"https:\/\/maedchenchor-hannover.de\/wp-content\/uploads\/250322_KopenhagenPigekor_MCH_Konzert-56.jpg 1200w, https:\/\/maedchenchor-hannover.de\/wp-content\/uploads\/250322_KopenhagenPigekor_MCH_Konzert-56-300x169.jpg 300w, https:\/\/maedchenchor-hannover.de\/wp-content\/uploads\/250322_KopenhagenPigekor_MCH_Konzert-56-1024x576.jpg 1024w, https:\/\/maedchenchor-hannover.de\/wp-content\/uploads\/250322_KopenhagenPigekor_MCH_Konzert-56-150x84.jpg 150w, https:\/\/maedchenchor-hannover.de\/wp-content\/uploads\/250322_KopenhagenPigekor_MCH_Konzert-56-768x432.jpg 768w, https:\/\/maedchenchor-hannover.de\/wp-content\/uploads\/250322_KopenhagenPigekor_MCH_Konzert-56-1000x563.jpg 1000w, https:\/\/maedchenchor-hannover.de\/wp-content\/uploads\/250322_KopenhagenPigekor_MCH_Konzert-56-230x129.jpg 230w, https:\/\/maedchenchor-hannover.de\/wp-content\/uploads\/250322_KopenhagenPigekor_MCH_Konzert-56-350x197.jpg 350w, https:\/\/maedchenchor-hannover.de\/wp-content\/uploads\/250322_KopenhagenPigekor_MCH_Konzert-56-480x270.jpg 480w\" sizes=\"(max-width: 1200px) 100vw, 1200px\" \/><\/a><br \/><a href=\"https:\/\/maedchenchor-hannover.de\/wp-content\/uploads\/250322_KopenhagenPigekor_MCH_Konzert-60.jpg\"><img decoding=\"async\" class=\"aligncenter size-full wp-image-41670\" src=\"https:\/\/maedchenchor-hannover.de\/wp-content\/uploads\/250322_KopenhagenPigekor_MCH_Konzert-60.jpg\" alt=\"\" width=\"1200\" height=\"675\" srcset=\"https:\/\/maedchenchor-hannover.de\/wp-content\/uploads\/250322_KopenhagenPigekor_MCH_Konzert-60.jpg 1200w, https:\/\/maedchenchor-hannover.de\/wp-content\/uploads\/250322_KopenhagenPigekor_MCH_Konzert-60-300x169.jpg 300w, https:\/\/maedchenchor-hannover.de\/wp-content\/uploads\/250322_KopenhagenPigekor_MCH_Konzert-60-1024x576.jpg 1024w, https:\/\/maedchenchor-hannover.de\/wp-content\/uploads\/250322_KopenhagenPigekor_MCH_Konzert-60-150x84.jpg 150w, https:\/\/maedchenchor-hannover.de\/wp-content\/uploads\/250322_KopenhagenPigekor_MCH_Konzert-60-768x432.jpg 768w, https:\/\/maedchenchor-hannover.de\/wp-content\/uploads\/250322_KopenhagenPigekor_MCH_Konzert-60-1000x563.jpg 1000w, https:\/\/maedchenchor-hannover.de\/wp-content\/uploads\/250322_KopenhagenPigekor_MCH_Konzert-60-230x129.jpg 230w, https:\/\/maedchenchor-hannover.de\/wp-content\/uploads\/250322_KopenhagenPigekor_MCH_Konzert-60-350x197.jpg 350w, https:\/\/maedchenchor-hannover.de\/wp-content\/uploads\/250322_KopenhagenPigekor_MCH_Konzert-60-480x270.jpg 480w\" sizes=\"(max-width: 1200px) 100vw, 1200px\" \/><\/a><br \/><a href=\"https:\/\/maedchenchor-hannover.de\/wp-content\/uploads\/250322_KopenhagenPigekor_MCH_Konzert-38.jpg\"><img loading=\"lazy\" decoding=\"async\" class=\"aligncenter size-full wp-image-41672\" src=\"https:\/\/maedchenchor-hannover.de\/wp-content\/uploads\/250322_KopenhagenPigekor_MCH_Konzert-38.jpg\" alt=\"\" width=\"1184\" height=\"800\" srcset=\"https:\/\/maedchenchor-hannover.de\/wp-content\/uploads\/250322_KopenhagenPigekor_MCH_Konzert-38.jpg 1184w, https:\/\/maedchenchor-hannover.de\/wp-content\/uploads\/250322_KopenhagenPigekor_MCH_Konzert-38-300x203.jpg 300w, https:\/\/maedchenchor-hannover.de\/wp-content\/uploads\/250322_KopenhagenPigekor_MCH_Konzert-38-1024x692.jpg 1024w, https:\/\/maedchenchor-hannover.de\/wp-content\/uploads\/250322_KopenhagenPigekor_MCH_Konzert-38-150x101.jpg 150w, https:\/\/maedchenchor-hannover.de\/wp-content\/uploads\/250322_KopenhagenPigekor_MCH_Konzert-38-768x519.jpg 768w, https:\/\/maedchenchor-hannover.de\/wp-content\/uploads\/250322_KopenhagenPigekor_MCH_Konzert-38-1000x676.jpg 1000w, https:\/\/maedchenchor-hannover.de\/wp-content\/uploads\/250322_KopenhagenPigekor_MCH_Konzert-38-230x155.jpg 230w, https:\/\/maedchenchor-hannover.de\/wp-content\/uploads\/250322_KopenhagenPigekor_MCH_Konzert-38-350x236.jpg 350w, https:\/\/maedchenchor-hannover.de\/wp-content\/uploads\/250322_KopenhagenPigekor_MCH_Konzert-38-480x324.jpg 480w\" sizes=\"(max-width: 1184px) 100vw, 1184px\" \/><br \/><\/a><\/p><p><a href=\"https:\/\/maedchenchor-hannover.de\/wp-content\/uploads\/250322_KopenhagenPigekor_MCH_Konzert-28.jpg\"><img loading=\"lazy\" decoding=\"async\" class=\"aligncenter size-full wp-image-41673\" src=\"https:\/\/maedchenchor-hannover.de\/wp-content\/uploads\/250322_KopenhagenPigekor_MCH_Konzert-28.jpg\" alt=\"\" width=\"1200\" height=\"675\" srcset=\"https:\/\/maedchenchor-hannover.de\/wp-content\/uploads\/250322_KopenhagenPigekor_MCH_Konzert-28.jpg 1200w, https:\/\/maedchenchor-hannover.de\/wp-content\/uploads\/250322_KopenhagenPigekor_MCH_Konzert-28-300x169.jpg 300w, https:\/\/maedchenchor-hannover.de\/wp-content\/uploads\/250322_KopenhagenPigekor_MCH_Konzert-28-1024x576.jpg 1024w, https:\/\/maedchenchor-hannover.de\/wp-content\/uploads\/250322_KopenhagenPigekor_MCH_Konzert-28-150x84.jpg 150w, https:\/\/maedchenchor-hannover.de\/wp-content\/uploads\/250322_KopenhagenPigekor_MCH_Konzert-28-768x432.jpg 768w, https:\/\/maedchenchor-hannover.de\/wp-content\/uploads\/250322_KopenhagenPigekor_MCH_Konzert-28-1000x563.jpg 1000w, https:\/\/maedchenchor-hannover.de\/wp-content\/uploads\/250322_KopenhagenPigekor_MCH_Konzert-28-230x129.jpg 230w, https:\/\/maedchenchor-hannover.de\/wp-content\/uploads\/250322_KopenhagenPigekor_MCH_Konzert-28-350x197.jpg 350w, https:\/\/maedchenchor-hannover.de\/wp-content\/uploads\/250322_KopenhagenPigekor_MCH_Konzert-28-480x270.jpg 480w\" sizes=\"(max-width: 1200px) 100vw, 1200px\" \/><\/a><br \/><a href=\"https:\/\/maedchenchor-hannover.de\/wp-content\/uploads\/250322_KopenhagenPigekor_MCH_Konzert-70.jpg\"><img loading=\"lazy\" decoding=\"async\" class=\"aligncenter size-full wp-image-41674\" src=\"https:\/\/maedchenchor-hannover.de\/wp-content\/uploads\/250322_KopenhagenPigekor_MCH_Konzert-70.jpg\" alt=\"\" width=\"1183\" height=\"800\" srcset=\"https:\/\/maedchenchor-hannover.de\/wp-content\/uploads\/250322_KopenhagenPigekor_MCH_Konzert-70.jpg 1183w, https:\/\/maedchenchor-hannover.de\/wp-content\/uploads\/250322_KopenhagenPigekor_MCH_Konzert-70-300x203.jpg 300w, https:\/\/maedchenchor-hannover.de\/wp-content\/uploads\/250322_KopenhagenPigekor_MCH_Konzert-70-1024x692.jpg 1024w, https:\/\/maedchenchor-hannover.de\/wp-content\/uploads\/250322_KopenhagenPigekor_MCH_Konzert-70-150x101.jpg 150w, https:\/\/maedchenchor-hannover.de\/wp-content\/uploads\/250322_KopenhagenPigekor_MCH_Konzert-70-768x519.jpg 768w, https:\/\/maedchenchor-hannover.de\/wp-content\/uploads\/250322_KopenhagenPigekor_MCH_Konzert-70-1000x676.jpg 1000w, https:\/\/maedchenchor-hannover.de\/wp-content\/uploads\/250322_KopenhagenPigekor_MCH_Konzert-70-230x156.jpg 230w, https:\/\/maedchenchor-hannover.de\/wp-content\/uploads\/250322_KopenhagenPigekor_MCH_Konzert-70-350x237.jpg 350w, https:\/\/maedchenchor-hannover.de\/wp-content\/uploads\/250322_KopenhagenPigekor_MCH_Konzert-70-480x325.jpg 480w\" sizes=\"(max-width: 1183px) 100vw, 1183px\" \/><\/a><br \/><a href=\"https:\/\/maedchenchor-hannover.de\/wp-content\/uploads\/250322_KopenhagenPigekor_MCH_Konzert-35.jpg\"><img loading=\"lazy\" decoding=\"async\" class=\"aligncenter size-full wp-image-41675\" src=\"https:\/\/maedchenchor-hannover.de\/wp-content\/uploads\/250322_KopenhagenPigekor_MCH_Konzert-35.jpg\" alt=\"\" width=\"1200\" height=\"675\" srcset=\"https:\/\/maedchenchor-hannover.de\/wp-content\/uploads\/250322_KopenhagenPigekor_MCH_Konzert-35.jpg 1200w, https:\/\/maedchenchor-hannover.de\/wp-content\/uploads\/250322_KopenhagenPigekor_MCH_Konzert-35-300x169.jpg 300w, https:\/\/maedchenchor-hannover.de\/wp-content\/uploads\/250322_KopenhagenPigekor_MCH_Konzert-35-1024x576.jpg 1024w, https:\/\/maedchenchor-hannover.de\/wp-content\/uploads\/250322_KopenhagenPigekor_MCH_Konzert-35-150x84.jpg 150w, https:\/\/maedchenchor-hannover.de\/wp-content\/uploads\/250322_KopenhagenPigekor_MCH_Konzert-35-768x432.jpg 768w, https:\/\/maedchenchor-hannover.de\/wp-content\/uploads\/250322_KopenhagenPigekor_MCH_Konzert-35-1000x563.jpg 1000w, https:\/\/maedchenchor-hannover.de\/wp-content\/uploads\/250322_KopenhagenPigekor_MCH_Konzert-35-230x129.jpg 230w, https:\/\/maedchenchor-hannover.de\/wp-content\/uploads\/250322_KopenhagenPigekor_MCH_Konzert-35-350x197.jpg 350w, https:\/\/maedchenchor-hannover.de\/wp-content\/uploads\/250322_KopenhagenPigekor_MCH_Konzert-35-480x270.jpg 480w\" sizes=\"(max-width: 1200px) 100vw, 1200px\" \/><\/a><br \/><a href=\"https:\/\/maedchenchor-hannover.de\/wp-content\/uploads\/250322_KopenhagenPigekor_MCH_Konzert-66.jpg\"><img loading=\"lazy\" decoding=\"async\" class=\"aligncenter size-full wp-image-41668\" src=\"https:\/\/maedchenchor-hannover.de\/wp-content\/uploads\/250322_KopenhagenPigekor_MCH_Konzert-66.jpg\" alt=\"\" width=\"1184\" height=\"800\" srcset=\"https:\/\/maedchenchor-hannover.de\/wp-content\/uploads\/250322_KopenhagenPigekor_MCH_Konzert-66.jpg 1184w, https:\/\/maedchenchor-hannover.de\/wp-content\/uploads\/250322_KopenhagenPigekor_MCH_Konzert-66-300x203.jpg 300w, https:\/\/maedchenchor-hannover.de\/wp-content\/uploads\/250322_KopenhagenPigekor_MCH_Konzert-66-1024x692.jpg 1024w, https:\/\/maedchenchor-hannover.de\/wp-content\/uploads\/250322_KopenhagenPigekor_MCH_Konzert-66-150x101.jpg 150w, https:\/\/maedchenchor-hannover.de\/wp-content\/uploads\/250322_KopenhagenPigekor_MCH_Konzert-66-768x519.jpg 768w, https:\/\/maedchenchor-hannover.de\/wp-content\/uploads\/250322_KopenhagenPigekor_MCH_Konzert-66-1000x676.jpg 1000w, https:\/\/maedchenchor-hannover.de\/wp-content\/uploads\/250322_KopenhagenPigekor_MCH_Konzert-66-230x155.jpg 230w, https:\/\/maedchenchor-hannover.de\/wp-content\/uploads\/250322_KopenhagenPigekor_MCH_Konzert-66-350x236.jpg 350w, https:\/\/maedchenchor-hannover.de\/wp-content\/uploads\/250322_KopenhagenPigekor_MCH_Konzert-66-480x324.jpg 480w\" sizes=\"(max-width: 1184px) 100vw, 1184px\" \/><\/a><br \/><a href=\"https:\/\/maedchenchor-hannover.de\/wp-content\/uploads\/250322_KopenhagenPigekor_MCH_Konzert-63.jpg\"><img loading=\"lazy\" decoding=\"async\" class=\"aligncenter size-full wp-image-41667\" src=\"https:\/\/maedchenchor-hannover.de\/wp-content\/uploads\/250322_KopenhagenPigekor_MCH_Konzert-63.jpg\" alt=\"\" width=\"1200\" height=\"675\" srcset=\"https:\/\/maedchenchor-hannover.de\/wp-content\/uploads\/250322_KopenhagenPigekor_MCH_Konzert-63.jpg 1200w, https:\/\/maedchenchor-hannover.de\/wp-content\/uploads\/250322_KopenhagenPigekor_MCH_Konzert-63-300x169.jpg 300w, https:\/\/maedchenchor-hannover.de\/wp-content\/uploads\/250322_KopenhagenPigekor_MCH_Konzert-63-1024x576.jpg 1024w, https:\/\/maedchenchor-hannover.de\/wp-content\/uploads\/250322_KopenhagenPigekor_MCH_Konzert-63-150x84.jpg 150w, https:\/\/maedchenchor-hannover.de\/wp-content\/uploads\/250322_KopenhagenPigekor_MCH_Konzert-63-768x432.jpg 768w, https:\/\/maedchenchor-hannover.de\/wp-content\/uploads\/250322_KopenhagenPigekor_MCH_Konzert-63-1000x563.jpg 1000w, https:\/\/maedchenchor-hannover.de\/wp-content\/uploads\/250322_KopenhagenPigekor_MCH_Konzert-63-230x129.jpg 230w, https:\/\/maedchenchor-hannover.de\/wp-content\/uploads\/250322_KopenhagenPigekor_MCH_Konzert-63-350x197.jpg 350w, https:\/\/maedchenchor-hannover.de\/wp-content\/uploads\/250322_KopenhagenPigekor_MCH_Konzert-63-480x270.jpg 480w\" sizes=\"(max-width: 1200px) 100vw, 1200px\" \/><\/a><br \/><a href=\"https:\/\/maedchenchor-hannover.de\/wp-content\/uploads\/250322_KopenhagenPigekor_MCH_Konzert-65.jpg\"><img loading=\"lazy\" decoding=\"async\" class=\"aligncenter size-full wp-image-41666\" src=\"https:\/\/maedchenchor-hannover.de\/wp-content\/uploads\/250322_KopenhagenPigekor_MCH_Konzert-65.jpg\" alt=\"\" width=\"1200\" height=\"675\" srcset=\"https:\/\/maedchenchor-hannover.de\/wp-content\/uploads\/250322_KopenhagenPigekor_MCH_Konzert-65.jpg 1200w, https:\/\/maedchenchor-hannover.de\/wp-content\/uploads\/250322_KopenhagenPigekor_MCH_Konzert-65-300x169.jpg 300w, https:\/\/maedchenchor-hannover.de\/wp-content\/uploads\/250322_KopenhagenPigekor_MCH_Konzert-65-1024x576.jpg 1024w, https:\/\/maedchenchor-hannover.de\/wp-content\/uploads\/250322_KopenhagenPigekor_MCH_Konzert-65-150x84.jpg 150w, https:\/\/maedchenchor-hannover.de\/wp-content\/uploads\/250322_KopenhagenPigekor_MCH_Konzert-65-768x432.jpg 768w, https:\/\/maedchenchor-hannover.de\/wp-content\/uploads\/250322_KopenhagenPigekor_MCH_Konzert-65-1000x563.jpg 1000w, https:\/\/maedchenchor-hannover.de\/wp-content\/uploads\/250322_KopenhagenPigekor_MCH_Konzert-65-230x129.jpg 230w, https:\/\/maedchenchor-hannover.de\/wp-content\/uploads\/250322_KopenhagenPigekor_MCH_Konzert-65-350x197.jpg 350w, https:\/\/maedchenchor-hannover.de\/wp-content\/uploads\/250322_KopenhagenPigekor_MCH_Konzert-65-480x270.jpg 480w\" sizes=\"(max-width: 1200px) 100vw, 1200px\" \/><\/a><\/p><\/div>\n\t\t\t\t<\/div>\n\t\t\t\t\t\t\t\t<\/div>\n\t\t\t\t\t\t<\/div>\n\t\t\t\t<\/div>\n\t\t\t\t\t<\/div>\n\t\t<\/div>\n\t\t\t\t\t<\/div>\n\t\t<\/section>\n\t\t\t\t<\/div>\n\t\t","protected":false},"excerpt":{"rendered":"<p>Vivaldi mit Kopenhagen und KonzertchorSt. Annae Pigekor, Concerto Copenhagen\u00a0 und [&hellip;]<\/p>\n","protected":false},"author":1,"featured_media":0,"comment_status":"closed","ping_status":"closed","sticky":false,"template":"","format":"standard","meta":{"footnotes":""},"categories":[2],"tags":[],"class_list":["post-41775","post","type-post","status-publish","format-standard","hentry","category-news"],"_links":{"self":[{"href":"https:\/\/maedchenchor-hannover.de\/index.php?rest_route=\/wp\/v2\/posts\/41775","targetHints":{"allow":["GET"]}}],"collection":[{"href":"https:\/\/maedchenchor-hannover.de\/index.php?rest_route=\/wp\/v2\/posts"}],"about":[{"href":"https:\/\/maedchenchor-hannover.de\/index.php?rest_route=\/wp\/v2\/types\/post"}],"author":[{"embeddable":true,"href":"https:\/\/maedchenchor-hannover.de\/index.php?rest_route=\/wp\/v2\/users\/1"}],"replies":[{"embeddable":true,"href":"https:\/\/maedchenchor-hannover.de\/index.php?rest_route=%2Fwp%2Fv2%2Fcomments&post=41775"}],"version-history":[{"count":7,"href":"https:\/\/maedchenchor-hannover.de\/index.php?rest_route=\/wp\/v2\/posts\/41775\/revisions"}],"predecessor-version":[{"id":41792,"href":"https:\/\/maedchenchor-hannover.de\/index.php?rest_route=\/wp\/v2\/posts\/41775\/revisions\/41792"}],"wp:attachment":[{"href":"https:\/\/maedchenchor-hannover.de\/index.php?rest_route=%2Fwp%2Fv2%2Fmedia&parent=41775"}],"wp:term":[{"taxonomy":"category","embeddable":true,"href":"https:\/\/maedchenchor-hannover.de\/index.php?rest_route=%2Fwp%2Fv2%2Fcategories&post=41775"},{"taxonomy":"post_tag","embeddable":true,"href":"https:\/\/maedchenchor-hannover.de\/index.php?rest_route=%2Fwp%2Fv2%2Ftags&post=41775"}],"curies":[{"name":"wp","href":"https:\/\/api.w.org\/{rel}","templated":true}]}}