{"id":41008,"date":"2024-12-17T08:00:35","date_gmt":"2024-12-17T07:00:35","guid":{"rendered":"https:\/\/maedchenchor-hannover.de\/?p=41008"},"modified":"2024-12-17T11:28:47","modified_gmt":"2024-12-17T10:28:47","slug":"sommerkonzert-mit-urauffuehrung-3","status":"publish","type":"post","link":"https:\/\/maedchenchor-hannover.de\/?p=41008","title":{"rendered":"Weihnachtliche Klangvielfalt ber\u00fchrt im Wendland"},"content":{"rendered":"\t\t<div data-elementor-type=\"wp-post\" data-elementor-id=\"41008\" class=\"elementor elementor-41008\">\n\t\t\t\t\t\t<section class=\"elementor-section elementor-top-section elementor-element elementor-element-1ca9e61c elementor-section-boxed elementor-section-height-default elementor-section-height-default\" data-id=\"1ca9e61c\" data-element_type=\"section\" data-e-type=\"section\">\n\t\t\t\t\t\t<div class=\"elementor-container elementor-column-gap-default\">\n\t\t\t\t\t<div class=\"elementor-column elementor-col-100 elementor-top-column elementor-element elementor-element-db7be21\" data-id=\"db7be21\" data-element_type=\"column\" data-e-type=\"column\">\n\t\t\t<div class=\"elementor-widget-wrap elementor-element-populated\">\n\t\t\t\t\t\t<div class=\"elementor-element elementor-element-f1195e5 elementor-widget elementor-widget-text-editor\" data-id=\"f1195e5\" data-element_type=\"widget\" data-e-type=\"widget\" data-widget_type=\"text-editor.default\">\n\t\t\t\t<div class=\"elementor-widget-container\">\n\t\t\t\t\t\t\t\t\t<p style=\"text-align: left;\">Weihnachtliche Klangvielfalt ber\u00fchrt im Wendland<br \/><span style=\"font-size: 70%; font-weight: 500; padding-top: 10px;\">M\u00e4dchenchor zu Gast in Dannenberg<\/span><br \/><span style=\"font-size: 40%; font-weight: 500;\">Ver\u00f6ffentlicht: 27.12.2024<\/span><\/p>\t\t\t\t\t\t\t\t<\/div>\n\t\t\t\t<\/div>\n\t\t\t\t\t<\/div>\n\t\t<\/div>\n\t\t\t\t\t<\/div>\n\t\t<\/section>\n\t\t\t\t<section class=\"elementor-section elementor-top-section elementor-element elementor-element-1905b6e2 elementor-section-boxed elementor-section-height-default elementor-section-height-default\" data-id=\"1905b6e2\" data-element_type=\"section\" data-e-type=\"section\" data-settings=\"{&quot;background_background&quot;:&quot;classic&quot;}\">\n\t\t\t\t\t\t<div class=\"elementor-container elementor-column-gap-default\">\n\t\t\t\t\t<div class=\"elementor-column elementor-col-100 elementor-top-column elementor-element elementor-element-53ace9f2\" data-id=\"53ace9f2\" data-element_type=\"column\" data-e-type=\"column\">\n\t\t\t<div class=\"elementor-widget-wrap elementor-element-populated\">\n\t\t\t\t\t\t<div class=\"elementor-element elementor-element-513286e4 elementor-widget elementor-widget-image\" data-id=\"513286e4\" data-element_type=\"widget\" data-e-type=\"widget\" data-widget_type=\"image.default\">\n\t\t\t\t<div class=\"elementor-widget-container\">\n\t\t\t\t\t\t\t\t\t\t\t\t<figure class=\"wp-caption\">\n\t\t\t\t\t\t\t\t\t\t\t<a href=\"https:\/\/maedchenchor-hannover.de\/wp-content\/uploads\/241214_DannenbergkonzertMCH_c_MCH-1.jpg\" data-elementor-open-lightbox=\"yes\" data-elementor-lightbox-title=\"241214_DannenbergkonzertMCH_c_MCH (1)\" data-e-action-hash=\"#elementor-action%3Aaction%3Dlightbox%26settings%3DeyJpZCI6NDEwMDIsInVybCI6Imh0dHBzOlwvXC9tYWVkY2hlbmNob3ItaGFubm92ZXIuZGVcL3dwLWNvbnRlbnRcL3VwbG9hZHNcLzI0MTIxNF9EYW5uZW5iZXJna29uemVydE1DSF9jX01DSC0xLmpwZyJ9\">\n\t\t\t\t\t\t\t<img fetchpriority=\"high\" decoding=\"async\" width=\"1024\" height=\"576\" src=\"https:\/\/maedchenchor-hannover.de\/wp-content\/uploads\/241214_DannenbergkonzertMCH_c_MCH-1-1024x576.jpg\" class=\"attachment-large size-large wp-image-41002\" alt=\"\" srcset=\"https:\/\/maedchenchor-hannover.de\/wp-content\/uploads\/241214_DannenbergkonzertMCH_c_MCH-1-1024x576.jpg 1024w, https:\/\/maedchenchor-hannover.de\/wp-content\/uploads\/241214_DannenbergkonzertMCH_c_MCH-1-300x169.jpg 300w, https:\/\/maedchenchor-hannover.de\/wp-content\/uploads\/241214_DannenbergkonzertMCH_c_MCH-1-150x84.jpg 150w, https:\/\/maedchenchor-hannover.de\/wp-content\/uploads\/241214_DannenbergkonzertMCH_c_MCH-1-768x432.jpg 768w, https:\/\/maedchenchor-hannover.de\/wp-content\/uploads\/241214_DannenbergkonzertMCH_c_MCH-1-1000x563.jpg 1000w, https:\/\/maedchenchor-hannover.de\/wp-content\/uploads\/241214_DannenbergkonzertMCH_c_MCH-1-230x129.jpg 230w, https:\/\/maedchenchor-hannover.de\/wp-content\/uploads\/241214_DannenbergkonzertMCH_c_MCH-1-350x197.jpg 350w, https:\/\/maedchenchor-hannover.de\/wp-content\/uploads\/241214_DannenbergkonzertMCH_c_MCH-1-480x270.jpg 480w, https:\/\/maedchenchor-hannover.de\/wp-content\/uploads\/241214_DannenbergkonzertMCH_c_MCH-1.jpg 1511w\" sizes=\"(max-width: 1024px) 100vw, 1024px\" \/>\t\t\t\t\t\t\t\t<\/a>\n\t\t\t\t\t\t\t\t\t\t\t<figcaption class=\"widget-image-caption wp-caption-text\">M\u00e4dchenchor Hannover, Cornelia Schott (Harfe), 14.12.24 (Foto: MCH)<\/figcaption>\n\t\t\t\t\t\t\t\t\t\t<\/figure>\n\t\t\t\t\t\t\t\t\t<\/div>\n\t\t\t\t<\/div>\n\t\t\t\t\t<\/div>\n\t\t<\/div>\n\t\t\t\t\t<\/div>\n\t\t<\/section>\n\t\t\t\t<section class=\"elementor-section elementor-top-section elementor-element elementor-element-61f99ec4 elementor-section-full_width elementor-section-height-default elementor-section-height-default\" data-id=\"61f99ec4\" data-element_type=\"section\" data-e-type=\"section\" data-settings=\"{&quot;background_background&quot;:&quot;classic&quot;}\">\n\t\t\t\t\t\t<div class=\"elementor-container elementor-column-gap-default\">\n\t\t\t\t\t<div class=\"elementor-column elementor-col-33 elementor-top-column elementor-element elementor-element-181ea3b2\" data-id=\"181ea3b2\" data-element_type=\"column\" data-e-type=\"column\">\n\t\t\t<div class=\"elementor-widget-wrap elementor-element-populated\">\n\t\t\t\t\t\t<div class=\"elementor-element elementor-element-7df46c0a elementor-widget elementor-widget-text-editor\" data-id=\"7df46c0a\" data-element_type=\"widget\" data-e-type=\"widget\" data-widget_type=\"text-editor.default\">\n\t\t\t\t<div class=\"elementor-widget-container\">\n\t\t\t\t\t\t\t\t\t<p><strong>Dannenberg. <\/strong>Seoul und Stuttgart, Chicago oder Peking &#8211; kaum eine Stadt, kaum ein Land, das der M\u00e4dchenchor Hannover nicht erfahren oder ersungen h\u00e4tte. In diese Reihe von\u00a0 Konzertst\u00e4tten\u00a0 geh\u00f6rt nun auch <strong>Dannenberg<\/strong>, weit \u00f6stlich in Niedersachsen gelegen, zwischen Elbe und Jeetzel, ein St\u00e4dtetupfer mit pittoresker Innenstadt, mit Waldemarturm und St. Johanniskirche. Und einem ebenso versierten wie interessierten Publikum, das, allen genannten Konzertorten gleich, wie selbstverst\u00e4ndlich Kunst und Kultur in ihre Stadt l\u00e4dt und an diesem Samstag den M\u00e4dchenchor Hannover in ihrer Kirche gastieren lie\u00df.<\/p>\t\t\t\t\t\t\t\t<\/div>\n\t\t\t\t<\/div>\n\t\t\t\t\t<\/div>\n\t\t<\/div>\n\t\t\t\t<div class=\"elementor-column elementor-col-66 elementor-top-column elementor-element elementor-element-6f3cd40b\" data-id=\"6f3cd40b\" data-element_type=\"column\" data-e-type=\"column\">\n\t\t\t<div class=\"elementor-widget-wrap elementor-element-populated\">\n\t\t\t\t\t\t<div class=\"elementor-element elementor-element-4143ea0f elementor-widget__width-initial elementor-widget elementor-widget-text-editor\" data-id=\"4143ea0f\" data-element_type=\"widget\" data-e-type=\"widget\" data-widget_type=\"text-editor.default\">\n\t\t\t\t<div class=\"elementor-widget-container\">\n\t\t\t\t\t\t\t\t\t<p>Und der M\u00e4dchenchor, geehrt,\u00a0 kam gerne in die Stadt im Wendland. Mit einem einf\u00fchlsam vorgetragenen Weihnachstkonzert unter Leitung von Andras Felber, mit einer gl\u00e4nzend aufgelegten Cornelia Schott an der Harfe\u00a0 bei Brittens <em>A Ceremony of Carols<\/em>, und mit glasklar schwingenden Soli von M\u00e4dchenchors\u00e4ngerinnen Ida Harms, Vivien Hanel, Johanna Barth und Clara Prinz. Eine ganze Bandbreite weiterer Weihnachtslieder, vom Mittelalter bis in die Moderne, entf\u00fchrte das\u00a0 hochkonzentriert lauschende Publikum auf eine klangliche Adventsreise, der am Ende\u00a0 langer Beifall beschieden wurde.\u00a0<\/p>\t\t\t\t\t\t\t\t<\/div>\n\t\t\t\t<\/div>\n\t\t\t\t\t<\/div>\n\t\t<\/div>\n\t\t\t\t\t<\/div>\n\t\t<\/section>\n\t\t\t\t<section class=\"elementor-section elementor-top-section elementor-element elementor-element-3b80bab3 elementor-section-boxed elementor-section-height-default elementor-section-height-default\" data-id=\"3b80bab3\" data-element_type=\"section\" data-e-type=\"section\">\n\t\t\t\t\t\t<div class=\"elementor-container elementor-column-gap-default\">\n\t\t\t\t\t<div class=\"elementor-column elementor-col-100 elementor-top-column elementor-element elementor-element-508f382b\" data-id=\"508f382b\" data-element_type=\"column\" data-e-type=\"column\">\n\t\t\t<div class=\"elementor-widget-wrap elementor-element-populated\">\n\t\t\t\t\t\t<div class=\"elementor-element elementor-element-6c0ee0f7 elementor-widget elementor-widget-toggle\" data-id=\"6c0ee0f7\" data-element_type=\"widget\" data-e-type=\"widget\" data-widget_type=\"toggle.default\">\n\t\t\t\t<div class=\"elementor-widget-container\">\n\t\t\t\t\t\t\t<div class=\"elementor-toggle\">\n\t\t\t\t\t\t\t<div class=\"elementor-toggle-item\">\n\t\t\t\t\t<div id=\"elementor-tab-title-1811\" class=\"elementor-tab-title\" data-tab=\"1\" role=\"button\" aria-controls=\"elementor-tab-content-1811\" aria-expanded=\"false\">\n\t\t\t\t\t\t\t\t\t\t\t\t<span class=\"elementor-toggle-icon elementor-toggle-icon-left\" aria-hidden=\"true\">\n\t\t\t\t\t\t\t\t\t\t\t\t\t\t\t<span class=\"elementor-toggle-icon-closed\"><i class=\"fas fa-caret-right\"><\/i><\/span>\n\t\t\t\t\t\t\t\t<span class=\"elementor-toggle-icon-opened\"><i class=\"elementor-toggle-icon-opened fas fa-caret-up\"><\/i><\/span>\n\t\t\t\t\t\t\t\t\t\t\t\t\t<\/span>\n\t\t\t\t\t\t\t\t\t\t\t\t<a class=\"elementor-toggle-title\" tabindex=\"0\">Fotos <\/a>\n\t\t\t\t\t<\/div>\n\n\t\t\t\t\t<div id=\"elementor-tab-content-1811\" class=\"elementor-tab-content elementor-clearfix\" data-tab=\"1\" role=\"region\" aria-labelledby=\"elementor-tab-title-1811\"><p>Alle Fotos: <strong>MCH<\/strong><\/p><p><a href=\"https:\/\/maedchenchor-hannover.de\/wp-content\/uploads\/241214_DannenbergkonzertMCH_c_MCH-5.jpg\"><img decoding=\"async\" class=\"aligncenter wp-image-41006 size-full\" src=\"https:\/\/maedchenchor-hannover.de\/wp-content\/uploads\/241214_DannenbergkonzertMCH_c_MCH-5.jpg\" alt=\"\" width=\"1204\" height=\"2142\" srcset=\"https:\/\/maedchenchor-hannover.de\/wp-content\/uploads\/241214_DannenbergkonzertMCH_c_MCH-5.jpg 1204w, https:\/\/maedchenchor-hannover.de\/wp-content\/uploads\/241214_DannenbergkonzertMCH_c_MCH-5-169x300.jpg 169w, https:\/\/maedchenchor-hannover.de\/wp-content\/uploads\/241214_DannenbergkonzertMCH_c_MCH-5-576x1024.jpg 576w, https:\/\/maedchenchor-hannover.de\/wp-content\/uploads\/241214_DannenbergkonzertMCH_c_MCH-5-84x150.jpg 84w, https:\/\/maedchenchor-hannover.de\/wp-content\/uploads\/241214_DannenbergkonzertMCH_c_MCH-5-768x1366.jpg 768w, https:\/\/maedchenchor-hannover.de\/wp-content\/uploads\/241214_DannenbergkonzertMCH_c_MCH-5-863x1536.jpg 863w, https:\/\/maedchenchor-hannover.de\/wp-content\/uploads\/241214_DannenbergkonzertMCH_c_MCH-5-1151x2048.jpg 1151w, https:\/\/maedchenchor-hannover.de\/wp-content\/uploads\/241214_DannenbergkonzertMCH_c_MCH-5-1000x1779.jpg 1000w, https:\/\/maedchenchor-hannover.de\/wp-content\/uploads\/241214_DannenbergkonzertMCH_c_MCH-5-230x409.jpg 230w, https:\/\/maedchenchor-hannover.de\/wp-content\/uploads\/241214_DannenbergkonzertMCH_c_MCH-5-350x623.jpg 350w, https:\/\/maedchenchor-hannover.de\/wp-content\/uploads\/241214_DannenbergkonzertMCH_c_MCH-5-480x854.jpg 480w\" sizes=\"(max-width: 1204px) 100vw, 1204px\" \/><\/a><\/p><p><a href=\"https:\/\/maedchenchor-hannover.de\/wp-content\/uploads\/241214_DannenbergkonzertMCH_c_MCH-6.jpg\"><img decoding=\"async\" class=\"aligncenter wp-image-41007 size-full\" src=\"https:\/\/maedchenchor-hannover.de\/wp-content\/uploads\/241214_DannenbergkonzertMCH_c_MCH-6.jpg\" alt=\"\" width=\"2140\" height=\"1204\" srcset=\"https:\/\/maedchenchor-hannover.de\/wp-content\/uploads\/241214_DannenbergkonzertMCH_c_MCH-6.jpg 2140w, https:\/\/maedchenchor-hannover.de\/wp-content\/uploads\/241214_DannenbergkonzertMCH_c_MCH-6-300x169.jpg 300w, https:\/\/maedchenchor-hannover.de\/wp-content\/uploads\/241214_DannenbergkonzertMCH_c_MCH-6-1024x576.jpg 1024w, https:\/\/maedchenchor-hannover.de\/wp-content\/uploads\/241214_DannenbergkonzertMCH_c_MCH-6-150x84.jpg 150w, https:\/\/maedchenchor-hannover.de\/wp-content\/uploads\/241214_DannenbergkonzertMCH_c_MCH-6-768x432.jpg 768w, https:\/\/maedchenchor-hannover.de\/wp-content\/uploads\/241214_DannenbergkonzertMCH_c_MCH-6-1536x864.jpg 1536w, https:\/\/maedchenchor-hannover.de\/wp-content\/uploads\/241214_DannenbergkonzertMCH_c_MCH-6-2048x1152.jpg 2048w, https:\/\/maedchenchor-hannover.de\/wp-content\/uploads\/241214_DannenbergkonzertMCH_c_MCH-6-1000x563.jpg 1000w, https:\/\/maedchenchor-hannover.de\/wp-content\/uploads\/241214_DannenbergkonzertMCH_c_MCH-6-230x129.jpg 230w, https:\/\/maedchenchor-hannover.de\/wp-content\/uploads\/241214_DannenbergkonzertMCH_c_MCH-6-350x197.jpg 350w, https:\/\/maedchenchor-hannover.de\/wp-content\/uploads\/241214_DannenbergkonzertMCH_c_MCH-6-480x270.jpg 480w\" sizes=\"(max-width: 2140px) 100vw, 2140px\" \/><\/a><\/p><p><a href=\"https:\/\/maedchenchor-hannover.de\/wp-content\/uploads\/241214_DannenbergkonzertMCH_c_MCH-3.jpg\"><img loading=\"lazy\" decoding=\"async\" class=\"aligncenter wp-image-41004 size-full\" src=\"https:\/\/maedchenchor-hannover.de\/wp-content\/uploads\/241214_DannenbergkonzertMCH_c_MCH-3.jpg\" alt=\"\" width=\"2140\" height=\"1204\" srcset=\"https:\/\/maedchenchor-hannover.de\/wp-content\/uploads\/241214_DannenbergkonzertMCH_c_MCH-3.jpg 2140w, https:\/\/maedchenchor-hannover.de\/wp-content\/uploads\/241214_DannenbergkonzertMCH_c_MCH-3-300x169.jpg 300w, https:\/\/maedchenchor-hannover.de\/wp-content\/uploads\/241214_DannenbergkonzertMCH_c_MCH-3-1024x576.jpg 1024w, https:\/\/maedchenchor-hannover.de\/wp-content\/uploads\/241214_DannenbergkonzertMCH_c_MCH-3-150x84.jpg 150w, https:\/\/maedchenchor-hannover.de\/wp-content\/uploads\/241214_DannenbergkonzertMCH_c_MCH-3-768x432.jpg 768w, https:\/\/maedchenchor-hannover.de\/wp-content\/uploads\/241214_DannenbergkonzertMCH_c_MCH-3-1536x864.jpg 1536w, https:\/\/maedchenchor-hannover.de\/wp-content\/uploads\/241214_DannenbergkonzertMCH_c_MCH-3-2048x1152.jpg 2048w, https:\/\/maedchenchor-hannover.de\/wp-content\/uploads\/241214_DannenbergkonzertMCH_c_MCH-3-1000x563.jpg 1000w, https:\/\/maedchenchor-hannover.de\/wp-content\/uploads\/241214_DannenbergkonzertMCH_c_MCH-3-230x129.jpg 230w, https:\/\/maedchenchor-hannover.de\/wp-content\/uploads\/241214_DannenbergkonzertMCH_c_MCH-3-350x197.jpg 350w, https:\/\/maedchenchor-hannover.de\/wp-content\/uploads\/241214_DannenbergkonzertMCH_c_MCH-3-480x270.jpg 480w\" sizes=\"(max-width: 2140px) 100vw, 2140px\" \/><\/a><\/p><p><a href=\"https:\/\/maedchenchor-hannover.de\/wp-content\/uploads\/241214_DannenbergkonzertMCH_c_MCH-2.jpg\"><img loading=\"lazy\" decoding=\"async\" class=\"aligncenter wp-image-41003 size-full\" src=\"https:\/\/maedchenchor-hannover.de\/wp-content\/uploads\/241214_DannenbergkonzertMCH_c_MCH-2.jpg\" alt=\"\" width=\"1511\" height=\"850\" srcset=\"https:\/\/maedchenchor-hannover.de\/wp-content\/uploads\/241214_DannenbergkonzertMCH_c_MCH-2.jpg 1511w, https:\/\/maedchenchor-hannover.de\/wp-content\/uploads\/241214_DannenbergkonzertMCH_c_MCH-2-300x169.jpg 300w, https:\/\/maedchenchor-hannover.de\/wp-content\/uploads\/241214_DannenbergkonzertMCH_c_MCH-2-1024x576.jpg 1024w, https:\/\/maedchenchor-hannover.de\/wp-content\/uploads\/241214_DannenbergkonzertMCH_c_MCH-2-150x84.jpg 150w, https:\/\/maedchenchor-hannover.de\/wp-content\/uploads\/241214_DannenbergkonzertMCH_c_MCH-2-768x432.jpg 768w, https:\/\/maedchenchor-hannover.de\/wp-content\/uploads\/241214_DannenbergkonzertMCH_c_MCH-2-1000x563.jpg 1000w, https:\/\/maedchenchor-hannover.de\/wp-content\/uploads\/241214_DannenbergkonzertMCH_c_MCH-2-230x129.jpg 230w, https:\/\/maedchenchor-hannover.de\/wp-content\/uploads\/241214_DannenbergkonzertMCH_c_MCH-2-350x197.jpg 350w, https:\/\/maedchenchor-hannover.de\/wp-content\/uploads\/241214_DannenbergkonzertMCH_c_MCH-2-480x270.jpg 480w\" sizes=\"(max-width: 1511px) 100vw, 1511px\" \/><\/a><\/p><p><a href=\"https:\/\/maedchenchor-hannover.de\/wp-content\/uploads\/241214_DannenbergkonzertMCH_c_MCH-1.jpg\"><img loading=\"lazy\" decoding=\"async\" class=\"aligncenter wp-image-41002 size-full\" src=\"https:\/\/maedchenchor-hannover.de\/wp-content\/uploads\/241214_DannenbergkonzertMCH_c_MCH-1.jpg\" alt=\"\" width=\"1511\" height=\"850\" srcset=\"https:\/\/maedchenchor-hannover.de\/wp-content\/uploads\/241214_DannenbergkonzertMCH_c_MCH-1.jpg 1511w, https:\/\/maedchenchor-hannover.de\/wp-content\/uploads\/241214_DannenbergkonzertMCH_c_MCH-1-300x169.jpg 300w, https:\/\/maedchenchor-hannover.de\/wp-content\/uploads\/241214_DannenbergkonzertMCH_c_MCH-1-1024x576.jpg 1024w, https:\/\/maedchenchor-hannover.de\/wp-content\/uploads\/241214_DannenbergkonzertMCH_c_MCH-1-150x84.jpg 150w, https:\/\/maedchenchor-hannover.de\/wp-content\/uploads\/241214_DannenbergkonzertMCH_c_MCH-1-768x432.jpg 768w, https:\/\/maedchenchor-hannover.de\/wp-content\/uploads\/241214_DannenbergkonzertMCH_c_MCH-1-1000x563.jpg 1000w, https:\/\/maedchenchor-hannover.de\/wp-content\/uploads\/241214_DannenbergkonzertMCH_c_MCH-1-230x129.jpg 230w, https:\/\/maedchenchor-hannover.de\/wp-content\/uploads\/241214_DannenbergkonzertMCH_c_MCH-1-350x197.jpg 350w, https:\/\/maedchenchor-hannover.de\/wp-content\/uploads\/241214_DannenbergkonzertMCH_c_MCH-1-480x270.jpg 480w\" sizes=\"(max-width: 1511px) 100vw, 1511px\" \/><\/a><\/p><\/div>\n\t\t\t\t<\/div>\n\t\t\t\t\t\t\t\t<\/div>\n\t\t\t\t\t\t<\/div>\n\t\t\t\t<\/div>\n\t\t\t\t\t<\/div>\n\t\t<\/div>\n\t\t\t\t\t<\/div>\n\t\t<\/section>\n\t\t\t\t<\/div>\n\t\t","protected":false},"excerpt":{"rendered":"<p>Weihnachtliche Klangvielfalt ber\u00fchrt im WendlandM\u00e4dchenchor zu Gast in DannenbergVer\u00f6ffentlicht: 27.12.2024 [&hellip;]<\/p>\n","protected":false},"author":1,"featured_media":0,"comment_status":"closed","ping_status":"closed","sticky":false,"template":"","format":"standard","meta":{"footnotes":""},"categories":[2],"tags":[],"class_list":["post-41008","post","type-post","status-publish","format-standard","hentry","category-news"],"_links":{"self":[{"href":"https:\/\/maedchenchor-hannover.de\/index.php?rest_route=\/wp\/v2\/posts\/41008","targetHints":{"allow":["GET"]}}],"collection":[{"href":"https:\/\/maedchenchor-hannover.de\/index.php?rest_route=\/wp\/v2\/posts"}],"about":[{"href":"https:\/\/maedchenchor-hannover.de\/index.php?rest_route=\/wp\/v2\/types\/post"}],"author":[{"embeddable":true,"href":"https:\/\/maedchenchor-hannover.de\/index.php?rest_route=\/wp\/v2\/users\/1"}],"replies":[{"embeddable":true,"href":"https:\/\/maedchenchor-hannover.de\/index.php?rest_route=%2Fwp%2Fv2%2Fcomments&post=41008"}],"version-history":[{"count":47,"href":"https:\/\/maedchenchor-hannover.de\/index.php?rest_route=\/wp\/v2\/posts\/41008\/revisions"}],"predecessor-version":[{"id":41072,"href":"https:\/\/maedchenchor-hannover.de\/index.php?rest_route=\/wp\/v2\/posts\/41008\/revisions\/41072"}],"wp:attachment":[{"href":"https:\/\/maedchenchor-hannover.de\/index.php?rest_route=%2Fwp%2Fv2%2Fmedia&parent=41008"}],"wp:term":[{"taxonomy":"category","embeddable":true,"href":"https:\/\/maedchenchor-hannover.de\/index.php?rest_route=%2Fwp%2Fv2%2Fcategories&post=41008"},{"taxonomy":"post_tag","embeddable":true,"href":"https:\/\/maedchenchor-hannover.de\/index.php?rest_route=%2Fwp%2Fv2%2Ftags&post=41008"}],"curies":[{"name":"wp","href":"https:\/\/api.w.org\/{rel}","templated":true}]}}