{"id":39978,"date":"2024-08-26T06:41:50","date_gmt":"2024-08-26T04:41:50","guid":{"rendered":"https:\/\/maedchenchor-hannover.de\/?p=39978"},"modified":"2024-12-17T11:30:46","modified_gmt":"2024-12-17T10:30:46","slug":"sommerkonzert-mit-urauffuehrung","status":"publish","type":"post","link":"https:\/\/maedchenchor-hannover.de\/?p=39978","title":{"rendered":"M\u00e4dchenchor Hannover &#8211; Sommerkonzert mit Urauff\u00fchrung"},"content":{"rendered":"\t\t<div data-elementor-type=\"wp-post\" data-elementor-id=\"39978\" class=\"elementor elementor-39978\">\n\t\t\t\t\t\t<section class=\"elementor-section elementor-top-section elementor-element elementor-element-1ca9e61c elementor-section-boxed elementor-section-height-default elementor-section-height-default\" data-id=\"1ca9e61c\" data-element_type=\"section\" data-e-type=\"section\">\n\t\t\t\t\t\t<div class=\"elementor-container elementor-column-gap-default\">\n\t\t\t\t\t<div class=\"elementor-column elementor-col-100 elementor-top-column elementor-element elementor-element-db7be21\" data-id=\"db7be21\" data-element_type=\"column\" data-e-type=\"column\">\n\t\t\t<div class=\"elementor-widget-wrap elementor-element-populated\">\n\t\t\t\t\t\t<div class=\"elementor-element elementor-element-f1195e5 elementor-widget elementor-widget-text-editor\" data-id=\"f1195e5\" data-element_type=\"widget\" data-e-type=\"widget\" data-widget_type=\"text-editor.default\">\n\t\t\t\t<div class=\"elementor-widget-container\">\n\t\t\t\t\t\t\t\t\t<p style=\"text-align: left;\">Sommerkonzert mit Urauff\u00fchrung<br \/><span style=\"font-size: 70%; font-weight: 500; padding-top: 10px;\">Modernes und Romantisches vor nahe ausverkauftem Haus<\/span><br \/><span style=\"font-size: 40%; font-weight: 500;\">Ver\u00f6ffentlicht: 26.08.2024<\/span><\/p>\t\t\t\t\t\t\t\t<\/div>\n\t\t\t\t<\/div>\n\t\t\t\t\t<\/div>\n\t\t<\/div>\n\t\t\t\t\t<\/div>\n\t\t<\/section>\n\t\t\t\t<section class=\"elementor-section elementor-top-section elementor-element elementor-element-1905b6e2 elementor-section-boxed elementor-section-height-default elementor-section-height-default\" data-id=\"1905b6e2\" data-element_type=\"section\" data-e-type=\"section\" data-settings=\"{&quot;background_background&quot;:&quot;classic&quot;}\">\n\t\t\t\t\t\t<div class=\"elementor-container elementor-column-gap-default\">\n\t\t\t\t\t<div class=\"elementor-column elementor-col-100 elementor-top-column elementor-element elementor-element-53ace9f2\" data-id=\"53ace9f2\" data-element_type=\"column\" data-e-type=\"column\">\n\t\t\t<div class=\"elementor-widget-wrap elementor-element-populated\">\n\t\t\t\t\t\t<div class=\"elementor-element elementor-element-513286e4 elementor-widget elementor-widget-image\" data-id=\"513286e4\" data-element_type=\"widget\" data-e-type=\"widget\" data-widget_type=\"image.default\">\n\t\t\t\t<div class=\"elementor-widget-container\">\n\t\t\t\t\t\t\t\t\t\t\t\t<figure class=\"wp-caption\">\n\t\t\t\t\t\t\t\t\t\t\t<a href=\"https:\/\/maedchenchor-hannover.de\/wp-content\/uploads\/240824_SommerkonzertMCH_c_CP_Schulze-11.jpeg\" data-elementor-open-lightbox=\"yes\" data-elementor-lightbox-title=\"240824_SommerkonzertMCH_c_CP_Schulze (11)\" data-e-action-hash=\"#elementor-action%3Aaction%3Dlightbox%26settings%3DeyJpZCI6Mzk5NjYsInVybCI6Imh0dHBzOlwvXC9tYWVkY2hlbmNob3ItaGFubm92ZXIuZGVcL3dwLWNvbnRlbnRcL3VwbG9hZHNcLzI0MDgyNF9Tb21tZXJrb256ZXJ0TUNIX2NfQ1BfU2NodWx6ZS0xMS5qcGVnIn0%3D\">\n\t\t\t\t\t\t\t<img fetchpriority=\"high\" decoding=\"async\" width=\"1024\" height=\"692\" src=\"https:\/\/maedchenchor-hannover.de\/wp-content\/uploads\/240824_SommerkonzertMCH_c_CP_Schulze-11-1024x692.jpeg\" class=\"attachment-large size-large wp-image-39966\" alt=\"\" srcset=\"https:\/\/maedchenchor-hannover.de\/wp-content\/uploads\/240824_SommerkonzertMCH_c_CP_Schulze-11-1024x692.jpeg 1024w, https:\/\/maedchenchor-hannover.de\/wp-content\/uploads\/240824_SommerkonzertMCH_c_CP_Schulze-11-300x203.jpeg 300w, https:\/\/maedchenchor-hannover.de\/wp-content\/uploads\/240824_SommerkonzertMCH_c_CP_Schulze-11-150x101.jpeg 150w, https:\/\/maedchenchor-hannover.de\/wp-content\/uploads\/240824_SommerkonzertMCH_c_CP_Schulze-11-768x519.jpeg 768w, https:\/\/maedchenchor-hannover.de\/wp-content\/uploads\/240824_SommerkonzertMCH_c_CP_Schulze-11-1536x1037.jpeg 1536w, https:\/\/maedchenchor-hannover.de\/wp-content\/uploads\/240824_SommerkonzertMCH_c_CP_Schulze-11-2048x1383.jpeg 2048w, https:\/\/maedchenchor-hannover.de\/wp-content\/uploads\/240824_SommerkonzertMCH_c_CP_Schulze-11-1000x675.jpeg 1000w, https:\/\/maedchenchor-hannover.de\/wp-content\/uploads\/240824_SommerkonzertMCH_c_CP_Schulze-11-230x155.jpeg 230w, https:\/\/maedchenchor-hannover.de\/wp-content\/uploads\/240824_SommerkonzertMCH_c_CP_Schulze-11-350x236.jpeg 350w, https:\/\/maedchenchor-hannover.de\/wp-content\/uploads\/240824_SommerkonzertMCH_c_CP_Schulze-11-480x324.jpeg 480w\" sizes=\"(max-width: 1024px) 100vw, 1024px\" \/>\t\t\t\t\t\t\t\t<\/a>\n\t\t\t\t\t\t\t\t\t\t\t<figcaption class=\"widget-image-caption wp-caption-text\">M\u00e4dchenchr Hannover, Sommerkonzert am 24.08.24 (Foto: Carsten Peter Schulze)<\/figcaption>\n\t\t\t\t\t\t\t\t\t\t<\/figure>\n\t\t\t\t\t\t\t\t\t<\/div>\n\t\t\t\t<\/div>\n\t\t\t\t\t<\/div>\n\t\t<\/div>\n\t\t\t\t\t<\/div>\n\t\t<\/section>\n\t\t\t\t<section class=\"elementor-section elementor-top-section elementor-element elementor-element-61f99ec4 elementor-section-full_width elementor-section-height-default elementor-section-height-default\" data-id=\"61f99ec4\" data-element_type=\"section\" data-e-type=\"section\" data-settings=\"{&quot;background_background&quot;:&quot;classic&quot;}\">\n\t\t\t\t\t\t<div class=\"elementor-container elementor-column-gap-default\">\n\t\t\t\t\t<div class=\"elementor-column elementor-col-33 elementor-top-column elementor-element elementor-element-181ea3b2\" data-id=\"181ea3b2\" data-element_type=\"column\" data-e-type=\"column\">\n\t\t\t<div class=\"elementor-widget-wrap elementor-element-populated\">\n\t\t\t\t\t\t<div class=\"elementor-element elementor-element-7df46c0a elementor-widget elementor-widget-text-editor\" data-id=\"7df46c0a\" data-element_type=\"widget\" data-e-type=\"widget\" data-widget_type=\"text-editor.default\">\n\t\t\t\t<div class=\"elementor-widget-container\">\n\t\t\t\t\t\t\t\t\t<p><strong>Hannover. <\/strong> Zu Beginn der neuen Saison erlebten das Publikum in der nahe ausverkauften Christuskirche M\u00e4dchenchor-Sommerkonzert mit abwechslungsreichem Programm: Volkslieder, romantische und moderne Chormusik, sowie die Urauff\u00fchrung &#8222;Amanita Preclara&#8220;, explizit f\u00fcr dieses Konzert von Martin Smolka komponiert. Ein kontrastreiches, ein verspieltes St\u00fcck, das durch die Dreiteilung des Chores ein filigranes Klangband der R\u00e4umlichkeit in der gesamten Kirche verbreitete und einen erlebbaren Stereoeffekt schaffte &#8211; das Publikum wurde in den Bann dieser visuell und tonlich gleicherma\u00dfen faszinierenden Darbietung gezogen und dankte mit anhaltendem Zwischenapplaus.<\/p>\t\t\t\t\t\t\t\t<\/div>\n\t\t\t\t<\/div>\n\t\t\t\t\t<\/div>\n\t\t<\/div>\n\t\t\t\t<div class=\"elementor-column elementor-col-66 elementor-top-column elementor-element elementor-element-6f3cd40b\" data-id=\"6f3cd40b\" data-element_type=\"column\" data-e-type=\"column\">\n\t\t\t<div class=\"elementor-widget-wrap elementor-element-populated\">\n\t\t\t\t\t\t<div class=\"elementor-element elementor-element-4143ea0f elementor-widget__width-initial elementor-widget elementor-widget-text-editor\" data-id=\"4143ea0f\" data-element_type=\"widget\" data-e-type=\"widget\" data-widget_type=\"text-editor.default\">\n\t\t\t\t<div class=\"elementor-widget-container\">\n\t\t\t\t\t\t\t\t\tInnehalten w\u00e4hrend diesess Konzertes? Daf\u00fcr eigneten sich deutsche, schweizerische und baskische Volkslieder, die sich\u00a0 durch das Programm verteilten wie kleine Z\u00e4suren, eingeleitet vom wunderbar akzentuierten &#8222;Sch\u00f6nstem Abest\u00e4rn&#8220;, dem das Publikum gebannt in Salomon Jadessohns &#8222;Kein Feuer, keine Kohle&#8220; folgte. Demgegen\u00fcber standen dann temperamentvolle, choreographierte und schwungvolle Lobpreisungen wie \u201eSing Joyfully to God Our Strength\u201c, das \u201eLaudate Dominum\u201c von Hovland oder Orb\u00e1s \u201eMundi renovatio\u201c. <br\/>Dankender Schlussapplaus von einem sichtlich ger\u00fchrten Publikum.\t\t\t\t\t\t\t\t<\/div>\n\t\t\t\t<\/div>\n\t\t\t\t\t<\/div>\n\t\t<\/div>\n\t\t\t\t\t<\/div>\n\t\t<\/section>\n\t\t\t\t<section class=\"elementor-section elementor-top-section elementor-element elementor-element-3b80bab3 elementor-section-boxed elementor-section-height-default elementor-section-height-default\" data-id=\"3b80bab3\" data-element_type=\"section\" data-e-type=\"section\">\n\t\t\t\t\t\t<div class=\"elementor-container elementor-column-gap-default\">\n\t\t\t\t\t<div class=\"elementor-column elementor-col-100 elementor-top-column elementor-element elementor-element-508f382b\" data-id=\"508f382b\" data-element_type=\"column\" data-e-type=\"column\">\n\t\t\t<div class=\"elementor-widget-wrap elementor-element-populated\">\n\t\t\t\t\t\t<div class=\"elementor-element elementor-element-6c0ee0f7 elementor-widget elementor-widget-toggle\" data-id=\"6c0ee0f7\" data-element_type=\"widget\" data-e-type=\"widget\" data-widget_type=\"toggle.default\">\n\t\t\t\t<div class=\"elementor-widget-container\">\n\t\t\t\t\t\t\t<div class=\"elementor-toggle\">\n\t\t\t\t\t\t\t<div class=\"elementor-toggle-item\">\n\t\t\t\t\t<div id=\"elementor-tab-title-1811\" class=\"elementor-tab-title\" data-tab=\"1\" role=\"button\" aria-controls=\"elementor-tab-content-1811\" aria-expanded=\"false\">\n\t\t\t\t\t\t\t\t\t\t\t\t<span class=\"elementor-toggle-icon elementor-toggle-icon-left\" aria-hidden=\"true\">\n\t\t\t\t\t\t\t\t\t\t\t\t\t\t\t<span class=\"elementor-toggle-icon-closed\"><i class=\"fas fa-caret-right\"><\/i><\/span>\n\t\t\t\t\t\t\t\t<span class=\"elementor-toggle-icon-opened\"><i class=\"elementor-toggle-icon-opened fas fa-caret-up\"><\/i><\/span>\n\t\t\t\t\t\t\t\t\t\t\t\t\t<\/span>\n\t\t\t\t\t\t\t\t\t\t\t\t<a class=\"elementor-toggle-title\" tabindex=\"0\">Fotos <\/a>\n\t\t\t\t\t<\/div>\n\n\t\t\t\t\t<div id=\"elementor-tab-content-1811\" class=\"elementor-tab-content elementor-clearfix\" data-tab=\"1\" role=\"region\" aria-labelledby=\"elementor-tab-title-1811\"><p>Alle Fotos: <strong>Carsten Peter Schulze<\/strong><\/p><p><a href=\"https:\/\/maedchenchor-hannover.de\/wp-content\/uploads\/240824_SommerkonzertMCH_c_CP_Schulze-6.jpeg\"><img decoding=\"async\" class=\"aligncenter wp-image-39961 size-full\" src=\"https:\/\/maedchenchor-hannover.de\/wp-content\/uploads\/240824_SommerkonzertMCH_c_CP_Schulze-6.jpeg\" alt=\"\" width=\"2200\" height=\"1486\" srcset=\"https:\/\/maedchenchor-hannover.de\/wp-content\/uploads\/240824_SommerkonzertMCH_c_CP_Schulze-6.jpeg 2200w, https:\/\/maedchenchor-hannover.de\/wp-content\/uploads\/240824_SommerkonzertMCH_c_CP_Schulze-6-300x203.jpeg 300w, https:\/\/maedchenchor-hannover.de\/wp-content\/uploads\/240824_SommerkonzertMCH_c_CP_Schulze-6-1024x692.jpeg 1024w, https:\/\/maedchenchor-hannover.de\/wp-content\/uploads\/240824_SommerkonzertMCH_c_CP_Schulze-6-150x101.jpeg 150w, https:\/\/maedchenchor-hannover.de\/wp-content\/uploads\/240824_SommerkonzertMCH_c_CP_Schulze-6-768x519.jpeg 768w, https:\/\/maedchenchor-hannover.de\/wp-content\/uploads\/240824_SommerkonzertMCH_c_CP_Schulze-6-1536x1037.jpeg 1536w, https:\/\/maedchenchor-hannover.de\/wp-content\/uploads\/240824_SommerkonzertMCH_c_CP_Schulze-6-2048x1383.jpeg 2048w, https:\/\/maedchenchor-hannover.de\/wp-content\/uploads\/240824_SommerkonzertMCH_c_CP_Schulze-6-1000x675.jpeg 1000w, https:\/\/maedchenchor-hannover.de\/wp-content\/uploads\/240824_SommerkonzertMCH_c_CP_Schulze-6-230x155.jpeg 230w, https:\/\/maedchenchor-hannover.de\/wp-content\/uploads\/240824_SommerkonzertMCH_c_CP_Schulze-6-350x236.jpeg 350w, https:\/\/maedchenchor-hannover.de\/wp-content\/uploads\/240824_SommerkonzertMCH_c_CP_Schulze-6-480x324.jpeg 480w\" sizes=\"(max-width: 2200px) 100vw, 2200px\" \/><\/a><\/p><p><a href=\"https:\/\/maedchenchor-hannover.de\/wp-content\/uploads\/240824_SommerkonzertMCH_c_CP_Schulze-10.jpeg\"><img decoding=\"async\" class=\"aligncenter size-full wp-image-39965\" src=\"https:\/\/maedchenchor-hannover.de\/wp-content\/uploads\/240824_SommerkonzertMCH_c_CP_Schulze-10.jpeg\" alt=\"\" width=\"2200\" height=\"1487\" srcset=\"https:\/\/maedchenchor-hannover.de\/wp-content\/uploads\/240824_SommerkonzertMCH_c_CP_Schulze-10.jpeg 2200w, https:\/\/maedchenchor-hannover.de\/wp-content\/uploads\/240824_SommerkonzertMCH_c_CP_Schulze-10-300x203.jpeg 300w, https:\/\/maedchenchor-hannover.de\/wp-content\/uploads\/240824_SommerkonzertMCH_c_CP_Schulze-10-1024x692.jpeg 1024w, https:\/\/maedchenchor-hannover.de\/wp-content\/uploads\/240824_SommerkonzertMCH_c_CP_Schulze-10-150x101.jpeg 150w, https:\/\/maedchenchor-hannover.de\/wp-content\/uploads\/240824_SommerkonzertMCH_c_CP_Schulze-10-768x519.jpeg 768w, https:\/\/maedchenchor-hannover.de\/wp-content\/uploads\/240824_SommerkonzertMCH_c_CP_Schulze-10-1536x1038.jpeg 1536w, https:\/\/maedchenchor-hannover.de\/wp-content\/uploads\/240824_SommerkonzertMCH_c_CP_Schulze-10-2048x1384.jpeg 2048w, https:\/\/maedchenchor-hannover.de\/wp-content\/uploads\/240824_SommerkonzertMCH_c_CP_Schulze-10-1000x676.jpeg 1000w, https:\/\/maedchenchor-hannover.de\/wp-content\/uploads\/240824_SommerkonzertMCH_c_CP_Schulze-10-230x155.jpeg 230w, https:\/\/maedchenchor-hannover.de\/wp-content\/uploads\/240824_SommerkonzertMCH_c_CP_Schulze-10-350x237.jpeg 350w, https:\/\/maedchenchor-hannover.de\/wp-content\/uploads\/240824_SommerkonzertMCH_c_CP_Schulze-10-480x324.jpeg 480w\" sizes=\"(max-width: 2200px) 100vw, 2200px\" \/><\/a><\/p><p><a href=\"https:\/\/maedchenchor-hannover.de\/wp-content\/uploads\/240824_SommerkonzertMCH_c_CP_Schulze-5.jpeg\"><img loading=\"lazy\" decoding=\"async\" class=\"aligncenter size-full wp-image-39960\" src=\"https:\/\/maedchenchor-hannover.de\/wp-content\/uploads\/240824_SommerkonzertMCH_c_CP_Schulze-5.jpeg\" alt=\"\" width=\"2200\" height=\"1487\" srcset=\"https:\/\/maedchenchor-hannover.de\/wp-content\/uploads\/240824_SommerkonzertMCH_c_CP_Schulze-5.jpeg 2200w, https:\/\/maedchenchor-hannover.de\/wp-content\/uploads\/240824_SommerkonzertMCH_c_CP_Schulze-5-300x203.jpeg 300w, https:\/\/maedchenchor-hannover.de\/wp-content\/uploads\/240824_SommerkonzertMCH_c_CP_Schulze-5-1024x692.jpeg 1024w, https:\/\/maedchenchor-hannover.de\/wp-content\/uploads\/240824_SommerkonzertMCH_c_CP_Schulze-5-150x101.jpeg 150w, https:\/\/maedchenchor-hannover.de\/wp-content\/uploads\/240824_SommerkonzertMCH_c_CP_Schulze-5-768x519.jpeg 768w, https:\/\/maedchenchor-hannover.de\/wp-content\/uploads\/240824_SommerkonzertMCH_c_CP_Schulze-5-1536x1038.jpeg 1536w, https:\/\/maedchenchor-hannover.de\/wp-content\/uploads\/240824_SommerkonzertMCH_c_CP_Schulze-5-2048x1384.jpeg 2048w, https:\/\/maedchenchor-hannover.de\/wp-content\/uploads\/240824_SommerkonzertMCH_c_CP_Schulze-5-1000x676.jpeg 1000w, https:\/\/maedchenchor-hannover.de\/wp-content\/uploads\/240824_SommerkonzertMCH_c_CP_Schulze-5-230x155.jpeg 230w, https:\/\/maedchenchor-hannover.de\/wp-content\/uploads\/240824_SommerkonzertMCH_c_CP_Schulze-5-350x237.jpeg 350w, https:\/\/maedchenchor-hannover.de\/wp-content\/uploads\/240824_SommerkonzertMCH_c_CP_Schulze-5-480x324.jpeg 480w\" sizes=\"(max-width: 2200px) 100vw, 2200px\" \/><\/a><\/p><p><a href=\"https:\/\/maedchenchor-hannover.de\/wp-content\/uploads\/240824_SommerkonzertMCH_c_CP_Schulze-12.jpeg\"><img loading=\"lazy\" decoding=\"async\" class=\"aligncenter size-full wp-image-39967\" src=\"https:\/\/maedchenchor-hannover.de\/wp-content\/uploads\/240824_SommerkonzertMCH_c_CP_Schulze-12.jpeg\" alt=\"\" width=\"2200\" height=\"1487\" srcset=\"https:\/\/maedchenchor-hannover.de\/wp-content\/uploads\/240824_SommerkonzertMCH_c_CP_Schulze-12.jpeg 2200w, https:\/\/maedchenchor-hannover.de\/wp-content\/uploads\/240824_SommerkonzertMCH_c_CP_Schulze-12-300x203.jpeg 300w, https:\/\/maedchenchor-hannover.de\/wp-content\/uploads\/240824_SommerkonzertMCH_c_CP_Schulze-12-1024x692.jpeg 1024w, https:\/\/maedchenchor-hannover.de\/wp-content\/uploads\/240824_SommerkonzertMCH_c_CP_Schulze-12-150x101.jpeg 150w, https:\/\/maedchenchor-hannover.de\/wp-content\/uploads\/240824_SommerkonzertMCH_c_CP_Schulze-12-768x519.jpeg 768w, https:\/\/maedchenchor-hannover.de\/wp-content\/uploads\/240824_SommerkonzertMCH_c_CP_Schulze-12-1536x1038.jpeg 1536w, https:\/\/maedchenchor-hannover.de\/wp-content\/uploads\/240824_SommerkonzertMCH_c_CP_Schulze-12-2048x1384.jpeg 2048w, https:\/\/maedchenchor-hannover.de\/wp-content\/uploads\/240824_SommerkonzertMCH_c_CP_Schulze-12-1000x676.jpeg 1000w, https:\/\/maedchenchor-hannover.de\/wp-content\/uploads\/240824_SommerkonzertMCH_c_CP_Schulze-12-230x155.jpeg 230w, https:\/\/maedchenchor-hannover.de\/wp-content\/uploads\/240824_SommerkonzertMCH_c_CP_Schulze-12-350x237.jpeg 350w, https:\/\/maedchenchor-hannover.de\/wp-content\/uploads\/240824_SommerkonzertMCH_c_CP_Schulze-12-480x324.jpeg 480w\" sizes=\"(max-width: 2200px) 100vw, 2200px\" \/><\/a><\/p><figure id=\"attachment_39964\" aria-describedby=\"caption-attachment-39964\" style=\"width: 2200px\" class=\"wp-caption aligncenter\"><a href=\"https:\/\/maedchenchor-hannover.de\/wp-content\/uploads\/240824_SommerkonzertMCH_c_CP_Schulze-9.jpeg\"><img loading=\"lazy\" decoding=\"async\" class=\"wp-image-39964 size-full\" src=\"https:\/\/maedchenchor-hannover.de\/wp-content\/uploads\/240824_SommerkonzertMCH_c_CP_Schulze-9.jpeg\" alt=\"\" width=\"2200\" height=\"1487\" srcset=\"https:\/\/maedchenchor-hannover.de\/wp-content\/uploads\/240824_SommerkonzertMCH_c_CP_Schulze-9.jpeg 2200w, https:\/\/maedchenchor-hannover.de\/wp-content\/uploads\/240824_SommerkonzertMCH_c_CP_Schulze-9-300x203.jpeg 300w, https:\/\/maedchenchor-hannover.de\/wp-content\/uploads\/240824_SommerkonzertMCH_c_CP_Schulze-9-1024x692.jpeg 1024w, https:\/\/maedchenchor-hannover.de\/wp-content\/uploads\/240824_SommerkonzertMCH_c_CP_Schulze-9-150x101.jpeg 150w, https:\/\/maedchenchor-hannover.de\/wp-content\/uploads\/240824_SommerkonzertMCH_c_CP_Schulze-9-768x519.jpeg 768w, https:\/\/maedchenchor-hannover.de\/wp-content\/uploads\/240824_SommerkonzertMCH_c_CP_Schulze-9-1536x1038.jpeg 1536w, https:\/\/maedchenchor-hannover.de\/wp-content\/uploads\/240824_SommerkonzertMCH_c_CP_Schulze-9-2048x1384.jpeg 2048w, https:\/\/maedchenchor-hannover.de\/wp-content\/uploads\/240824_SommerkonzertMCH_c_CP_Schulze-9-1000x676.jpeg 1000w, https:\/\/maedchenchor-hannover.de\/wp-content\/uploads\/240824_SommerkonzertMCH_c_CP_Schulze-9-230x155.jpeg 230w, https:\/\/maedchenchor-hannover.de\/wp-content\/uploads\/240824_SommerkonzertMCH_c_CP_Schulze-9-350x237.jpeg 350w, https:\/\/maedchenchor-hannover.de\/wp-content\/uploads\/240824_SommerkonzertMCH_c_CP_Schulze-9-480x324.jpeg 480w\" sizes=\"(max-width: 2200px) 100vw, 2200px\" \/><\/a><figcaption id=\"caption-attachment-39964\" class=\"wp-caption-text\">Komponist Martin Smolka dankt dem M\u00e4dchenchor nach der Urauff\u00fchrung seines Werkes &#8222;Amanita Preclara&#8220;<\/figcaption><\/figure><\/div>\n\t\t\t\t<\/div>\n\t\t\t\t\t\t\t<div class=\"elementor-toggle-item\">\n\t\t\t\t\t<div id=\"elementor-tab-title-1812\" class=\"elementor-tab-title\" data-tab=\"2\" role=\"button\" aria-controls=\"elementor-tab-content-1812\" aria-expanded=\"false\">\n\t\t\t\t\t\t\t\t\t\t\t\t<span class=\"elementor-toggle-icon elementor-toggle-icon-left\" aria-hidden=\"true\">\n\t\t\t\t\t\t\t\t\t\t\t\t\t\t\t<span class=\"elementor-toggle-icon-closed\"><i class=\"fas fa-caret-right\"><\/i><\/span>\n\t\t\t\t\t\t\t\t<span class=\"elementor-toggle-icon-opened\"><i class=\"elementor-toggle-icon-opened fas fa-caret-up\"><\/i><\/span>\n\t\t\t\t\t\t\t\t\t\t\t\t\t<\/span>\n\t\t\t\t\t\t\t\t\t\t\t\t<a class=\"elementor-toggle-title\" tabindex=\"0\">Presse<\/a>\n\t\t\t\t\t<\/div>\n\n\t\t\t\t\t<div id=\"elementor-tab-content-1812\" class=\"elementor-tab-content elementor-clearfix\" data-tab=\"2\" role=\"region\" aria-labelledby=\"elementor-tab-title-1812\"><p>Hannoversche Allgemene Zeitung vom 26.04.24<\/p><p><a href=\"https:\/\/maedchenchor-hannover.de\/wp-content\/uploads\/240824_Sommerkonzert_HAZ.pdf\"><img loading=\"lazy\" decoding=\"async\" class=\"aligncenter wp-image-39969 size-full\" src=\"https:\/\/maedchenchor-hannover.de\/wp-content\/uploads\/240824_Sommerkonzert_HAZ.jpg\" alt=\"\" width=\"590\" height=\"775\" srcset=\"https:\/\/maedchenchor-hannover.de\/wp-content\/uploads\/240824_Sommerkonzert_HAZ.jpg 590w, https:\/\/maedchenchor-hannover.de\/wp-content\/uploads\/240824_Sommerkonzert_HAZ-228x300.jpg 228w, https:\/\/maedchenchor-hannover.de\/wp-content\/uploads\/240824_Sommerkonzert_HAZ-114x150.jpg 114w, https:\/\/maedchenchor-hannover.de\/wp-content\/uploads\/240824_Sommerkonzert_HAZ-230x302.jpg 230w, https:\/\/maedchenchor-hannover.de\/wp-content\/uploads\/240824_Sommerkonzert_HAZ-350x460.jpg 350w, https:\/\/maedchenchor-hannover.de\/wp-content\/uploads\/240824_Sommerkonzert_HAZ-480x631.jpg 480w\" sizes=\"(max-width: 590px) 100vw, 590px\" \/><\/a><\/p><\/div>\n\t\t\t\t<\/div>\n\t\t\t\t\t\t\t\t<\/div>\n\t\t\t\t\t\t<\/div>\n\t\t\t\t<\/div>\n\t\t\t\t\t<\/div>\n\t\t<\/div>\n\t\t\t\t\t<\/div>\n\t\t<\/section>\n\t\t\t\t<\/div>\n\t\t","protected":false},"excerpt":{"rendered":"<p>Sommerkonzert mit Urauff\u00fchrungModernes und Romantisches vor nahe ausverkauftem HausVer\u00f6ffentlicht: 26.08.2024 [&hellip;]<\/p>\n","protected":false},"author":1,"featured_media":0,"comment_status":"closed","ping_status":"closed","sticky":false,"template":"","format":"standard","meta":{"footnotes":""},"categories":[2],"tags":[],"class_list":["post-39978","post","type-post","status-publish","format-standard","hentry","category-news"],"_links":{"self":[{"href":"https:\/\/maedchenchor-hannover.de\/index.php?rest_route=\/wp\/v2\/posts\/39978","targetHints":{"allow":["GET"]}}],"collection":[{"href":"https:\/\/maedchenchor-hannover.de\/index.php?rest_route=\/wp\/v2\/posts"}],"about":[{"href":"https:\/\/maedchenchor-hannover.de\/index.php?rest_route=\/wp\/v2\/types\/post"}],"author":[{"embeddable":true,"href":"https:\/\/maedchenchor-hannover.de\/index.php?rest_route=\/wp\/v2\/users\/1"}],"replies":[{"embeddable":true,"href":"https:\/\/maedchenchor-hannover.de\/index.php?rest_route=%2Fwp%2Fv2%2Fcomments&post=39978"}],"version-history":[{"count":35,"href":"https:\/\/maedchenchor-hannover.de\/index.php?rest_route=\/wp\/v2\/posts\/39978\/revisions"}],"predecessor-version":[{"id":41078,"href":"https:\/\/maedchenchor-hannover.de\/index.php?rest_route=\/wp\/v2\/posts\/39978\/revisions\/41078"}],"wp:attachment":[{"href":"https:\/\/maedchenchor-hannover.de\/index.php?rest_route=%2Fwp%2Fv2%2Fmedia&parent=39978"}],"wp:term":[{"taxonomy":"category","embeddable":true,"href":"https:\/\/maedchenchor-hannover.de\/index.php?rest_route=%2Fwp%2Fv2%2Fcategories&post=39978"},{"taxonomy":"post_tag","embeddable":true,"href":"https:\/\/maedchenchor-hannover.de\/index.php?rest_route=%2Fwp%2Fv2%2Ftags&post=39978"}],"curies":[{"name":"wp","href":"https:\/\/api.w.org\/{rel}","templated":true}]}}