{"id":38676,"date":"2024-04-15T09:45:58","date_gmt":"2024-04-15T07:45:58","guid":{"rendered":"https:\/\/maedchenchor-hannover.de\/?p=38676"},"modified":"2024-04-15T11:19:29","modified_gmt":"2024-04-15T09:19:29","slug":"hissen-seufzen-und-schoene-toene-2-2","status":"publish","type":"post","link":"https:\/\/maedchenchor-hannover.de\/?p=38676","title":{"rendered":"Schweizerisch-Deutsches Singfest"},"content":{"rendered":"\t\t<div data-elementor-type=\"wp-post\" data-elementor-id=\"38676\" class=\"elementor elementor-38676\">\n\t\t\t\t\t\t<section class=\"elementor-section elementor-top-section elementor-element elementor-element-1ca9e61c elementor-section-boxed elementor-section-height-default elementor-section-height-default\" data-id=\"1ca9e61c\" data-element_type=\"section\" data-e-type=\"section\">\n\t\t\t\t\t\t<div class=\"elementor-container elementor-column-gap-default\">\n\t\t\t\t\t<div class=\"elementor-column elementor-col-100 elementor-top-column elementor-element elementor-element-db7be21\" data-id=\"db7be21\" data-element_type=\"column\" data-e-type=\"column\">\n\t\t\t<div class=\"elementor-widget-wrap elementor-element-populated\">\n\t\t\t\t\t\t<div class=\"elementor-element elementor-element-f1195e5 elementor-widget elementor-widget-text-editor\" data-id=\"f1195e5\" data-element_type=\"widget\" data-e-type=\"widget\" data-widget_type=\"text-editor.default\">\n\t\t\t\t<div class=\"elementor-widget-container\">\n\t\t\t\t\t\t\t\t\t<p style=\"text-align: left;\">Schweiz-Deutscher Gesangsgipfel<br \/><span style=\"font-size: 70%; font-weight: 500; padding-top: 10px;\">Z\u00fcrcher Sing-Akademie harmoniert mit\u00a0 M\u00e4dchenchor Hannover<\/span><br \/><span style=\"font-size: 40%; font-weight: 500;\">Ver\u00f6ffentlicht: 15.04.2024<\/span><\/p>\t\t\t\t\t\t\t\t<\/div>\n\t\t\t\t<\/div>\n\t\t\t\t\t<\/div>\n\t\t<\/div>\n\t\t\t\t\t<\/div>\n\t\t<\/section>\n\t\t\t\t<section class=\"elementor-section elementor-top-section elementor-element elementor-element-1905b6e2 elementor-section-boxed elementor-section-height-default elementor-section-height-default\" data-id=\"1905b6e2\" data-element_type=\"section\" data-e-type=\"section\" data-settings=\"{&quot;background_background&quot;:&quot;classic&quot;}\">\n\t\t\t\t\t\t<div class=\"elementor-container elementor-column-gap-default\">\n\t\t\t\t\t<div class=\"elementor-column elementor-col-100 elementor-top-column elementor-element elementor-element-53ace9f2\" data-id=\"53ace9f2\" data-element_type=\"column\" data-e-type=\"column\">\n\t\t\t<div class=\"elementor-widget-wrap elementor-element-populated\">\n\t\t\t\t\t\t<div class=\"elementor-element elementor-element-513286e4 elementor-widget elementor-widget-image\" data-id=\"513286e4\" data-element_type=\"widget\" data-e-type=\"widget\" data-widget_type=\"image.default\">\n\t\t\t\t<div class=\"elementor-widget-container\">\n\t\t\t\t\t\t\t\t\t\t\t\t<figure class=\"wp-caption\">\n\t\t\t\t\t\t\t\t\t\t\t<a href=\"https:\/\/maedchenchor-hannover.de\/wp-content\/uploads\/240413_Konzert_ZSA-MCH_c_CarstenPeterSchulze-1.jpg\" data-elementor-open-lightbox=\"yes\" data-elementor-lightbox-title=\"240413_Konzert_ZSA-MCH_c_CarstenPeterSchulze (1)\" data-e-action-hash=\"#elementor-action%3Aaction%3Dlightbox%26settings%3DeyJpZCI6Mzg2NzAsInVybCI6Imh0dHBzOlwvXC9tYWVkY2hlbmNob3ItaGFubm92ZXIuZGVcL3dwLWNvbnRlbnRcL3VwbG9hZHNcLzI0MDQxM19Lb256ZXJ0X1pTQS1NQ0hfY19DYXJzdGVuUGV0ZXJTY2h1bHplLTEuanBnIn0%3D\">\n\t\t\t\t\t\t\t<img fetchpriority=\"high\" decoding=\"async\" width=\"1024\" height=\"692\" src=\"https:\/\/maedchenchor-hannover.de\/wp-content\/uploads\/240413_Konzert_ZSA-MCH_c_CarstenPeterSchulze-1-1024x692.jpg\" class=\"attachment-large size-large wp-image-38670\" alt=\"\" srcset=\"https:\/\/maedchenchor-hannover.de\/wp-content\/uploads\/240413_Konzert_ZSA-MCH_c_CarstenPeterSchulze-1-1024x692.jpg 1024w, https:\/\/maedchenchor-hannover.de\/wp-content\/uploads\/240413_Konzert_ZSA-MCH_c_CarstenPeterSchulze-1-300x203.jpg 300w, https:\/\/maedchenchor-hannover.de\/wp-content\/uploads\/240413_Konzert_ZSA-MCH_c_CarstenPeterSchulze-1-150x101.jpg 150w, https:\/\/maedchenchor-hannover.de\/wp-content\/uploads\/240413_Konzert_ZSA-MCH_c_CarstenPeterSchulze-1-768x519.jpg 768w, https:\/\/maedchenchor-hannover.de\/wp-content\/uploads\/240413_Konzert_ZSA-MCH_c_CarstenPeterSchulze-1-1000x676.jpg 1000w, https:\/\/maedchenchor-hannover.de\/wp-content\/uploads\/240413_Konzert_ZSA-MCH_c_CarstenPeterSchulze-1-230x155.jpg 230w, https:\/\/maedchenchor-hannover.de\/wp-content\/uploads\/240413_Konzert_ZSA-MCH_c_CarstenPeterSchulze-1-350x236.jpg 350w, https:\/\/maedchenchor-hannover.de\/wp-content\/uploads\/240413_Konzert_ZSA-MCH_c_CarstenPeterSchulze-1-480x324.jpg 480w, https:\/\/maedchenchor-hannover.de\/wp-content\/uploads\/240413_Konzert_ZSA-MCH_c_CarstenPeterSchulze-1.jpg 1184w\" sizes=\"(max-width: 1024px) 100vw, 1024px\" \/>\t\t\t\t\t\t\t\t<\/a>\n\t\t\t\t\t\t\t\t\t\t\t<figcaption class=\"widget-image-caption wp-caption-text\">\u00dcrcher Sing-Akademie und M\u00e4dchenchor Hannover, Marktkirche,  13.4.24 (Foto: Carsten Peter Schulze)<\/figcaption>\n\t\t\t\t\t\t\t\t\t\t<\/figure>\n\t\t\t\t\t\t\t\t\t<\/div>\n\t\t\t\t<\/div>\n\t\t\t\t\t<\/div>\n\t\t<\/div>\n\t\t\t\t\t<\/div>\n\t\t<\/section>\n\t\t\t\t<section class=\"elementor-section elementor-top-section elementor-element elementor-element-61f99ec4 elementor-section-full_width elementor-hidden-mobile elementor-section-height-default elementor-section-height-default\" data-id=\"61f99ec4\" data-element_type=\"section\" data-e-type=\"section\" data-settings=\"{&quot;background_background&quot;:&quot;classic&quot;}\">\n\t\t\t\t\t\t<div class=\"elementor-container elementor-column-gap-default\">\n\t\t\t\t\t<div class=\"elementor-column elementor-col-33 elementor-top-column elementor-element elementor-element-181ea3b2\" data-id=\"181ea3b2\" data-element_type=\"column\" data-e-type=\"column\">\n\t\t\t<div class=\"elementor-widget-wrap elementor-element-populated\">\n\t\t\t\t\t\t<div class=\"elementor-element elementor-element-7df46c0a elementor-widget elementor-widget-text-editor\" data-id=\"7df46c0a\" data-element_type=\"widget\" data-e-type=\"widget\" data-widget_type=\"text-editor.default\">\n\t\t\t\t<div class=\"elementor-widget-container\">\n\t\t\t\t\t\t\t\t\t<p><strong>Hannover. <\/strong>Die Marktkirche in Hannover hat schon viele eindrucksvolle Veranstaltungen beherbergt. Auch f\u00fcr uns S\u00e4ngerinnen des M\u00e4dchenchor Hannovers ist sie ein besonderer Ort, f\u00fcr besondere Konzerte. Hierzu geh\u00f6rt sicherlich auch das Konzert vom 13.04.2024 zusammen mit den M\u00e4nnerstimmen der Z\u00fcrcher Singakademie. Unser Programm f\u00fcr diesen Abend war anspruchsvoll und definitiv wundersch\u00f6n. Er\u00f6ffnet wurde das Konzert nach einer Begr\u00fc\u00dfung der beiden Chorleiter durch Mendelssohns <em>42. Psalm<\/em>. Hierbei wurden wir von Ulfert Smidt, wie immer sehr souver\u00e4n, auf der Orgel begleitet. Auch die Solistin Sophie Klu\u00dfmann \u00fcberzeugte zweifellos jeden Zuh\u00f6renden mit ihrer Leistung. F\u00fcr uns M\u00e4dchenchors\u00e4ngerinnen ist es immer besonders, auch mal gemischte St\u00fccke zu singen. Noch sch\u00f6ner ist das nat\u00fcrlich, wenn wir uns die B\u00fchne mit so talentierten S\u00e4ngern, wie jenen von der Z\u00fcrcher Singakademie, teilen k\u00f6nnen. Dieses gemeinsame Musizieren bleibt sicher allen gut in Erinnerung.<\/p>\t\t\t\t\t\t\t\t<\/div>\n\t\t\t\t<\/div>\n\t\t\t\t\t<\/div>\n\t\t<\/div>\n\t\t\t\t<div class=\"elementor-column elementor-col-66 elementor-top-column elementor-element elementor-element-6f3cd40b\" data-id=\"6f3cd40b\" data-element_type=\"column\" data-e-type=\"column\">\n\t\t\t<div class=\"elementor-widget-wrap elementor-element-populated\">\n\t\t\t\t\t\t<div class=\"elementor-element elementor-element-4143ea0f elementor-widget__width-initial elementor-widget elementor-widget-text-editor\" data-id=\"4143ea0f\" data-element_type=\"widget\" data-e-type=\"widget\" data-widget_type=\"text-editor.default\">\n\t\t\t\t<div class=\"elementor-widget-container\">\n\t\t\t\t\t\t\t\t\tAuch das anschlie\u00dfende St\u00fcck der Gasts\u00e4nger, dem <em>Gesang der Geister \u00fcber dem Wasser<\/em> von Schubert, war wunderbar anzuh\u00f6ren. An diese eindrucksvolle Interpretation schloss sich uns Programm an. Neben einigen bekannten St\u00fccken, wie Nystedts <em>I am my Brothers keeper, <\/em>f\u00fchrten wir zum ersten Mal Becs <em>Deliver Me, o Lord <\/em>auf. Ein geistliches St\u00fcck mit einem mysteri\u00f6sen Klang, welches besonders viel Spa\u00df bei der Interpretation bot. Auch die M\u00e4nnerstimmen \u00fcberzeugten erneut mit Ihren Beitr\u00e4gen. F\u00fcr den gemeinsamen Abschluss des Konzerts, durch Bruckners <em>Locus Iste <\/em>und zwei schweitzerdeutschen Volksliedern, fanden wir uns noch einmal gemeinsam auf der B\u00fchne ein. Wir S\u00e4ngerinnen und S\u00e4nger waren alle sehr zufrieden mit dem Konzert; laut dem Applaus ging es dem Publikum wohl \u00e4hnlich.\n<span style=\"font-size: 80%; font-weight: 500;\"><em>[Die Autorin dieses Artikels, Emilia H\u00f6ltge, ist Konzertchors\u00e4ngerin beim M\u00e4dchenchor Hannover]<\/em><\/span>\t\t\t\t\t\t\t\t<\/div>\n\t\t\t\t<\/div>\n\t\t\t\t\t<\/div>\n\t\t<\/div>\n\t\t\t\t\t<\/div>\n\t\t<\/section>\n\t\t\t\t<section class=\"elementor-section elementor-top-section elementor-element elementor-element-3c7317e elementor-section-full_width elementor-hidden-tablet elementor-section-height-default elementor-section-height-default\" data-id=\"3c7317e\" data-element_type=\"section\" data-e-type=\"section\" data-settings=\"{&quot;background_background&quot;:&quot;classic&quot;}\">\n\t\t\t\t\t\t<div class=\"elementor-container elementor-column-gap-default\">\n\t\t\t\t\t<div class=\"elementor-column elementor-col-100 elementor-top-column elementor-element elementor-element-5316ba6\" data-id=\"5316ba6\" data-element_type=\"column\" data-e-type=\"column\">\n\t\t\t<div class=\"elementor-widget-wrap elementor-element-populated\">\n\t\t\t\t\t\t<div class=\"elementor-element elementor-element-802a9c8 elementor-hidden-desktop elementor-hidden-tablet elementor-widget elementor-widget-text-editor\" data-id=\"802a9c8\" data-element_type=\"widget\" data-e-type=\"widget\" data-widget_type=\"text-editor.default\">\n\t\t\t\t<div class=\"elementor-widget-container\">\n\t\t\t\t\t\t\t\t\t<strong>Hannover. <\/strong>Die Marktkirche in Hannover hat schon viele eindrucksvolle Veranstaltungen beherbergt. Auch f\u00fcr uns S\u00e4ngerinnen des M\u00e4dchenchor Hannovers ist sie ein besonderer Ort, f\u00fcr besondere Konzerte. Hierzu geh\u00f6rt sicherlich auch das Konzert vom 13.04.2024 zusammen mit den M\u00e4nnerstimmen der Z\u00fcrcher Singakademie. Unser Programm f\u00fcr diesen Abend war anspruchsvoll und definitiv wundersch\u00f6n. Er\u00f6ffnet wurde das Konzert nach einer Begr\u00fc\u00dfung der beiden Chorleiter durch Mendelssohns <em>42. Psalm<\/em>. Hierbei wurden wir von Ulfert Smidt, wie immer sehr souver\u00e4n, auf der Orgel begleitet. Auch die Solistin Sophie Klu\u00dfmann \u00fcberzeugte zweifellos jeden Zuh\u00f6renden mit ihrer Leistung. F\u00fcr uns M\u00e4dchenchors\u00e4ngerinnen ist es immer besonders, auch mal gemischte St\u00fccke zu singen. Noch sch\u00f6ner ist das nat\u00fcrlich, wenn wir uns die B\u00fchne mit so talentierten S\u00e4ngern, wie jenen von der Z\u00fcrcher Singakademie, teilen k\u00f6nnen. Dieses gemeinsame Musizieren bleibt sicher allen gut in Erinnerung.\nAuch das anschlie\u00dfende St\u00fcck der Gasts\u00e4nger, dem <em>Gesang der Geister \u00fcber dem Wasser<\/em> von Schubert, war wunderbar anzuh\u00f6ren. An diese eindrucksvolle Interpretation schloss sich uns Programm an. Neben einigen bekannten St\u00fccken, wie Nystedts <em>I am my Brothers keeper, <\/em>f\u00fchrten wir zum ersten Mal Becs <em>Deliver Me, o Lord <\/em>auf. Ein geistliches St\u00fcck mit einem mysteri\u00f6sen Klang, welches besonders viel Spa\u00df bei der Interpretation bot. Auch die M\u00e4nnerstimmen \u00fcberzeugten erneut mit Ihren Beitr\u00e4gen. F\u00fcr den gemeinsamen Abschluss des Konzerts, durch Bruckners <em>Locus Iste <\/em>und zwei schweitzerdeutschen Volksliedern, fanden wir uns noch einmal gemeinsam auf der B\u00fchne ein. Wir S\u00e4ngerinnen und S\u00e4nger waren alle sehr zufrieden mit dem Konzert; laut dem Applaus ging es dem Publikum wohl \u00e4hnlich.\n<span style=\"font-size: 80%; font-weight: 500;\"><em>[Die Autorin dieses Artikels, Emilia H\u00f6ltge, ist Konzertchors\u00e4ngerin beim M\u00e4dchenchor Hannover]<\/em><\/span>\t\t\t\t\t\t\t\t<\/div>\n\t\t\t\t<\/div>\n\t\t\t\t\t<\/div>\n\t\t<\/div>\n\t\t\t\t\t<\/div>\n\t\t<\/section>\n\t\t\t\t<section class=\"elementor-section elementor-top-section elementor-element elementor-element-1d544731 elementor-section-boxed elementor-section-height-default elementor-section-height-default\" data-id=\"1d544731\" data-element_type=\"section\" data-e-type=\"section\">\n\t\t\t\t\t\t<div class=\"elementor-container elementor-column-gap-default\">\n\t\t\t\t\t<div class=\"elementor-column elementor-col-100 elementor-top-column elementor-element elementor-element-30724b13\" data-id=\"30724b13\" data-element_type=\"column\" data-e-type=\"column\">\n\t\t\t<div class=\"elementor-widget-wrap elementor-element-populated\">\n\t\t\t\t\t\t<div class=\"elementor-element elementor-element-14c30ce6 elementor-widget elementor-widget-toggle\" data-id=\"14c30ce6\" data-element_type=\"widget\" data-e-type=\"widget\" data-widget_type=\"toggle.default\">\n\t\t\t\t<div class=\"elementor-widget-container\">\n\t\t\t\t\t\t\t<div class=\"elementor-toggle\">\n\t\t\t\t\t\t\t<div class=\"elementor-toggle-item\">\n\t\t\t\t\t<div id=\"elementor-tab-title-3481\" class=\"elementor-tab-title\" data-tab=\"1\" role=\"button\" aria-controls=\"elementor-tab-content-3481\" aria-expanded=\"false\">\n\t\t\t\t\t\t\t\t\t\t\t\t<span class=\"elementor-toggle-icon elementor-toggle-icon-left\" aria-hidden=\"true\">\n\t\t\t\t\t\t\t\t\t\t\t\t\t\t\t<span class=\"elementor-toggle-icon-closed\"><i class=\"fas fa-caret-right\"><\/i><\/span>\n\t\t\t\t\t\t\t\t<span class=\"elementor-toggle-icon-opened\"><i class=\"elementor-toggle-icon-opened fas fa-caret-up\"><\/i><\/span>\n\t\t\t\t\t\t\t\t\t\t\t\t\t<\/span>\n\t\t\t\t\t\t\t\t\t\t\t\t<a class=\"elementor-toggle-title\" tabindex=\"0\">Presse<\/a>\n\t\t\t\t\t<\/div>\n\n\t\t\t\t\t<div id=\"elementor-tab-content-3481\" class=\"elementor-tab-content elementor-clearfix\" data-tab=\"1\" role=\"region\" aria-labelledby=\"elementor-tab-title-3481\"><p><strong>Hannoversche Allgemeine Zeitung\u00a0 (Online) vom 14.04.2024<\/strong><br \/><a href=\"https:\/\/maedchenchor-hannover.de\/wp-content\/uploads\/Maedchenchor-Hannover-und-Zuercher-Singakademie-in-der-Marktkirche_c_JoergWorat.pdf\" target=\"_blank\" rel=\"noopener\"><img decoding=\"async\" class=\"aligncenter wp-image-38675 size-full\" title=\"klicken und als PDF lesen\" src=\"https:\/\/maedchenchor-hannover.de\/wp-content\/uploads\/2024-04-15-08_54_48-Maedchenchor-Hannover-und-Zuercher-Singakademie-in-der-Marktkirche_c_JoergWorat-.jpg\" alt=\"\" width=\"372\" height=\"990\" srcset=\"https:\/\/maedchenchor-hannover.de\/wp-content\/uploads\/2024-04-15-08_54_48-Maedchenchor-Hannover-und-Zuercher-Singakademie-in-der-Marktkirche_c_JoergWorat-.jpg 372w, https:\/\/maedchenchor-hannover.de\/wp-content\/uploads\/2024-04-15-08_54_48-Maedchenchor-Hannover-und-Zuercher-Singakademie-in-der-Marktkirche_c_JoergWorat--113x300.jpg 113w, https:\/\/maedchenchor-hannover.de\/wp-content\/uploads\/2024-04-15-08_54_48-Maedchenchor-Hannover-und-Zuercher-Singakademie-in-der-Marktkirche_c_JoergWorat--56x150.jpg 56w, https:\/\/maedchenchor-hannover.de\/wp-content\/uploads\/2024-04-15-08_54_48-Maedchenchor-Hannover-und-Zuercher-Singakademie-in-der-Marktkirche_c_JoergWorat--230x612.jpg 230w, https:\/\/maedchenchor-hannover.de\/wp-content\/uploads\/2024-04-15-08_54_48-Maedchenchor-Hannover-und-Zuercher-Singakademie-in-der-Marktkirche_c_JoergWorat--350x931.jpg 350w\" sizes=\"(max-width: 372px) 100vw, 372px\" \/><\/a><\/p><\/div>\n\t\t\t\t<\/div>\n\t\t\t\t\t\t\t\t<\/div>\n\t\t\t\t\t\t<\/div>\n\t\t\t\t<\/div>\n\t\t\t\t<div class=\"elementor-element elementor-element-9b5eec0 elementor-widget elementor-widget-toggle\" data-id=\"9b5eec0\" data-element_type=\"widget\" data-e-type=\"widget\" data-widget_type=\"toggle.default\">\n\t\t\t\t<div class=\"elementor-widget-container\">\n\t\t\t\t\t\t\t<div class=\"elementor-toggle\">\n\t\t\t\t\t\t\t<div class=\"elementor-toggle-item\">\n\t\t\t\t\t<div id=\"elementor-tab-title-1621\" class=\"elementor-tab-title\" data-tab=\"1\" role=\"button\" aria-controls=\"elementor-tab-content-1621\" aria-expanded=\"false\">\n\t\t\t\t\t\t\t\t\t\t\t\t<span class=\"elementor-toggle-icon elementor-toggle-icon-left\" aria-hidden=\"true\">\n\t\t\t\t\t\t\t\t\t\t\t\t\t\t\t<span class=\"elementor-toggle-icon-closed\"><i class=\"fas fa-caret-right\"><\/i><\/span>\n\t\t\t\t\t\t\t\t<span class=\"elementor-toggle-icon-opened\"><i class=\"elementor-toggle-icon-opened fas fa-caret-up\"><\/i><\/span>\n\t\t\t\t\t\t\t\t\t\t\t\t\t<\/span>\n\t\t\t\t\t\t\t\t\t\t\t\t<a class=\"elementor-toggle-title\" tabindex=\"0\">Fotos<\/a>\n\t\t\t\t\t<\/div>\n\n\t\t\t\t\t<div id=\"elementor-tab-content-1621\" class=\"elementor-tab-content elementor-clearfix\" data-tab=\"1\" role=\"region\" aria-labelledby=\"elementor-tab-title-1621\"><p>Alle Fotos: <strong>Carsten Peter Schulze<\/strong><\/p><figure id=\"attachment_38670\" aria-describedby=\"caption-attachment-38670\" style=\"width: 1184px\" class=\"wp-caption aligncenter\"><a href=\"https:\/\/maedchenchor-hannover.de\/wp-content\/uploads\/240413_Konzert_ZSA-MCH_c_CarstenPeterSchulze-1.jpg\"><img decoding=\"async\" class=\"wp-image-38670 size-full\" src=\"https:\/\/maedchenchor-hannover.de\/wp-content\/uploads\/240413_Konzert_ZSA-MCH_c_CarstenPeterSchulze-1.jpg\" alt=\"\" width=\"1184\" height=\"800\" srcset=\"https:\/\/maedchenchor-hannover.de\/wp-content\/uploads\/240413_Konzert_ZSA-MCH_c_CarstenPeterSchulze-1.jpg 1184w, https:\/\/maedchenchor-hannover.de\/wp-content\/uploads\/240413_Konzert_ZSA-MCH_c_CarstenPeterSchulze-1-300x203.jpg 300w, https:\/\/maedchenchor-hannover.de\/wp-content\/uploads\/240413_Konzert_ZSA-MCH_c_CarstenPeterSchulze-1-1024x692.jpg 1024w, https:\/\/maedchenchor-hannover.de\/wp-content\/uploads\/240413_Konzert_ZSA-MCH_c_CarstenPeterSchulze-1-150x101.jpg 150w, https:\/\/maedchenchor-hannover.de\/wp-content\/uploads\/240413_Konzert_ZSA-MCH_c_CarstenPeterSchulze-1-768x519.jpg 768w, https:\/\/maedchenchor-hannover.de\/wp-content\/uploads\/240413_Konzert_ZSA-MCH_c_CarstenPeterSchulze-1-1000x676.jpg 1000w, https:\/\/maedchenchor-hannover.de\/wp-content\/uploads\/240413_Konzert_ZSA-MCH_c_CarstenPeterSchulze-1-230x155.jpg 230w, https:\/\/maedchenchor-hannover.de\/wp-content\/uploads\/240413_Konzert_ZSA-MCH_c_CarstenPeterSchulze-1-350x236.jpg 350w, https:\/\/maedchenchor-hannover.de\/wp-content\/uploads\/240413_Konzert_ZSA-MCH_c_CarstenPeterSchulze-1-480x324.jpg 480w\" sizes=\"(max-width: 1184px) 100vw, 1184px\" \/><\/a><figcaption id=\"caption-attachment-38670\" class=\"wp-caption-text\">Das M\u00e4nnerensemble der Z\u00fcrcher Sing-Akademie zu Gast bei den Konzertchors\u00e4ngerinnen des M\u00e4dchenchor Hannover, Marktkirche, 13.04.2024<\/figcaption><\/figure><p><a href=\"https:\/\/maedchenchor-hannover.de\/wp-content\/uploads\/240413_Konzert_ZSA-MCH_c_CarstenPeterSchulze-3.jpg\"><img loading=\"lazy\" decoding=\"async\" class=\"wp-image-38672 size-full\" src=\"https:\/\/maedchenchor-hannover.de\/wp-content\/uploads\/240413_Konzert_ZSA-MCH_c_CarstenPeterSchulze-3.jpg\" alt=\"\" width=\"1183\" height=\"800\" srcset=\"https:\/\/maedchenchor-hannover.de\/wp-content\/uploads\/240413_Konzert_ZSA-MCH_c_CarstenPeterSchulze-3.jpg 1183w, https:\/\/maedchenchor-hannover.de\/wp-content\/uploads\/240413_Konzert_ZSA-MCH_c_CarstenPeterSchulze-3-300x203.jpg 300w, https:\/\/maedchenchor-hannover.de\/wp-content\/uploads\/240413_Konzert_ZSA-MCH_c_CarstenPeterSchulze-3-1024x692.jpg 1024w, https:\/\/maedchenchor-hannover.de\/wp-content\/uploads\/240413_Konzert_ZSA-MCH_c_CarstenPeterSchulze-3-150x101.jpg 150w, https:\/\/maedchenchor-hannover.de\/wp-content\/uploads\/240413_Konzert_ZSA-MCH_c_CarstenPeterSchulze-3-768x519.jpg 768w, https:\/\/maedchenchor-hannover.de\/wp-content\/uploads\/240413_Konzert_ZSA-MCH_c_CarstenPeterSchulze-3-1000x676.jpg 1000w, https:\/\/maedchenchor-hannover.de\/wp-content\/uploads\/240413_Konzert_ZSA-MCH_c_CarstenPeterSchulze-3-230x156.jpg 230w, https:\/\/maedchenchor-hannover.de\/wp-content\/uploads\/240413_Konzert_ZSA-MCH_c_CarstenPeterSchulze-3-350x237.jpg 350w, https:\/\/maedchenchor-hannover.de\/wp-content\/uploads\/240413_Konzert_ZSA-MCH_c_CarstenPeterSchulze-3-480x325.jpg 480w\" sizes=\"(max-width: 1183px) 100vw, 1183px\" \/><\/a><\/p><p>Als Solistin in Mendelssohns &#8222;42. Psalm&#8220; besticht Sophie Klu\u00dfmann; Andreas Felber dirigiert den M\u00e4dchenchor und die Z\u00fcrcher Akademisten<\/p><figure id=\"attachment_38668\" aria-describedby=\"caption-attachment-38668\" style=\"width: 1184px\" class=\"wp-caption aligncenter\"><a href=\"https:\/\/maedchenchor-hannover.de\/wp-content\/uploads\/240413_Konzert_ZSA-MCH_c_CarstenPeterSchulze-10.jpg\"><img loading=\"lazy\" decoding=\"async\" class=\"wp-image-38668 size-full\" src=\"https:\/\/maedchenchor-hannover.de\/wp-content\/uploads\/240413_Konzert_ZSA-MCH_c_CarstenPeterSchulze-10.jpg\" alt=\"\" width=\"1184\" height=\"800\" srcset=\"https:\/\/maedchenchor-hannover.de\/wp-content\/uploads\/240413_Konzert_ZSA-MCH_c_CarstenPeterSchulze-10.jpg 1184w, https:\/\/maedchenchor-hannover.de\/wp-content\/uploads\/240413_Konzert_ZSA-MCH_c_CarstenPeterSchulze-10-300x203.jpg 300w, https:\/\/maedchenchor-hannover.de\/wp-content\/uploads\/240413_Konzert_ZSA-MCH_c_CarstenPeterSchulze-10-1024x692.jpg 1024w, https:\/\/maedchenchor-hannover.de\/wp-content\/uploads\/240413_Konzert_ZSA-MCH_c_CarstenPeterSchulze-10-150x101.jpg 150w, https:\/\/maedchenchor-hannover.de\/wp-content\/uploads\/240413_Konzert_ZSA-MCH_c_CarstenPeterSchulze-10-768x519.jpg 768w, https:\/\/maedchenchor-hannover.de\/wp-content\/uploads\/240413_Konzert_ZSA-MCH_c_CarstenPeterSchulze-10-1000x676.jpg 1000w, https:\/\/maedchenchor-hannover.de\/wp-content\/uploads\/240413_Konzert_ZSA-MCH_c_CarstenPeterSchulze-10-230x155.jpg 230w, https:\/\/maedchenchor-hannover.de\/wp-content\/uploads\/240413_Konzert_ZSA-MCH_c_CarstenPeterSchulze-10-350x236.jpg 350w, https:\/\/maedchenchor-hannover.de\/wp-content\/uploads\/240413_Konzert_ZSA-MCH_c_CarstenPeterSchulze-10-480x324.jpg 480w\" sizes=\"(max-width: 1184px) 100vw, 1184px\" \/><\/a><figcaption id=\"caption-attachment-38668\" class=\"wp-caption-text\">Chorleiter Florian Helgath&#8230;<\/figcaption><\/figure><figure id=\"attachment_38665\" aria-describedby=\"caption-attachment-38665\" style=\"width: 1184px\" class=\"wp-caption aligncenter\"><a href=\"https:\/\/maedchenchor-hannover.de\/wp-content\/uploads\/240413_Konzert_ZSA-MCH_c_CarstenPeterSchulze-7.jpg\"><img loading=\"lazy\" decoding=\"async\" class=\"wp-image-38665 size-full\" src=\"https:\/\/maedchenchor-hannover.de\/wp-content\/uploads\/240413_Konzert_ZSA-MCH_c_CarstenPeterSchulze-7.jpg\" alt=\"\" width=\"1184\" height=\"800\" srcset=\"https:\/\/maedchenchor-hannover.de\/wp-content\/uploads\/240413_Konzert_ZSA-MCH_c_CarstenPeterSchulze-7.jpg 1184w, https:\/\/maedchenchor-hannover.de\/wp-content\/uploads\/240413_Konzert_ZSA-MCH_c_CarstenPeterSchulze-7-300x203.jpg 300w, https:\/\/maedchenchor-hannover.de\/wp-content\/uploads\/240413_Konzert_ZSA-MCH_c_CarstenPeterSchulze-7-1024x692.jpg 1024w, https:\/\/maedchenchor-hannover.de\/wp-content\/uploads\/240413_Konzert_ZSA-MCH_c_CarstenPeterSchulze-7-150x101.jpg 150w, https:\/\/maedchenchor-hannover.de\/wp-content\/uploads\/240413_Konzert_ZSA-MCH_c_CarstenPeterSchulze-7-768x519.jpg 768w, https:\/\/maedchenchor-hannover.de\/wp-content\/uploads\/240413_Konzert_ZSA-MCH_c_CarstenPeterSchulze-7-1000x676.jpg 1000w, https:\/\/maedchenchor-hannover.de\/wp-content\/uploads\/240413_Konzert_ZSA-MCH_c_CarstenPeterSchulze-7-230x155.jpg 230w, https:\/\/maedchenchor-hannover.de\/wp-content\/uploads\/240413_Konzert_ZSA-MCH_c_CarstenPeterSchulze-7-350x236.jpg 350w, https:\/\/maedchenchor-hannover.de\/wp-content\/uploads\/240413_Konzert_ZSA-MCH_c_CarstenPeterSchulze-7-480x324.jpg 480w\" sizes=\"(max-width: 1184px) 100vw, 1184px\" \/><\/a><figcaption id=\"caption-attachment-38665\" class=\"wp-caption-text\">&#8230;leitet die Z\u00fcrcher Sing-Akademie bei ihrer Interpretation von Schuberts &#8222;Gesang der Geister \u00fcber den Wassern&#8220;<\/figcaption><\/figure><figure id=\"attachment_38664\" aria-describedby=\"caption-attachment-38664\" style=\"width: 1183px\" class=\"wp-caption aligncenter\"><a href=\"https:\/\/maedchenchor-hannover.de\/wp-content\/uploads\/240413_Konzert_ZSA-MCH_c_CarstenPeterSchulze-6.jpg\"><img loading=\"lazy\" decoding=\"async\" class=\"wp-image-38664 size-full\" src=\"https:\/\/maedchenchor-hannover.de\/wp-content\/uploads\/240413_Konzert_ZSA-MCH_c_CarstenPeterSchulze-6.jpg\" alt=\"\" width=\"1183\" height=\"800\" srcset=\"https:\/\/maedchenchor-hannover.de\/wp-content\/uploads\/240413_Konzert_ZSA-MCH_c_CarstenPeterSchulze-6.jpg 1183w, https:\/\/maedchenchor-hannover.de\/wp-content\/uploads\/240413_Konzert_ZSA-MCH_c_CarstenPeterSchulze-6-300x203.jpg 300w, https:\/\/maedchenchor-hannover.de\/wp-content\/uploads\/240413_Konzert_ZSA-MCH_c_CarstenPeterSchulze-6-1024x692.jpg 1024w, https:\/\/maedchenchor-hannover.de\/wp-content\/uploads\/240413_Konzert_ZSA-MCH_c_CarstenPeterSchulze-6-150x101.jpg 150w, https:\/\/maedchenchor-hannover.de\/wp-content\/uploads\/240413_Konzert_ZSA-MCH_c_CarstenPeterSchulze-6-768x519.jpg 768w, https:\/\/maedchenchor-hannover.de\/wp-content\/uploads\/240413_Konzert_ZSA-MCH_c_CarstenPeterSchulze-6-1000x676.jpg 1000w, https:\/\/maedchenchor-hannover.de\/wp-content\/uploads\/240413_Konzert_ZSA-MCH_c_CarstenPeterSchulze-6-230x156.jpg 230w, https:\/\/maedchenchor-hannover.de\/wp-content\/uploads\/240413_Konzert_ZSA-MCH_c_CarstenPeterSchulze-6-350x237.jpg 350w, https:\/\/maedchenchor-hannover.de\/wp-content\/uploads\/240413_Konzert_ZSA-MCH_c_CarstenPeterSchulze-6-480x325.jpg 480w\" sizes=\"(max-width: 1183px) 100vw, 1183px\" \/><\/a><figcaption id=\"caption-attachment-38664\" class=\"wp-caption-text\">Bei Mendelssohns &#8222;42. Psalm&#8220; mischen sich Sopran und Alt der M\u00e4dchenchorstimmen&#8230;<\/figcaption><\/figure><figure id=\"attachment_38673\" aria-describedby=\"caption-attachment-38673\" style=\"width: 1183px\" class=\"wp-caption aligncenter\"><a href=\"https:\/\/maedchenchor-hannover.de\/wp-content\/uploads\/240413_Konzert_ZSA-MCH_c_CarstenPeterSchulze-4.jpg\"><img loading=\"lazy\" decoding=\"async\" class=\"wp-image-38673 size-full\" src=\"https:\/\/maedchenchor-hannover.de\/wp-content\/uploads\/240413_Konzert_ZSA-MCH_c_CarstenPeterSchulze-4.jpg\" alt=\"\" width=\"1183\" height=\"800\" srcset=\"https:\/\/maedchenchor-hannover.de\/wp-content\/uploads\/240413_Konzert_ZSA-MCH_c_CarstenPeterSchulze-4.jpg 1183w, https:\/\/maedchenchor-hannover.de\/wp-content\/uploads\/240413_Konzert_ZSA-MCH_c_CarstenPeterSchulze-4-300x203.jpg 300w, https:\/\/maedchenchor-hannover.de\/wp-content\/uploads\/240413_Konzert_ZSA-MCH_c_CarstenPeterSchulze-4-1024x692.jpg 1024w, https:\/\/maedchenchor-hannover.de\/wp-content\/uploads\/240413_Konzert_ZSA-MCH_c_CarstenPeterSchulze-4-150x101.jpg 150w, https:\/\/maedchenchor-hannover.de\/wp-content\/uploads\/240413_Konzert_ZSA-MCH_c_CarstenPeterSchulze-4-768x519.jpg 768w, https:\/\/maedchenchor-hannover.de\/wp-content\/uploads\/240413_Konzert_ZSA-MCH_c_CarstenPeterSchulze-4-1000x676.jpg 1000w, https:\/\/maedchenchor-hannover.de\/wp-content\/uploads\/240413_Konzert_ZSA-MCH_c_CarstenPeterSchulze-4-230x156.jpg 230w, https:\/\/maedchenchor-hannover.de\/wp-content\/uploads\/240413_Konzert_ZSA-MCH_c_CarstenPeterSchulze-4-350x237.jpg 350w, https:\/\/maedchenchor-hannover.de\/wp-content\/uploads\/240413_Konzert_ZSA-MCH_c_CarstenPeterSchulze-4-480x325.jpg 480w\" sizes=\"(max-width: 1183px) 100vw, 1183px\" \/><\/a><figcaption id=\"caption-attachment-38673\" class=\"wp-caption-text\">&#8230;mit Tenor und Bass der Schweizer M\u00e4nnerstimmen mit h\u00f6chster Pr\u00e4zision und Harmonie<\/figcaption><\/figure><p><a href=\"https:\/\/maedchenchor-hannover.de\/wp-content\/uploads\/240413_Konzert_ZSA-MCH_c_CarstenPeterSchulze-8.jpg\"><img loading=\"lazy\" decoding=\"async\" class=\"aligncenter wp-image-38666 size-full\" src=\"https:\/\/maedchenchor-hannover.de\/wp-content\/uploads\/240413_Konzert_ZSA-MCH_c_CarstenPeterSchulze-8.jpg\" alt=\"\" width=\"1183\" height=\"800\" srcset=\"https:\/\/maedchenchor-hannover.de\/wp-content\/uploads\/240413_Konzert_ZSA-MCH_c_CarstenPeterSchulze-8.jpg 1183w, https:\/\/maedchenchor-hannover.de\/wp-content\/uploads\/240413_Konzert_ZSA-MCH_c_CarstenPeterSchulze-8-300x203.jpg 300w, https:\/\/maedchenchor-hannover.de\/wp-content\/uploads\/240413_Konzert_ZSA-MCH_c_CarstenPeterSchulze-8-1024x692.jpg 1024w, https:\/\/maedchenchor-hannover.de\/wp-content\/uploads\/240413_Konzert_ZSA-MCH_c_CarstenPeterSchulze-8-150x101.jpg 150w, https:\/\/maedchenchor-hannover.de\/wp-content\/uploads\/240413_Konzert_ZSA-MCH_c_CarstenPeterSchulze-8-768x519.jpg 768w, https:\/\/maedchenchor-hannover.de\/wp-content\/uploads\/240413_Konzert_ZSA-MCH_c_CarstenPeterSchulze-8-1000x676.jpg 1000w, https:\/\/maedchenchor-hannover.de\/wp-content\/uploads\/240413_Konzert_ZSA-MCH_c_CarstenPeterSchulze-8-230x156.jpg 230w, https:\/\/maedchenchor-hannover.de\/wp-content\/uploads\/240413_Konzert_ZSA-MCH_c_CarstenPeterSchulze-8-350x237.jpg 350w, https:\/\/maedchenchor-hannover.de\/wp-content\/uploads\/240413_Konzert_ZSA-MCH_c_CarstenPeterSchulze-8-480x325.jpg 480w\" sizes=\"(max-width: 1183px) 100vw, 1183px\" \/><\/a><\/p><figure id=\"attachment_38667\" aria-describedby=\"caption-attachment-38667\" style=\"width: 1184px\" class=\"wp-caption aligncenter\"><a href=\"https:\/\/maedchenchor-hannover.de\/wp-content\/uploads\/240413_Konzert_ZSA-MCH_c_CarstenPeterSchulze-9.jpg\"><img loading=\"lazy\" decoding=\"async\" class=\"wp-image-38667 size-full\" src=\"https:\/\/maedchenchor-hannover.de\/wp-content\/uploads\/240413_Konzert_ZSA-MCH_c_CarstenPeterSchulze-9.jpg\" alt=\"\" width=\"1184\" height=\"800\" srcset=\"https:\/\/maedchenchor-hannover.de\/wp-content\/uploads\/240413_Konzert_ZSA-MCH_c_CarstenPeterSchulze-9.jpg 1184w, https:\/\/maedchenchor-hannover.de\/wp-content\/uploads\/240413_Konzert_ZSA-MCH_c_CarstenPeterSchulze-9-300x203.jpg 300w, https:\/\/maedchenchor-hannover.de\/wp-content\/uploads\/240413_Konzert_ZSA-MCH_c_CarstenPeterSchulze-9-1024x692.jpg 1024w, https:\/\/maedchenchor-hannover.de\/wp-content\/uploads\/240413_Konzert_ZSA-MCH_c_CarstenPeterSchulze-9-150x101.jpg 150w, https:\/\/maedchenchor-hannover.de\/wp-content\/uploads\/240413_Konzert_ZSA-MCH_c_CarstenPeterSchulze-9-768x519.jpg 768w, https:\/\/maedchenchor-hannover.de\/wp-content\/uploads\/240413_Konzert_ZSA-MCH_c_CarstenPeterSchulze-9-1000x676.jpg 1000w, https:\/\/maedchenchor-hannover.de\/wp-content\/uploads\/240413_Konzert_ZSA-MCH_c_CarstenPeterSchulze-9-230x155.jpg 230w, https:\/\/maedchenchor-hannover.de\/wp-content\/uploads\/240413_Konzert_ZSA-MCH_c_CarstenPeterSchulze-9-350x236.jpg 350w, https:\/\/maedchenchor-hannover.de\/wp-content\/uploads\/240413_Konzert_ZSA-MCH_c_CarstenPeterSchulze-9-480x324.jpg 480w\" sizes=\"(max-width: 1184px) 100vw, 1184px\" \/><\/a><figcaption id=\"caption-attachment-38667\" class=\"wp-caption-text\">Ein verdienter Schlussabapplaus f\u00fcr die Ch\u00f6re und (v.l.) Sophie Klu\u00dfmann, Ulfert Smidt und Andreas Felber (nicht im Bild: Florian Helgath; Z\u00fcrcher Sing-Akademie)<\/figcaption><\/figure><\/div>\n\t\t\t\t<\/div>\n\t\t\t\t\t\t\t\t<\/div>\n\t\t\t\t\t\t<\/div>\n\t\t\t\t<\/div>\n\t\t\t\t\t<\/div>\n\t\t<\/div>\n\t\t\t\t\t<\/div>\n\t\t<\/section>\n\t\t\t\t<\/div>\n\t\t","protected":false},"excerpt":{"rendered":"<p>Schweiz-Deutscher GesangsgipfelZ\u00fcrcher Sing-Akademie harmoniert mit\u00a0 M\u00e4dchenchor HannoverVer\u00f6ffentlicht: 15.04.2024 \u00dcrcher Sing-Akademie [&hellip;]<\/p>\n","protected":false},"author":1,"featured_media":0,"comment_status":"closed","ping_status":"closed","sticky":false,"template":"","format":"standard","meta":{"footnotes":""},"categories":[2],"tags":[],"class_list":["post-38676","post","type-post","status-publish","format-standard","hentry","category-news"],"_links":{"self":[{"href":"https:\/\/maedchenchor-hannover.de\/index.php?rest_route=\/wp\/v2\/posts\/38676","targetHints":{"allow":["GET"]}}],"collection":[{"href":"https:\/\/maedchenchor-hannover.de\/index.php?rest_route=\/wp\/v2\/posts"}],"about":[{"href":"https:\/\/maedchenchor-hannover.de\/index.php?rest_route=\/wp\/v2\/types\/post"}],"author":[{"embeddable":true,"href":"https:\/\/maedchenchor-hannover.de\/index.php?rest_route=\/wp\/v2\/users\/1"}],"replies":[{"embeddable":true,"href":"https:\/\/maedchenchor-hannover.de\/index.php?rest_route=%2Fwp%2Fv2%2Fcomments&post=38676"}],"version-history":[{"count":37,"href":"https:\/\/maedchenchor-hannover.de\/index.php?rest_route=\/wp\/v2\/posts\/38676\/revisions"}],"predecessor-version":[{"id":38724,"href":"https:\/\/maedchenchor-hannover.de\/index.php?rest_route=\/wp\/v2\/posts\/38676\/revisions\/38724"}],"wp:attachment":[{"href":"https:\/\/maedchenchor-hannover.de\/index.php?rest_route=%2Fwp%2Fv2%2Fmedia&parent=38676"}],"wp:term":[{"taxonomy":"category","embeddable":true,"href":"https:\/\/maedchenchor-hannover.de\/index.php?rest_route=%2Fwp%2Fv2%2Fcategories&post=38676"},{"taxonomy":"post_tag","embeddable":true,"href":"https:\/\/maedchenchor-hannover.de\/index.php?rest_route=%2Fwp%2Fv2%2Ftags&post=38676"}],"curies":[{"name":"wp","href":"https:\/\/api.w.org\/{rel}","templated":true}]}}