{"id":30520,"date":"2022-10-31T09:04:58","date_gmt":"2022-10-31T08:04:58","guid":{"rendered":"https:\/\/maedchenchor-hannover.de\/?p=30520"},"modified":"2022-11-03T07:30:16","modified_gmt":"2022-11-03T06:30:16","slug":"trias-der-herbstkonzerte","status":"publish","type":"post","link":"https:\/\/maedchenchor-hannover.de\/?p=30520","title":{"rendered":"Trias der Herbstkonzerte"},"content":{"rendered":"\t\t<div data-elementor-type=\"wp-post\" data-elementor-id=\"30520\" class=\"elementor elementor-30520\">\n\t\t\t\t\t\t<section class=\"elementor-section elementor-top-section elementor-element elementor-element-28159727 elementor-section-boxed elementor-section-height-default elementor-section-height-default\" data-id=\"28159727\" data-element_type=\"section\" data-e-type=\"section\">\n\t\t\t\t\t\t<div class=\"elementor-container elementor-column-gap-default\">\n\t\t\t\t\t<div class=\"elementor-column elementor-col-100 elementor-top-column elementor-element elementor-element-4988dbae\" data-id=\"4988dbae\" data-element_type=\"column\" data-e-type=\"column\">\n\t\t\t<div class=\"elementor-widget-wrap elementor-element-populated\">\n\t\t\t\t\t\t<div class=\"elementor-element elementor-element-5f9841c elementor-widget elementor-widget-text-editor\" data-id=\"5f9841c\" data-element_type=\"widget\" data-e-type=\"widget\" data-widget_type=\"text-editor.default\">\n\t\t\t\t<div class=\"elementor-widget-container\">\n\t\t\t\t\t\t\t\t\t<p style=\"text-align: left;\">Trias der Herbstkl\u00e4nge<br \/><span style=\"font-size: 70%; font-weight: 500; padding-top: 10px;\">Erfolgreiche Konzerttournee mit Partnerch\u00f6ren<\/span><br \/><span style=\"font-size: 40%; font-weight: 500;\">Ver\u00f6ffentlicht: 31.10.2022<\/span><\/p>\t\t\t\t\t\t\t\t<\/div>\n\t\t\t\t<\/div>\n\t\t\t\t\t<\/div>\n\t\t<\/div>\n\t\t\t\t\t<\/div>\n\t\t<\/section>\n\t\t\t\t<section class=\"elementor-section elementor-top-section elementor-element elementor-element-4c9cb6c elementor-section-boxed elementor-section-height-default elementor-section-height-default\" data-id=\"4c9cb6c\" data-element_type=\"section\" data-e-type=\"section\" data-settings=\"{&quot;background_background&quot;:&quot;classic&quot;}\">\n\t\t\t\t\t\t<div class=\"elementor-container elementor-column-gap-default\">\n\t\t\t\t\t<div class=\"elementor-column elementor-col-100 elementor-top-column elementor-element elementor-element-797b4160\" data-id=\"797b4160\" data-element_type=\"column\" data-e-type=\"column\">\n\t\t\t<div class=\"elementor-widget-wrap elementor-element-populated\">\n\t\t\t\t\t\t<div class=\"elementor-element elementor-element-3841db79 elementor-widget elementor-widget-image\" data-id=\"3841db79\" data-element_type=\"widget\" data-e-type=\"widget\" data-widget_type=\"image.default\">\n\t\t\t\t<div class=\"elementor-widget-container\">\n\t\t\t\t\t\t\t\t\t\t\t\t<figure class=\"wp-caption\">\n\t\t\t\t\t\t\t\t\t\t\t<a href=\"https:\/\/maedchenchor-hannover.de\/wp-content\/uploads\/Konzertreise_Daenemark_2022_c_jhc-12b-10-1.jpg\" data-elementor-open-lightbox=\"yes\" data-elementor-lightbox-title=\"Konzertreise_D\u00e4nemark_2022_c_jhc (12b) (10)\" data-e-action-hash=\"#elementor-action%3Aaction%3Dlightbox%26settings%3DeyJpZCI6MzA1MTksInVybCI6Imh0dHBzOlwvXC9tYWVkY2hlbmNob3ItaGFubm92ZXIuZGVcL3dwLWNvbnRlbnRcL3VwbG9hZHNcL0tvbnplcnRyZWlzZV9EYWVuZW1hcmtfMjAyMl9jX2poYy0xMmItMTAtMS5qcGcifQ%3D%3D\">\n\t\t\t\t\t\t\t<img fetchpriority=\"high\" decoding=\"async\" width=\"1024\" height=\"731\" src=\"https:\/\/maedchenchor-hannover.de\/wp-content\/uploads\/Konzertreise_Daenemark_2022_c_jhc-12b-10-1-1024x731.jpg\" class=\"attachment-large size-large wp-image-30519\" alt=\"\" srcset=\"https:\/\/maedchenchor-hannover.de\/wp-content\/uploads\/Konzertreise_Daenemark_2022_c_jhc-12b-10-1-1024x731.jpg 1024w, https:\/\/maedchenchor-hannover.de\/wp-content\/uploads\/Konzertreise_Daenemark_2022_c_jhc-12b-10-1-300x214.jpg 300w, https:\/\/maedchenchor-hannover.de\/wp-content\/uploads\/Konzertreise_Daenemark_2022_c_jhc-12b-10-1-150x107.jpg 150w, https:\/\/maedchenchor-hannover.de\/wp-content\/uploads\/Konzertreise_Daenemark_2022_c_jhc-12b-10-1-768x548.jpg 768w, https:\/\/maedchenchor-hannover.de\/wp-content\/uploads\/Konzertreise_Daenemark_2022_c_jhc-12b-10-1-1536x1097.jpg 1536w, https:\/\/maedchenchor-hannover.de\/wp-content\/uploads\/Konzertreise_Daenemark_2022_c_jhc-12b-10-1-920x657.jpg 920w, https:\/\/maedchenchor-hannover.de\/wp-content\/uploads\/Konzertreise_Daenemark_2022_c_jhc-12b-10-1-230x164.jpg 230w, https:\/\/maedchenchor-hannover.de\/wp-content\/uploads\/Konzertreise_Daenemark_2022_c_jhc-12b-10-1-350x250.jpg 350w, https:\/\/maedchenchor-hannover.de\/wp-content\/uploads\/Konzertreise_Daenemark_2022_c_jhc-12b-10-1-480x343.jpg 480w, https:\/\/maedchenchor-hannover.de\/wp-content\/uploads\/Konzertreise_Daenemark_2022_c_jhc-12b-10-1.jpg 1588w\" sizes=\"(max-width: 1024px) 100vw, 1024px\" \/>\t\t\t\t\t\t\t\t<\/a>\n\t\t\t\t\t\t\t\t\t\t\t<figcaption class=\"widget-image-caption wp-caption-text\">M\u00e4dchenchor Bremen, Bremer Dom,  22.10.22 (Foto: MCH)<\/figcaption>\n\t\t\t\t\t\t\t\t\t\t<\/figure>\n\t\t\t\t\t\t\t\t\t<\/div>\n\t\t\t\t<\/div>\n\t\t\t\t\t<\/div>\n\t\t<\/div>\n\t\t\t\t\t<\/div>\n\t\t<\/section>\n\t\t\t\t<section class=\"elementor-section elementor-top-section elementor-element elementor-element-48fdef70 elementor-section-full_width elementor-hidden-mobile elementor-section-height-default elementor-section-height-default\" data-id=\"48fdef70\" data-element_type=\"section\" data-e-type=\"section\" data-settings=\"{&quot;background_background&quot;:&quot;classic&quot;}\">\n\t\t\t\t\t\t<div class=\"elementor-container elementor-column-gap-default\">\n\t\t\t\t\t<div class=\"elementor-column elementor-col-33 elementor-top-column elementor-element elementor-element-6d67b352\" data-id=\"6d67b352\" data-element_type=\"column\" data-e-type=\"column\">\n\t\t\t<div class=\"elementor-widget-wrap elementor-element-populated\">\n\t\t\t\t\t\t<div class=\"elementor-element elementor-element-17457074 elementor-widget elementor-widget-text-editor\" data-id=\"17457074\" data-element_type=\"widget\" data-e-type=\"widget\" data-widget_type=\"text-editor.default\">\n\t\t\t\t<div class=\"elementor-widget-container\">\n\t\t\t\t\t\t\t\t\t<p style=\"text-align: left;\"><strong>Bremen-Kopenhagen-Hamburg<\/strong>. Der M\u00e4dchenchor Hannover kann wieder reisen. Allen Corona-Widrigkeiten und kurzfristigen Planungs\u00e4nderungen zum Trotz veranstaltete der Konzertchor seine traditionelle Konzertreise &#8211; nach nunmehr fast 3 Jahren pandemiebedingter Zwangspause. Unter der Leitung von <strong>Andreas Felber<\/strong> (Klavier: <strong>Nicolai Kr\u00fcgel<\/strong>) konzertierten die S\u00e4ngerinnen am 22.10.22 im gut gef\u00fcllten <strong>Bremer Dom<\/strong> mit Werken von Schumann und Brahms, Schubert, Elberdin und Vaughan Williams. Das Konzert, mitgestaltet vom Konzertchor der dortigen M\u00e4dchenchorkantorei (Leitung: <strong>Markus Kaiser<\/strong>), wurde dabei, zum besonderen akustischen Finale der musikalischen Darbietungen, vom Nordschiff zur Westempore des imposanten Doms verlegt: von dort erklangen Mendelssohns <em>Laudate Pueri<\/em> und <em>Hebe deine Augen auf<\/em> &#8211; gemeinsam von beiden Ch\u00f6ren, unter gemeinsamen Dirigat.<br \/>Die <strong>Helligaanskirken<\/strong> in <strong>Kopenhagen<\/strong> bot den Rahmen zum n\u00e4chsten Konzert am 25.10. Als Gast beim Pigekor der renommierten Musikschule <strong>St. Annae Gymnasium<\/strong> erg\u00e4nzte der Hannoveraner M\u00e4dchenchor sein Programm diesmal mit Werken von Rheinberger (Wie lieblich sind deine Wohnungen),<\/p>\t\t\t\t\t\t\t\t<\/div>\n\t\t\t\t<\/div>\n\t\t\t\t\t<\/div>\n\t\t<\/div>\n\t\t\t\t<div class=\"elementor-column elementor-col-66 elementor-top-column elementor-element elementor-element-6ef32071\" data-id=\"6ef32071\" data-element_type=\"column\" data-e-type=\"column\">\n\t\t\t<div class=\"elementor-widget-wrap elementor-element-populated\">\n\t\t\t\t\t\t<div class=\"elementor-element elementor-element-2bd90798 elementor-widget elementor-widget-text-editor\" data-id=\"2bd90798\" data-element_type=\"widget\" data-e-type=\"widget\" data-widget_type=\"text-editor.default\">\n\t\t\t\t<div class=\"elementor-widget-container\">\n\t\t\t\t\t\t\t\t\t<p>Koerppen (Lustig ist&#8217;s vor allen Dingen), Menken (Go the Distance) und Pasek (Come Alive). Der Pigekor dagegen, dirigiert von <strong>Anne-Therese Sales<\/strong>, ber\u00fchrte mit seiner Interpretation von Werken u.a. von Nystedt, Arnesen, Thorsteinsson und Schierbecks <em>I Danmark er jeg foedt<\/em>. Ein weiteres d\u00e4nisches Lied, <em>Yndigt dufter Danmark<\/em>, fehlte auch nicht im gemeinsamen musikalischen Auftritt beider Ch\u00f6re zum Konzertende. Das zahlreiche Publikum dankte mit begeistertem Applaus.<br \/>Ein Begegnungskonzert mit dem <strong>M\u00e4dchenchor Hamburg<\/strong> unter <strong>Gesa Werhahn<\/strong> bildete den Abschluss der Reise. Unweit der Au\u00dfenalster gelegen, bot die <strong>St. Gertrud Kirche<\/strong> am 27.10.22 den festlichen Konzertrahmen vor zahlreich erschienenem Publikum. Begeisternder Auftritt des Gastgebers mit einem zeitgen\u00f6ssischen Programm; der M\u00e4dchenchor Hannover mit souver\u00e4nem musikalischem Streifzug durch Schuberts, Vaughan Williams&#8216; und Allan Menkens Jahrhundert. Ein hundertstimmiges <em>Hebe deine Augen auf<\/em> beider Ch\u00f6re sowie Brahms&#8216;, wie im Nichts verklingendes, <em>Guten Abend, gut&#8216; Nacht<\/em> kr\u00f6nten diesen hochklassigen Konzertabend.<\/p>\t\t\t\t\t\t\t\t<\/div>\n\t\t\t\t<\/div>\n\t\t\t\t\t<\/div>\n\t\t<\/div>\n\t\t\t\t\t<\/div>\n\t\t<\/section>\n\t\t\t\t<section class=\"elementor-section elementor-top-section elementor-element elementor-element-26d4810 elementor-section-full_width elementor-hidden-desktop elementor-hidden-tablet elementor-section-height-default elementor-section-height-default\" data-id=\"26d4810\" data-element_type=\"section\" data-e-type=\"section\" data-settings=\"{&quot;background_background&quot;:&quot;classic&quot;}\">\n\t\t\t\t\t\t<div class=\"elementor-container elementor-column-gap-default\">\n\t\t\t\t\t<div class=\"elementor-column elementor-col-100 elementor-top-column elementor-element elementor-element-1a79c2f\" data-id=\"1a79c2f\" data-element_type=\"column\" data-e-type=\"column\">\n\t\t\t<div class=\"elementor-widget-wrap elementor-element-populated\">\n\t\t\t\t\t\t<div class=\"elementor-element elementor-element-75e8e66 elementor-widget elementor-widget-text-editor\" data-id=\"75e8e66\" data-element_type=\"widget\" data-e-type=\"widget\" data-widget_type=\"text-editor.default\">\n\t\t\t\t<div class=\"elementor-widget-container\">\n\t\t\t\t\t\t\t\t\t<p style=\"text-align: left;\"><strong>Bremen-Kopenhagen-Hamburg<\/strong>. Der M\u00e4dchenchor Hannover kann wieder reisen. Allen Corona-Widrigkeiten und kurzfristigen Planungs\u00e4nderungen zum Trotz veranstaltete der Konzertchor seine traditionelle Konzertreise &#8211; nach nunmehr fast 3 Jahren pandemiebedingter Zwangspause. Unter der Leitung von <strong>Andreas Felber<\/strong> (Klavier: <strong>Nicolai Kr\u00fcgel<\/strong>) konzertierten die S\u00e4ngerinnen am 22.10.22 im gut gef\u00fcllten <strong>Bremer Dom<\/strong> mit Werken von Schumann und Brahms, Schubert, Elberdin und Vaughan Williams. Das Konzert, mitgestaltet vom Konzertchor der dortigen M\u00e4dchenchorkantorei (Leitung: <strong>Markus Kaiser<\/strong>), wurde dabei, zum besonderen akustischen Finale der musikalischen Darbietungen, vom Nordschiff zur Westempore des imposanten Doms verlegt: von dort erklangen Mendelssohns <em>Laudate Pueri<\/em> und <em>Hebe deine Augen auf<\/em> &#8211; gemeinsam von beiden Ch\u00f6ren, unter gemeinsamen Dirigat.<br \/>Die <strong>Helligaanskirken<\/strong> in <strong>Kopenhagen<\/strong> bot den Rahmen zum n\u00e4chsten Konzert am 25.10. Als Gast beim Pigekor der renommierten Musikschule <strong>St. Annae Gymnasium<\/strong> erg\u00e4nzte der Hannoveraner M\u00e4dchenchor sein Programm diesmal mit Werken von Rheinberger (Wie lieblich sind deine Wohnungen), Koerppen (Lustig ist&#8217;s vor allen Dingen), Menken (Go the Distance) und Pasek (Come Alive). Der Pigekor dagegen, dirigiert von <strong>Anne-Therese Sales<\/strong>, ber\u00fchrte mit seiner Interpretation von Werken u.a. von Nystedt, Arnesen, Thorsteinsson und Schierbecks <em>I Danmark er jeg foedt<\/em>. Ein weiteres d\u00e4nisches Lied, <em>Yndigt dufter Danmark<\/em>, fehlte auch nicht im gemeinsamen musikalischen Auftritt beider Ch\u00f6re zum Konzertende. Das zahlreiche Publikum dankte mit begeistertem Applaus.<br \/>Ein Begegnungskonzert mit dem <strong>M\u00e4dchenchor Hamburg<\/strong> unter <strong>Gesa Werhahn<\/strong> bildete den Abschluss der Reise. Unweit der Au\u00dfenalster gelegen, bot die <strong>St. Gertrud Kirche<\/strong> am 27.10.22 den festlichen Konzertrahmen vor zahlreich erschienenem Publikum. Begeisternder Auftritt des Gastgebers mit einem zeitgen\u00f6ssischen Programm; der M\u00e4dchenchor Hannover mit souver\u00e4nem musikalischem Streifzug durch Schuberts, Vaughan Williams&#8216; und Allan Menkens Jahrhundert. Ein hundertstimmiges <em>Hebe deine Augen auf<\/em> beider Ch\u00f6re sowie Brahms&#8216;, wie im Nichts verklingendes, <em>Guten Abend, gut&#8216; Nacht<\/em> kr\u00f6nten diesen hochklassigen Konzertabend.<\/p>\t\t\t\t\t\t\t\t<\/div>\n\t\t\t\t<\/div>\n\t\t\t\t\t<\/div>\n\t\t<\/div>\n\t\t\t\t\t<\/div>\n\t\t<\/section>\n\t\t\t\t<section class=\"elementor-section elementor-top-section elementor-element elementor-element-3701ed15 elementor-section-boxed elementor-section-height-default elementor-section-height-default\" data-id=\"3701ed15\" data-element_type=\"section\" data-e-type=\"section\">\n\t\t\t\t\t\t<div class=\"elementor-container elementor-column-gap-default\">\n\t\t\t\t\t<div class=\"elementor-column elementor-col-100 elementor-top-column elementor-element elementor-element-626d751d\" data-id=\"626d751d\" data-element_type=\"column\" data-e-type=\"column\">\n\t\t\t<div class=\"elementor-widget-wrap elementor-element-populated\">\n\t\t\t\t\t\t<div class=\"elementor-element elementor-element-710f27cf elementor-widget elementor-widget-toggle\" data-id=\"710f27cf\" data-element_type=\"widget\" data-e-type=\"widget\" data-widget_type=\"toggle.default\">\n\t\t\t\t<div class=\"elementor-widget-container\">\n\t\t\t\t\t\t\t<div class=\"elementor-toggle\">\n\t\t\t\t\t\t\t<div class=\"elementor-toggle-item\">\n\t\t\t\t\t<div id=\"elementor-tab-title-1891\" class=\"elementor-tab-title\" data-tab=\"1\" role=\"button\" aria-controls=\"elementor-tab-content-1891\" aria-expanded=\"false\">\n\t\t\t\t\t\t\t\t\t\t\t\t<span class=\"elementor-toggle-icon elementor-toggle-icon-left\" aria-hidden=\"true\">\n\t\t\t\t\t\t\t\t\t\t\t\t\t\t\t<span class=\"elementor-toggle-icon-closed\"><i class=\"fas fa-caret-right\"><\/i><\/span>\n\t\t\t\t\t\t\t\t<span class=\"elementor-toggle-icon-opened\"><i class=\"elementor-toggle-icon-opened fas fa-caret-up\"><\/i><\/span>\n\t\t\t\t\t\t\t\t\t\t\t\t\t<\/span>\n\t\t\t\t\t\t\t\t\t\t\t\t<a class=\"elementor-toggle-title\" tabindex=\"0\">Fotos <\/a>\n\t\t\t\t\t<\/div>\n\n\t\t\t\t\t<div id=\"elementor-tab-content-1891\" class=\"elementor-tab-content elementor-clearfix\" data-tab=\"1\" role=\"region\" aria-labelledby=\"elementor-tab-title-1891\"><p>(alle Fotos: (c) MCH)<\/p><figure id=\"attachment_30595\" aria-describedby=\"caption-attachment-30595\" style=\"width: 576px\" class=\"wp-caption aligncenter\"><a href=\"https:\/\/maedchenchor-hannover.de\/wp-content\/uploads\/Konzertreise_Daenemark_2022_c_jhc-81.jpg\" target=\"_blank\" rel=\"noopener\"><img decoding=\"async\" class=\"wp-image-30595 size-large\" src=\"https:\/\/maedchenchor-hannover.de\/wp-content\/uploads\/Konzertreise_Daenemark_2022_c_jhc-81-576x1024.jpg\" alt=\"\" width=\"576\" height=\"1024\" srcset=\"https:\/\/maedchenchor-hannover.de\/wp-content\/uploads\/Konzertreise_Daenemark_2022_c_jhc-81-576x1024.jpg 576w, https:\/\/maedchenchor-hannover.de\/wp-content\/uploads\/Konzertreise_Daenemark_2022_c_jhc-81-169x300.jpg 169w, https:\/\/maedchenchor-hannover.de\/wp-content\/uploads\/Konzertreise_Daenemark_2022_c_jhc-81-84x150.jpg 84w, https:\/\/maedchenchor-hannover.de\/wp-content\/uploads\/Konzertreise_Daenemark_2022_c_jhc-81-768x1365.jpg 768w, https:\/\/maedchenchor-hannover.de\/wp-content\/uploads\/Konzertreise_Daenemark_2022_c_jhc-81-864x1536.jpg 864w, https:\/\/maedchenchor-hannover.de\/wp-content\/uploads\/Konzertreise_Daenemark_2022_c_jhc-81-920x1636.jpg 920w, https:\/\/maedchenchor-hannover.de\/wp-content\/uploads\/Konzertreise_Daenemark_2022_c_jhc-81-230x409.jpg 230w, https:\/\/maedchenchor-hannover.de\/wp-content\/uploads\/Konzertreise_Daenemark_2022_c_jhc-81-350x622.jpg 350w, https:\/\/maedchenchor-hannover.de\/wp-content\/uploads\/Konzertreise_Daenemark_2022_c_jhc-81-480x853.jpg 480w, https:\/\/maedchenchor-hannover.de\/wp-content\/uploads\/Konzertreise_Daenemark_2022_c_jhc-81.jpg 1134w\" sizes=\"(max-width: 576px) 100vw, 576px\" \/><\/a><figcaption id=\"caption-attachment-30595\" class=\"wp-caption-text\">Imposantes Finale im Bremer Dom: M\u00e4dchenkantorei des Bremer Doms und M\u00e4dchenchor Hannover auf der Westempore, 22.10.22<\/figcaption><\/figure><figure id=\"attachment_30401\" aria-describedby=\"caption-attachment-30401\" style=\"width: 1024px\" class=\"wp-caption aligncenter\"><a href=\"https:\/\/maedchenchor-hannover.de\/wp-content\/uploads\/Konzertreise_Daenemark_2022_c_jhc-40.jpg\"><img decoding=\"async\" class=\"wp-image-30401 size-large\" src=\"https:\/\/maedchenchor-hannover.de\/wp-content\/uploads\/Konzertreise_Daenemark_2022_c_jhc-40-1024x768.jpg\" alt=\"\" width=\"1024\" height=\"768\" srcset=\"https:\/\/maedchenchor-hannover.de\/wp-content\/uploads\/Konzertreise_Daenemark_2022_c_jhc-40-1024x768.jpg 1024w, https:\/\/maedchenchor-hannover.de\/wp-content\/uploads\/Konzertreise_Daenemark_2022_c_jhc-40-300x225.jpg 300w, https:\/\/maedchenchor-hannover.de\/wp-content\/uploads\/Konzertreise_Daenemark_2022_c_jhc-40-150x113.jpg 150w, https:\/\/maedchenchor-hannover.de\/wp-content\/uploads\/Konzertreise_Daenemark_2022_c_jhc-40-768x576.jpg 768w, https:\/\/maedchenchor-hannover.de\/wp-content\/uploads\/Konzertreise_Daenemark_2022_c_jhc-40-1536x1152.jpg 1536w, https:\/\/maedchenchor-hannover.de\/wp-content\/uploads\/Konzertreise_Daenemark_2022_c_jhc-40-920x690.jpg 920w, https:\/\/maedchenchor-hannover.de\/wp-content\/uploads\/Konzertreise_Daenemark_2022_c_jhc-40-230x173.jpg 230w, https:\/\/maedchenchor-hannover.de\/wp-content\/uploads\/Konzertreise_Daenemark_2022_c_jhc-40-350x263.jpg 350w, https:\/\/maedchenchor-hannover.de\/wp-content\/uploads\/Konzertreise_Daenemark_2022_c_jhc-40-480x360.jpg 480w, https:\/\/maedchenchor-hannover.de\/wp-content\/uploads\/Konzertreise_Daenemark_2022_c_jhc-40.jpg 2016w\" sizes=\"(max-width: 1024px) 100vw, 1024px\" \/><\/a><figcaption id=\"caption-attachment-30401\" class=\"wp-caption-text\">Chorleiter Andreas Felber adressiert das Publikum beim gemeinsamen Auftritt des Pigekors des St. Ann\u00e6 Gymnasiums Kopenhagen und des M\u00e4dchenchor Hannover, 24.10.22<\/figcaption><\/figure><figure id=\"attachment_30413\" aria-describedby=\"caption-attachment-30413\" style=\"width: 1024px\" class=\"wp-caption aligncenter\"><a href=\"https:\/\/maedchenchor-hannover.de\/wp-content\/uploads\/Konzertreise_Daenemark_2022_c_jhc-99.jpg\"><img loading=\"lazy\" decoding=\"async\" class=\"wp-image-30413 size-large\" src=\"https:\/\/maedchenchor-hannover.de\/wp-content\/uploads\/Konzertreise_Daenemark_2022_c_jhc-99-1024x768.jpg\" alt=\"\" width=\"1024\" height=\"768\" srcset=\"https:\/\/maedchenchor-hannover.de\/wp-content\/uploads\/Konzertreise_Daenemark_2022_c_jhc-99-1024x768.jpg 1024w, https:\/\/maedchenchor-hannover.de\/wp-content\/uploads\/Konzertreise_Daenemark_2022_c_jhc-99-300x225.jpg 300w, https:\/\/maedchenchor-hannover.de\/wp-content\/uploads\/Konzertreise_Daenemark_2022_c_jhc-99-150x113.jpg 150w, https:\/\/maedchenchor-hannover.de\/wp-content\/uploads\/Konzertreise_Daenemark_2022_c_jhc-99-768x576.jpg 768w, https:\/\/maedchenchor-hannover.de\/wp-content\/uploads\/Konzertreise_Daenemark_2022_c_jhc-99-1536x1152.jpg 1536w, https:\/\/maedchenchor-hannover.de\/wp-content\/uploads\/Konzertreise_Daenemark_2022_c_jhc-99-920x690.jpg 920w, https:\/\/maedchenchor-hannover.de\/wp-content\/uploads\/Konzertreise_Daenemark_2022_c_jhc-99-230x173.jpg 230w, https:\/\/maedchenchor-hannover.de\/wp-content\/uploads\/Konzertreise_Daenemark_2022_c_jhc-99-350x263.jpg 350w, https:\/\/maedchenchor-hannover.de\/wp-content\/uploads\/Konzertreise_Daenemark_2022_c_jhc-99-480x360.jpg 480w, https:\/\/maedchenchor-hannover.de\/wp-content\/uploads\/Konzertreise_Daenemark_2022_c_jhc-99.jpg 2016w\" sizes=\"(max-width: 1024px) 100vw, 1024px\" \/><\/a><figcaption id=\"caption-attachment-30413\" class=\"wp-caption-text\">Konzertauftritt des M\u00e4dchenchor Hannover in der St. Gertrud Kirche in Hamburg, 27.10.22<\/figcaption><\/figure><figure id=\"attachment_30410\" aria-describedby=\"caption-attachment-30410\" style=\"width: 1024px\" class=\"wp-caption aligncenter\"><a href=\"https:\/\/maedchenchor-hannover.de\/wp-content\/uploads\/Konzertreise_Daenemark_2022_c_jhc-91.jpg\"><img loading=\"lazy\" decoding=\"async\" class=\"wp-image-30410 size-large\" src=\"https:\/\/maedchenchor-hannover.de\/wp-content\/uploads\/Konzertreise_Daenemark_2022_c_jhc-91-1024x768.jpg\" alt=\"\" width=\"1024\" height=\"768\" srcset=\"https:\/\/maedchenchor-hannover.de\/wp-content\/uploads\/Konzertreise_Daenemark_2022_c_jhc-91-1024x768.jpg 1024w, https:\/\/maedchenchor-hannover.de\/wp-content\/uploads\/Konzertreise_Daenemark_2022_c_jhc-91-300x225.jpg 300w, https:\/\/maedchenchor-hannover.de\/wp-content\/uploads\/Konzertreise_Daenemark_2022_c_jhc-91-150x113.jpg 150w, https:\/\/maedchenchor-hannover.de\/wp-content\/uploads\/Konzertreise_Daenemark_2022_c_jhc-91-768x576.jpg 768w, https:\/\/maedchenchor-hannover.de\/wp-content\/uploads\/Konzertreise_Daenemark_2022_c_jhc-91-1536x1152.jpg 1536w, https:\/\/maedchenchor-hannover.de\/wp-content\/uploads\/Konzertreise_Daenemark_2022_c_jhc-91-920x690.jpg 920w, https:\/\/maedchenchor-hannover.de\/wp-content\/uploads\/Konzertreise_Daenemark_2022_c_jhc-91-230x173.jpg 230w, https:\/\/maedchenchor-hannover.de\/wp-content\/uploads\/Konzertreise_Daenemark_2022_c_jhc-91-350x263.jpg 350w, https:\/\/maedchenchor-hannover.de\/wp-content\/uploads\/Konzertreise_Daenemark_2022_c_jhc-91-480x360.jpg 480w, https:\/\/maedchenchor-hannover.de\/wp-content\/uploads\/Konzertreise_Daenemark_2022_c_jhc-91.jpg 2016w\" sizes=\"(max-width: 1024px) 100vw, 1024px\" \/><\/a><figcaption id=\"caption-attachment-30410\" class=\"wp-caption-text\">Der M\u00e4dchenchor Hamburg unter Leitung von Gesa Werhahn interpretiert Arvo P\u00e4rts &#8222;Zwei Beter&#8220;, St. Gertrud Kirche Hamburg, 27.10.22<\/figcaption><\/figure><\/div>\n\t\t\t\t<\/div>\n\t\t\t\t\t\t\t\t<\/div>\n\t\t\t\t\t\t<\/div>\n\t\t\t\t<\/div>\n\t\t\t\t\t<\/div>\n\t\t<\/div>\n\t\t\t\t\t<\/div>\n\t\t<\/section>\n\t\t\t\t<\/div>\n\t\t","protected":false},"excerpt":{"rendered":"<p>Trias der Herbstkl\u00e4ngeErfolgreiche Konzerttournee mit Partnerch\u00f6renVer\u00f6ffentlicht: 31.10.2022 M\u00e4dchenchor Bremen, Bremer [&hellip;]<\/p>\n","protected":false},"author":1,"featured_media":0,"comment_status":"closed","ping_status":"closed","sticky":false,"template":"","format":"standard","meta":{"footnotes":""},"categories":[2],"tags":[],"class_list":["post-30520","post","type-post","status-publish","format-standard","hentry","category-news"],"_links":{"self":[{"href":"https:\/\/maedchenchor-hannover.de\/index.php?rest_route=\/wp\/v2\/posts\/30520","targetHints":{"allow":["GET"]}}],"collection":[{"href":"https:\/\/maedchenchor-hannover.de\/index.php?rest_route=\/wp\/v2\/posts"}],"about":[{"href":"https:\/\/maedchenchor-hannover.de\/index.php?rest_route=\/wp\/v2\/types\/post"}],"author":[{"embeddable":true,"href":"https:\/\/maedchenchor-hannover.de\/index.php?rest_route=\/wp\/v2\/users\/1"}],"replies":[{"embeddable":true,"href":"https:\/\/maedchenchor-hannover.de\/index.php?rest_route=%2Fwp%2Fv2%2Fcomments&post=30520"}],"version-history":[{"count":28,"href":"https:\/\/maedchenchor-hannover.de\/index.php?rest_route=\/wp\/v2\/posts\/30520\/revisions"}],"predecessor-version":[{"id":34330,"href":"https:\/\/maedchenchor-hannover.de\/index.php?rest_route=\/wp\/v2\/posts\/30520\/revisions\/34330"}],"wp:attachment":[{"href":"https:\/\/maedchenchor-hannover.de\/index.php?rest_route=%2Fwp%2Fv2%2Fmedia&parent=30520"}],"wp:term":[{"taxonomy":"category","embeddable":true,"href":"https:\/\/maedchenchor-hannover.de\/index.php?rest_route=%2Fwp%2Fv2%2Fcategories&post=30520"},{"taxonomy":"post_tag","embeddable":true,"href":"https:\/\/maedchenchor-hannover.de\/index.php?rest_route=%2Fwp%2Fv2%2Ftags&post=30520"}],"curies":[{"name":"wp","href":"https:\/\/api.w.org\/{rel}","templated":true}]}}