{"id":29186,"date":"2022-07-07T10:18:41","date_gmt":"2022-07-07T08:18:41","guid":{"rendered":"https:\/\/maedchenchor-hannover.de\/?p=29186"},"modified":"2023-09-12T16:28:06","modified_gmt":"2023-09-12T14:28:06","slug":"ein-hochgeschaetzter-wegbegleiter","status":"publish","type":"post","link":"https:\/\/maedchenchor-hannover.de\/?p=29186","title":{"rendered":"Ein hochgesch\u00e4tzter Wegbegleiter"},"content":{"rendered":"\t\t<div data-elementor-type=\"wp-post\" data-elementor-id=\"29186\" class=\"elementor elementor-29186\">\n\t\t\t\t\t\t<section class=\"elementor-section elementor-top-section elementor-element elementor-element-579709bf elementor-section-boxed elementor-section-height-default elementor-section-height-default\" data-id=\"579709bf\" data-element_type=\"section\" data-e-type=\"section\">\n\t\t\t\t\t\t<div class=\"elementor-container elementor-column-gap-default\">\n\t\t\t\t\t<div class=\"elementor-column elementor-col-100 elementor-top-column elementor-element elementor-element-1e22d2d1\" data-id=\"1e22d2d1\" data-element_type=\"column\" data-e-type=\"column\">\n\t\t\t<div class=\"elementor-widget-wrap elementor-element-populated\">\n\t\t\t\t\t\t<div class=\"elementor-element elementor-element-656417fb elementor-widget elementor-widget-text-editor\" data-id=\"656417fb\" data-element_type=\"widget\" data-e-type=\"widget\" data-widget_type=\"text-editor.default\">\n\t\t\t\t<div class=\"elementor-widget-container\">\n\t\t\t\t\t\t\t\t\t<p style=\"text-align: left;\">Ein hochgesch\u00e4tzter Wegbegleiter<br \/><span style=\"font-size: 70%; font-weight: 500; padding-top: 10px;\">Komponist Alfred Koerppen gestorben<\/span><br \/><span style=\"font-size: 40%; font-weight: 500;\">Ver\u00f6ffentlicht: 07.07.2022<\/span><\/p>\t\t\t\t\t\t\t\t<\/div>\n\t\t\t\t<\/div>\n\t\t\t\t\t<\/div>\n\t\t<\/div>\n\t\t\t\t\t<\/div>\n\t\t<\/section>\n\t\t\t\t<section class=\"elementor-section elementor-top-section elementor-element elementor-element-13b3db87 elementor-section-boxed elementor-section-height-default elementor-section-height-default\" data-id=\"13b3db87\" data-element_type=\"section\" data-e-type=\"section\" data-settings=\"{&quot;background_background&quot;:&quot;classic&quot;}\">\n\t\t\t\t\t\t<div class=\"elementor-container elementor-column-gap-default\">\n\t\t\t\t\t<div class=\"elementor-column elementor-col-100 elementor-top-column elementor-element elementor-element-772a92e2\" data-id=\"772a92e2\" data-element_type=\"column\" data-e-type=\"column\">\n\t\t\t<div class=\"elementor-widget-wrap elementor-element-populated\">\n\t\t\t\t\t\t<div class=\"elementor-element elementor-element-6c10a7fe elementor-widget elementor-widget-image\" data-id=\"6c10a7fe\" data-element_type=\"widget\" data-e-type=\"widget\" data-widget_type=\"image.default\">\n\t\t\t\t<div class=\"elementor-widget-container\">\n\t\t\t\t\t\t\t\t\t\t\t\t<figure class=\"wp-caption\">\n\t\t\t\t\t\t\t\t\t\t\t<a href=\"https:\/\/maedchenchor-hannover.de\/wp-content\/uploads\/alfred_Koerppen.jpg\" data-elementor-open-lightbox=\"yes\" data-elementor-lightbox-title=\"alfred_Koerppen\" data-e-action-hash=\"#elementor-action%3Aaction%3Dlightbox%26settings%3DeyJpZCI6MjkxOTIsInVybCI6Imh0dHBzOlwvXC9tYWVkY2hlbmNob3ItaGFubm92ZXIuZGVcL3dwLWNvbnRlbnRcL3VwbG9hZHNcL2FsZnJlZF9Lb2VycHBlbi5qcGcifQ%3D%3D\">\n\t\t\t\t\t\t\t<img fetchpriority=\"high\" decoding=\"async\" width=\"900\" height=\"624\" src=\"https:\/\/maedchenchor-hannover.de\/wp-content\/uploads\/alfred_Koerppen.jpg\" class=\"attachment-large size-large wp-image-29192\" alt=\"\" srcset=\"https:\/\/maedchenchor-hannover.de\/wp-content\/uploads\/alfred_Koerppen.jpg 900w, https:\/\/maedchenchor-hannover.de\/wp-content\/uploads\/alfred_Koerppen-300x208.jpg 300w, https:\/\/maedchenchor-hannover.de\/wp-content\/uploads\/alfred_Koerppen-150x104.jpg 150w, https:\/\/maedchenchor-hannover.de\/wp-content\/uploads\/alfred_Koerppen-768x532.jpg 768w, https:\/\/maedchenchor-hannover.de\/wp-content\/uploads\/alfred_Koerppen-230x159.jpg 230w, https:\/\/maedchenchor-hannover.de\/wp-content\/uploads\/alfred_Koerppen-350x243.jpg 350w, https:\/\/maedchenchor-hannover.de\/wp-content\/uploads\/alfred_Koerppen-480x333.jpg 480w\" sizes=\"(max-width: 900px) 100vw, 900px\" \/>\t\t\t\t\t\t\t\t<\/a>\n\t\t\t\t\t\t\t\t\t\t\t<figcaption class=\"widget-image-caption wp-caption-text\"><\/figcaption>\n\t\t\t\t\t\t\t\t\t\t<\/figure>\n\t\t\t\t\t\t\t\t\t<\/div>\n\t\t\t\t<\/div>\n\t\t\t\t\t<\/div>\n\t\t<\/div>\n\t\t\t\t\t<\/div>\n\t\t<\/section>\n\t\t\t\t<section class=\"elementor-section elementor-top-section elementor-element elementor-element-69bcb71 elementor-section-full_width elementor-section-height-default elementor-section-height-default\" data-id=\"69bcb71\" data-element_type=\"section\" data-e-type=\"section\" data-settings=\"{&quot;background_background&quot;:&quot;classic&quot;}\">\n\t\t\t\t\t\t<div class=\"elementor-container elementor-column-gap-default\">\n\t\t\t\t\t<div class=\"elementor-column elementor-col-100 elementor-top-column elementor-element elementor-element-76fd386a\" data-id=\"76fd386a\" data-element_type=\"column\" data-e-type=\"column\">\n\t\t\t<div class=\"elementor-widget-wrap elementor-element-populated\">\n\t\t\t\t\t\t<div class=\"elementor-element elementor-element-2a8d381e elementor-widget elementor-widget-text-editor\" data-id=\"2a8d381e\" data-element_type=\"widget\" data-e-type=\"widget\" data-widget_type=\"text-editor.default\">\n\t\t\t\t<div class=\"elementor-widget-container\">\n\t\t\t\t\t\t\t\t\t<p style=\"text-align: left;\"><strong>Burgdorf<\/strong>. Alfred Koerppen, hochgesch\u00e4tzter musikalischer Wegbegleiter des M\u00e4dchenchor Hannover, ist tot. Nach kurzer, schwerer Krankheit verstarb der Komponist am Dienstag im Alter von 95 Jahren. <br \/>Aus dem musikalischen Repertoire des M\u00e4dchenchors\u00a0 ist der Hannoveraner Komponist und ehemaliger Hochschullehrer nicht wegzudenken, schuf er doch viele Auftragswerke eigens f\u00fcr die jungen S\u00e4ngerinnen: <em>Was die Alten sungen, Josef und seine Br\u00fcder, Die drei Spinnerinnen, Der Zauberwald, Gebete aus der Arche <\/em>und <em>Missa in Commemoratione Defunctorum &#8211; <\/em>um nur einige zu nennen. Noch vor wenigen Tagen ehrte der M\u00e4dchenchor den Komponisten mit der Auff\u00fchrung von St\u00fccken aus dem Liederzyklus <em>Was die Alten sungen<\/em> &#8211; <strong>Alfred Koerppen<\/strong>, der dem M\u00e4dchenchor \u00fcber so viele Jahrzehnte eng verbunden war und zeitlebens blieb, sollte beim Festkonzert im Gro\u00dfen Sendesaal so eine letzte W\u00fcrdigung erfahren.<\/p>\t\t\t\t\t\t\t\t<\/div>\n\t\t\t\t<\/div>\n\t\t\t\t\t<\/div>\n\t\t<\/div>\n\t\t\t\t\t<\/div>\n\t\t<\/section>\n\t\t\t\t<section class=\"elementor-section elementor-top-section elementor-element elementor-element-29c81e85 elementor-section-boxed elementor-section-height-default elementor-section-height-default\" data-id=\"29c81e85\" data-element_type=\"section\" data-e-type=\"section\">\n\t\t\t\t\t\t<div class=\"elementor-container elementor-column-gap-default\">\n\t\t\t\t\t<div class=\"elementor-column elementor-col-100 elementor-top-column elementor-element elementor-element-10f01c60\" data-id=\"10f01c60\" data-element_type=\"column\" data-e-type=\"column\">\n\t\t\t<div class=\"elementor-widget-wrap elementor-element-populated\">\n\t\t\t\t\t\t<div class=\"elementor-element elementor-element-14d86111 elementor-widget elementor-widget-toggle\" data-id=\"14d86111\" data-element_type=\"widget\" data-e-type=\"widget\" data-widget_type=\"toggle.default\">\n\t\t\t\t<div class=\"elementor-widget-container\">\n\t\t\t\t\t\t\t<div class=\"elementor-toggle\">\n\t\t\t\t\t\t\t<div class=\"elementor-toggle-item\">\n\t\t\t\t\t<div id=\"elementor-tab-title-3491\" class=\"elementor-tab-title\" data-tab=\"1\" role=\"button\" aria-controls=\"elementor-tab-content-3491\" aria-expanded=\"false\">\n\t\t\t\t\t\t\t\t\t\t\t\t<span class=\"elementor-toggle-icon elementor-toggle-icon-left\" aria-hidden=\"true\">\n\t\t\t\t\t\t\t\t\t\t\t\t\t\t\t<span class=\"elementor-toggle-icon-closed\"><i class=\"fas fa-caret-right\"><\/i><\/span>\n\t\t\t\t\t\t\t\t<span class=\"elementor-toggle-icon-opened\"><i class=\"elementor-toggle-icon-opened fas fa-caret-up\"><\/i><\/span>\n\t\t\t\t\t\t\t\t\t\t\t\t\t<\/span>\n\t\t\t\t\t\t\t\t\t\t\t\t<a class=\"elementor-toggle-title\" tabindex=\"0\">Presse<\/a>\n\t\t\t\t\t<\/div>\n\n\t\t\t\t\t<div id=\"elementor-tab-content-3491\" class=\"elementor-tab-content elementor-clearfix\" data-tab=\"1\" role=\"region\" aria-labelledby=\"elementor-tab-title-3491\"><p>Hannoversche Allgemeine Zeitung vom 07.07.2022<br \/><a href=\"https:\/\/maedchenchor-hannover.de\/wp-content\/uploads\/HAZ-220707_zum-TodeVonKoerppen.pdf\"><img decoding=\"async\" class=\"aligncenter wp-image-29187 size-full\" src=\"https:\/\/maedchenchor-hannover.de\/wp-content\/uploads\/HAZ-220707_zum-TodeVonKoerppen.jpg\" alt=\"\" width=\"499\" height=\"775\" srcset=\"https:\/\/maedchenchor-hannover.de\/wp-content\/uploads\/HAZ-220707_zum-TodeVonKoerppen.jpg 499w, https:\/\/maedchenchor-hannover.de\/wp-content\/uploads\/HAZ-220707_zum-TodeVonKoerppen-193x300.jpg 193w, https:\/\/maedchenchor-hannover.de\/wp-content\/uploads\/HAZ-220707_zum-TodeVonKoerppen-97x150.jpg 97w, https:\/\/maedchenchor-hannover.de\/wp-content\/uploads\/HAZ-220707_zum-TodeVonKoerppen-230x357.jpg 230w, https:\/\/maedchenchor-hannover.de\/wp-content\/uploads\/HAZ-220707_zum-TodeVonKoerppen-350x544.jpg 350w, https:\/\/maedchenchor-hannover.de\/wp-content\/uploads\/HAZ-220707_zum-TodeVonKoerppen-480x745.jpg 480w\" sizes=\"(max-width: 499px) 100vw, 499px\" \/><\/a><\/p><\/div>\n\t\t\t\t<\/div>\n\t\t\t\t\t\t\t\t<\/div>\n\t\t\t\t\t\t<\/div>\n\t\t\t\t<\/div>\n\t\t\t\t\t<\/div>\n\t\t<\/div>\n\t\t\t\t\t<\/div>\n\t\t<\/section>\n\t\t\t\t<\/div>\n\t\t","protected":false},"excerpt":{"rendered":"<p>Ein hochgesch\u00e4tzter WegbegleiterKomponist Alfred Koerppen gestorbenVer\u00f6ffentlicht: 07.07.2022 Burgdorf. Alfred Koerppen, [&hellip;]<\/p>\n","protected":false},"author":1,"featured_media":0,"comment_status":"closed","ping_status":"closed","sticky":false,"template":"","format":"standard","meta":{"footnotes":""},"categories":[2],"tags":[],"class_list":["post-29186","post","type-post","status-publish","format-standard","hentry","category-news"],"_links":{"self":[{"href":"https:\/\/maedchenchor-hannover.de\/index.php?rest_route=\/wp\/v2\/posts\/29186","targetHints":{"allow":["GET"]}}],"collection":[{"href":"https:\/\/maedchenchor-hannover.de\/index.php?rest_route=\/wp\/v2\/posts"}],"about":[{"href":"https:\/\/maedchenchor-hannover.de\/index.php?rest_route=\/wp\/v2\/types\/post"}],"author":[{"embeddable":true,"href":"https:\/\/maedchenchor-hannover.de\/index.php?rest_route=\/wp\/v2\/users\/1"}],"replies":[{"embeddable":true,"href":"https:\/\/maedchenchor-hannover.de\/index.php?rest_route=%2Fwp%2Fv2%2Fcomments&post=29186"}],"version-history":[{"count":21,"href":"https:\/\/maedchenchor-hannover.de\/index.php?rest_route=\/wp\/v2\/posts\/29186\/revisions"}],"predecessor-version":[{"id":35853,"href":"https:\/\/maedchenchor-hannover.de\/index.php?rest_route=\/wp\/v2\/posts\/29186\/revisions\/35853"}],"wp:attachment":[{"href":"https:\/\/maedchenchor-hannover.de\/index.php?rest_route=%2Fwp%2Fv2%2Fmedia&parent=29186"}],"wp:term":[{"taxonomy":"category","embeddable":true,"href":"https:\/\/maedchenchor-hannover.de\/index.php?rest_route=%2Fwp%2Fv2%2Fcategories&post=29186"},{"taxonomy":"post_tag","embeddable":true,"href":"https:\/\/maedchenchor-hannover.de\/index.php?rest_route=%2Fwp%2Fv2%2Ftags&post=29186"}],"curies":[{"name":"wp","href":"https:\/\/api.w.org\/{rel}","templated":true}]}}