{"id":27569,"date":"2022-02-07T09:04:15","date_gmt":"2022-02-07T08:04:15","guid":{"rendered":"https:\/\/maedchenchor-hannover.de\/?p=27569"},"modified":"2023-09-12T15:17:40","modified_gmt":"2023-09-12T13:17:40","slug":"70jahre-maedchenchor-im-fernsehen","status":"publish","type":"post","link":"https:\/\/maedchenchor-hannover.de\/?p=27569","title":{"rendered":"70Jahre-M\u00e4dchenchor im Fernsehen"},"content":{"rendered":"\t\t<div data-elementor-type=\"wp-post\" data-elementor-id=\"27569\" class=\"elementor elementor-27569\">\n\t\t\t\t\t\t<section class=\"elementor-section elementor-top-section elementor-element elementor-element-3b38d5d2 elementor-section-boxed elementor-section-height-default elementor-section-height-default\" data-id=\"3b38d5d2\" data-element_type=\"section\" data-e-type=\"section\">\n\t\t\t\t\t\t<div class=\"elementor-container elementor-column-gap-default\">\n\t\t\t\t\t<div class=\"elementor-column elementor-col-100 elementor-top-column elementor-element elementor-element-798f9ad3\" data-id=\"798f9ad3\" data-element_type=\"column\" data-e-type=\"column\">\n\t\t\t<div class=\"elementor-widget-wrap elementor-element-populated\">\n\t\t\t\t\t\t<div class=\"elementor-element elementor-element-32a8e2f9 elementor-widget elementor-widget-text-editor\" data-id=\"32a8e2f9\" data-element_type=\"widget\" data-e-type=\"widget\" data-widget_type=\"text-editor.default\">\n\t\t\t\t<div class=\"elementor-widget-container\">\n\t\t\t\t\t\t\t\t\t<p style=\"text-align: left;\">70 Jahre &#8211; im Fernsehen<br \/><span style=\"font-size: 70%; font-weight: 500; padding-top: 10px;\">M\u00e4dchenchor-Jubil\u00e4um im NDR-Fernsehbeitrag <\/span><br \/><span style=\"font-size: 40%; font-weight: 500;\">Ver\u00f6ffentlicht: 07.02.2022<\/span><\/p>\t\t\t\t\t\t\t\t<\/div>\n\t\t\t\t<\/div>\n\t\t\t\t\t<\/div>\n\t\t<\/div>\n\t\t\t\t\t<\/div>\n\t\t<\/section>\n\t\t\t\t<section class=\"elementor-section elementor-top-section elementor-element elementor-element-79fa53fd elementor-section-boxed elementor-section-height-default elementor-section-height-default\" data-id=\"79fa53fd\" data-element_type=\"section\" data-e-type=\"section\" data-settings=\"{&quot;background_background&quot;:&quot;classic&quot;}\">\n\t\t\t\t\t\t<div class=\"elementor-container elementor-column-gap-default\">\n\t\t\t\t\t<div class=\"elementor-column elementor-col-100 elementor-top-column elementor-element elementor-element-f01621e\" data-id=\"f01621e\" data-element_type=\"column\" data-e-type=\"column\">\n\t\t\t<div class=\"elementor-widget-wrap elementor-element-populated\">\n\t\t\t\t\t\t<div class=\"elementor-element elementor-element-156c3afc elementor-widget elementor-widget-image\" data-id=\"156c3afc\" data-element_type=\"widget\" data-e-type=\"widget\" data-widget_type=\"image.default\">\n\t\t\t\t<div class=\"elementor-widget-container\">\n\t\t\t\t\t\t\t\t\t\t\t\t<figure class=\"wp-caption\">\n\t\t\t\t\t\t\t\t\t\t\t<a href=\"https:\/\/maedchenchor-hannover.de\/wp-content\/uploads\/220123_NJK-c-Carsten-Peter-Schulze.jpg\" data-elementor-open-lightbox=\"yes\" data-elementor-lightbox-title=\"220123_NJK-(c)-Carsten-Peter-Schulze\" data-e-action-hash=\"#elementor-action%3Aaction%3Dlightbox%26settings%3DeyJpZCI6Mjc1OTIsInVybCI6Imh0dHBzOlwvXC9tYWVkY2hlbmNob3ItaGFubm92ZXIuZGVcL3dwLWNvbnRlbnRcL3VwbG9hZHNcLzIyMDEyM19OSkstYy1DYXJzdGVuLVBldGVyLVNjaHVsemUuanBnIn0%3D\">\n\t\t\t\t\t\t\t<img fetchpriority=\"high\" decoding=\"async\" width=\"1000\" height=\"563\" src=\"https:\/\/maedchenchor-hannover.de\/wp-content\/uploads\/220123_NJK-c-Carsten-Peter-Schulze.jpg\" class=\"attachment-large size-large wp-image-27592\" alt=\"\" srcset=\"https:\/\/maedchenchor-hannover.de\/wp-content\/uploads\/220123_NJK-c-Carsten-Peter-Schulze.jpg 1000w, https:\/\/maedchenchor-hannover.de\/wp-content\/uploads\/220123_NJK-c-Carsten-Peter-Schulze-300x169.jpg 300w, https:\/\/maedchenchor-hannover.de\/wp-content\/uploads\/220123_NJK-c-Carsten-Peter-Schulze-150x84.jpg 150w, https:\/\/maedchenchor-hannover.de\/wp-content\/uploads\/220123_NJK-c-Carsten-Peter-Schulze-768x432.jpg 768w, https:\/\/maedchenchor-hannover.de\/wp-content\/uploads\/220123_NJK-c-Carsten-Peter-Schulze-830x467.jpg 830w, https:\/\/maedchenchor-hannover.de\/wp-content\/uploads\/220123_NJK-c-Carsten-Peter-Schulze-230x129.jpg 230w, https:\/\/maedchenchor-hannover.de\/wp-content\/uploads\/220123_NJK-c-Carsten-Peter-Schulze-350x197.jpg 350w, https:\/\/maedchenchor-hannover.de\/wp-content\/uploads\/220123_NJK-c-Carsten-Peter-Schulze-480x270.jpg 480w\" sizes=\"(max-width: 1000px) 100vw, 1000px\" \/>\t\t\t\t\t\t\t\t<\/a>\n\t\t\t\t\t\t\t\t\t\t\t<figcaption class=\"widget-image-caption wp-caption-text\">M\u00e4dchenchor Hannover (Foto: Carsten Peter Schulze)<\/figcaption>\n\t\t\t\t\t\t\t\t\t\t<\/figure>\n\t\t\t\t\t\t\t\t\t<\/div>\n\t\t\t\t<\/div>\n\t\t\t\t\t<\/div>\n\t\t<\/div>\n\t\t\t\t\t<\/div>\n\t\t<\/section>\n\t\t\t\t<section class=\"elementor-section elementor-top-section elementor-element elementor-element-4758e716 elementor-section-full_width elementor-section-height-default elementor-section-height-default\" data-id=\"4758e716\" data-element_type=\"section\" data-e-type=\"section\" data-settings=\"{&quot;background_background&quot;:&quot;classic&quot;}\">\n\t\t\t\t\t\t<div class=\"elementor-container elementor-column-gap-default\">\n\t\t\t\t\t<div class=\"elementor-column elementor-col-100 elementor-top-column elementor-element elementor-element-a57cbf8\" data-id=\"a57cbf8\" data-element_type=\"column\" data-e-type=\"column\">\n\t\t\t<div class=\"elementor-widget-wrap elementor-element-populated\">\n\t\t\t\t\t\t<div class=\"elementor-element elementor-element-61cb5e10 elementor-widget elementor-widget-text-editor\" data-id=\"61cb5e10\" data-element_type=\"widget\" data-e-type=\"widget\" data-widget_type=\"text-editor.default\">\n\t\t\t\t<div class=\"elementor-widget-container\">\n\t\t\t\t\t\t\t\t\t<p style=\"text-align: left;\"><strong>Hannover<\/strong>. 70 Jahre M\u00e4dchenchor im <strong>Fernsehbeitrag des NDR<\/strong>. Frisch und lebendig wurde der M\u00e4dchenchor Hannover in der Sendung &#8222;Hallo Niedersachsen&#8220; am vergangenen Samstag pr\u00e4sentiert. Ein lebendiger, unverstellter Einblick in Probenarbeit, Konzertvorbereitung und die Konzentration vor dem Auftritt, dargestellt und beschrieben vom Chorleiter und von den Protagonistinnen selbst. Die Sendung k\u00f6nnen Sie <a href=\"https:\/\/www.ardmediathek.de\/video\/hallo-niedersachsen\/70-jahre-maedchenchor-hannover\/ndr-niedersachsen\/Y3JpZDovL25kci5kZS8yMTFjNzMwZS05YWU4LTQ5ODAtOWExZC00YmQyNDI5Y2E2Mjk\/\" target=\"_blank\" rel=\"noopener\"><span style=\"text-decoration: underline;\"><strong>hier in der NDR-Mediathek<\/strong><\/span><\/a> noch einmal sehen.<\/p>\t\t\t\t\t\t\t\t<\/div>\n\t\t\t\t<\/div>\n\t\t\t\t\t<\/div>\n\t\t<\/div>\n\t\t\t\t\t<\/div>\n\t\t<\/section>\n\t\t\t\t<\/div>\n\t\t","protected":false},"excerpt":{"rendered":"<p>70 Jahre &#8211; im FernsehenM\u00e4dchenchor-Jubil\u00e4um im NDR-Fernsehbeitrag Ver\u00f6ffentlicht: 07.02.2022 M\u00e4dchenchor [&hellip;]<\/p>\n","protected":false},"author":1,"featured_media":0,"comment_status":"closed","ping_status":"closed","sticky":false,"template":"","format":"standard","meta":{"footnotes":""},"categories":[2],"tags":[],"class_list":["post-27569","post","type-post","status-publish","format-standard","hentry","category-news"],"_links":{"self":[{"href":"https:\/\/maedchenchor-hannover.de\/index.php?rest_route=\/wp\/v2\/posts\/27569","targetHints":{"allow":["GET"]}}],"collection":[{"href":"https:\/\/maedchenchor-hannover.de\/index.php?rest_route=\/wp\/v2\/posts"}],"about":[{"href":"https:\/\/maedchenchor-hannover.de\/index.php?rest_route=\/wp\/v2\/types\/post"}],"author":[{"embeddable":true,"href":"https:\/\/maedchenchor-hannover.de\/index.php?rest_route=\/wp\/v2\/users\/1"}],"replies":[{"embeddable":true,"href":"https:\/\/maedchenchor-hannover.de\/index.php?rest_route=%2Fwp%2Fv2%2Fcomments&post=27569"}],"version-history":[{"count":39,"href":"https:\/\/maedchenchor-hannover.de\/index.php?rest_route=\/wp\/v2\/posts\/27569\/revisions"}],"predecessor-version":[{"id":35780,"href":"https:\/\/maedchenchor-hannover.de\/index.php?rest_route=\/wp\/v2\/posts\/27569\/revisions\/35780"}],"wp:attachment":[{"href":"https:\/\/maedchenchor-hannover.de\/index.php?rest_route=%2Fwp%2Fv2%2Fmedia&parent=27569"}],"wp:term":[{"taxonomy":"category","embeddable":true,"href":"https:\/\/maedchenchor-hannover.de\/index.php?rest_route=%2Fwp%2Fv2%2Fcategories&post=27569"},{"taxonomy":"post_tag","embeddable":true,"href":"https:\/\/maedchenchor-hannover.de\/index.php?rest_route=%2Fwp%2Fv2%2Ftags&post=27569"}],"curies":[{"name":"wp","href":"https:\/\/api.w.org\/{rel}","templated":true}]}}