{"id":27502,"date":"2022-02-03T13:21:28","date_gmt":"2022-02-03T12:21:28","guid":{"rendered":"https:\/\/maedchenchor-hannover.de\/?p=27502"},"modified":"2023-09-12T15:17:05","modified_gmt":"2023-09-12T13:17:05","slug":"neujahrskonzert2022","status":"publish","type":"post","link":"https:\/\/maedchenchor-hannover.de\/?p=27502","title":{"rendered":"Neujahrskonzert2022"},"content":{"rendered":"\t\t<div data-elementor-type=\"wp-post\" data-elementor-id=\"27502\" class=\"elementor elementor-27502\">\n\t\t\t\t\t\t<section class=\"elementor-section elementor-top-section elementor-element elementor-element-27319229 elementor-section-boxed elementor-section-height-default elementor-section-height-default\" data-id=\"27319229\" data-element_type=\"section\" data-e-type=\"section\">\n\t\t\t\t\t\t<div class=\"elementor-container elementor-column-gap-default\">\n\t\t\t\t\t<div class=\"elementor-column elementor-col-100 elementor-top-column elementor-element elementor-element-7138a1ab\" data-id=\"7138a1ab\" data-element_type=\"column\" data-e-type=\"column\">\n\t\t\t<div class=\"elementor-widget-wrap elementor-element-populated\">\n\t\t\t\t\t\t<div class=\"elementor-element elementor-element-22605cf0 elementor-widget elementor-widget-text-editor\" data-id=\"22605cf0\" data-element_type=\"widget\" data-e-type=\"widget\" data-widget_type=\"text-editor.default\">\n\t\t\t\t<div class=\"elementor-widget-container\">\n\t\t\t\t\t\t\t\t\t<p style=\"text-align: left;\">M\u00e4rchenhaftes Neujahrskonzert<br \/><span style=\"font-size: 70%; font-weight: 500; padding-top: 10px;\">Zwei Urauff\u00fchrungen zum Auftakt des Festjahres<\/span><br \/><span style=\"font-size: 40%; font-weight: 500;\">Ver\u00f6ffentlicht: 03.02.2022<\/span><\/p>\t\t\t\t\t\t\t\t<\/div>\n\t\t\t\t<\/div>\n\t\t\t\t\t<\/div>\n\t\t<\/div>\n\t\t\t\t\t<\/div>\n\t\t<\/section>\n\t\t\t\t<section class=\"elementor-section elementor-top-section elementor-element elementor-element-3af53b5c elementor-section-boxed elementor-section-height-default elementor-section-height-default\" data-id=\"3af53b5c\" data-element_type=\"section\" data-e-type=\"section\" data-settings=\"{&quot;background_background&quot;:&quot;classic&quot;}\">\n\t\t\t\t\t\t<div class=\"elementor-container elementor-column-gap-default\">\n\t\t\t\t\t<div class=\"elementor-column elementor-col-100 elementor-top-column elementor-element elementor-element-3903d3d5\" data-id=\"3903d3d5\" data-element_type=\"column\" data-e-type=\"column\">\n\t\t\t<div class=\"elementor-widget-wrap elementor-element-populated\">\n\t\t\t\t\t\t<div class=\"elementor-element elementor-element-4603c9ab elementor-widget elementor-widget-image\" data-id=\"4603c9ab\" data-element_type=\"widget\" data-e-type=\"widget\" data-widget_type=\"image.default\">\n\t\t\t\t<div class=\"elementor-widget-container\">\n\t\t\t\t\t\t\t\t\t\t\t\t<figure class=\"wp-caption\">\n\t\t\t\t\t\t\t\t\t\t\t<a href=\"https:\/\/maedchenchor-hannover.de\/wp-content\/uploads\/220123_NJK-c-Carsten-Peter-Schulze-13.jpeg\" data-elementor-open-lightbox=\"yes\" data-elementor-lightbox-title=\"220123_NJK (c) Carsten Peter Schulze (13)\" data-e-action-hash=\"#elementor-action%3Aaction%3Dlightbox%26settings%3DeyJpZCI6Mjc1MDMsInVybCI6Imh0dHBzOlwvXC9tYWVkY2hlbmNob3ItaGFubm92ZXIuZGVcL3dwLWNvbnRlbnRcL3VwbG9hZHNcLzIyMDEyM19OSkstYy1DYXJzdGVuLVBldGVyLVNjaHVsemUtMTMuanBlZyJ9\">\n\t\t\t\t\t\t\t<img fetchpriority=\"high\" decoding=\"async\" width=\"1024\" height=\"576\" src=\"https:\/\/maedchenchor-hannover.de\/wp-content\/uploads\/220123_NJK-c-Carsten-Peter-Schulze-13-1024x576.jpeg\" class=\"attachment-large size-large wp-image-27503\" alt=\"\" srcset=\"https:\/\/maedchenchor-hannover.de\/wp-content\/uploads\/220123_NJK-c-Carsten-Peter-Schulze-13-1024x576.jpeg 1024w, https:\/\/maedchenchor-hannover.de\/wp-content\/uploads\/220123_NJK-c-Carsten-Peter-Schulze-13-300x169.jpeg 300w, https:\/\/maedchenchor-hannover.de\/wp-content\/uploads\/220123_NJK-c-Carsten-Peter-Schulze-13-150x84.jpeg 150w, https:\/\/maedchenchor-hannover.de\/wp-content\/uploads\/220123_NJK-c-Carsten-Peter-Schulze-13-768x432.jpeg 768w, https:\/\/maedchenchor-hannover.de\/wp-content\/uploads\/220123_NJK-c-Carsten-Peter-Schulze-13-1536x864.jpeg 1536w, https:\/\/maedchenchor-hannover.de\/wp-content\/uploads\/220123_NJK-c-Carsten-Peter-Schulze-13-830x467.jpeg 830w, https:\/\/maedchenchor-hannover.de\/wp-content\/uploads\/220123_NJK-c-Carsten-Peter-Schulze-13-230x129.jpeg 230w, https:\/\/maedchenchor-hannover.de\/wp-content\/uploads\/220123_NJK-c-Carsten-Peter-Schulze-13-350x197.jpeg 350w, https:\/\/maedchenchor-hannover.de\/wp-content\/uploads\/220123_NJK-c-Carsten-Peter-Schulze-13-480x270.jpeg 480w, https:\/\/maedchenchor-hannover.de\/wp-content\/uploads\/220123_NJK-c-Carsten-Peter-Schulze-13.jpeg 2000w\" sizes=\"(max-width: 1024px) 100vw, 1024px\" \/>\t\t\t\t\t\t\t\t<\/a>\n\t\t\t\t\t\t\t\t\t\t\t<figcaption class=\"widget-image-caption wp-caption-text\">M\u00e4dchenchor Hannover, Staatsoper,  23.1.22 (Foto: Carsten Peter Schulze)<\/figcaption>\n\t\t\t\t\t\t\t\t\t\t<\/figure>\n\t\t\t\t\t\t\t\t\t<\/div>\n\t\t\t\t<\/div>\n\t\t\t\t\t<\/div>\n\t\t<\/div>\n\t\t\t\t\t<\/div>\n\t\t<\/section>\n\t\t\t\t<section class=\"elementor-section elementor-top-section elementor-element elementor-element-1ea68f1a elementor-section-full_width elementor-hidden-mobile elementor-section-height-default elementor-section-height-default\" data-id=\"1ea68f1a\" data-element_type=\"section\" data-e-type=\"section\" data-settings=\"{&quot;background_background&quot;:&quot;classic&quot;}\">\n\t\t\t\t\t\t<div class=\"elementor-container elementor-column-gap-default\">\n\t\t\t\t\t<div class=\"elementor-column elementor-col-33 elementor-top-column elementor-element elementor-element-51249d92\" data-id=\"51249d92\" data-element_type=\"column\" data-e-type=\"column\">\n\t\t\t<div class=\"elementor-widget-wrap elementor-element-populated\">\n\t\t\t\t\t\t<div class=\"elementor-element elementor-element-4fef8e96 elementor-widget elementor-widget-text-editor\" data-id=\"4fef8e96\" data-element_type=\"widget\" data-e-type=\"widget\" data-widget_type=\"text-editor.default\">\n\t\t\t\t<div class=\"elementor-widget-container\">\n\t\t\t\t\t\t\t\t\t<p style=\"text-align: left;\"><strong>Hannover<\/strong>. Das Neujahrskonzert des M\u00e4dchenchor Hannover zu Beginn eines jeden Jahres geh\u00f6rt zu den traditionellen Konzerten in Hannover. Zum Festjahr 2022 (70j\u00e4hriges Bestehen M\u00e4dchenchors) pr\u00e4sentierten die vier Chorstufen am 23. Januar in der Staatsoper ein abwechslungsreiches Programm. F\u00fcr viele M\u00e4dchen der Vorgruppen war es der erste Auftritt, da f\u00fcr sie seit fast zwei Jahren keine Konzerte hatten stattfinden k\u00f6nnen. Mit Begeisterung f\u00fchrten nun die S\u00e4ngerinnen der Vokalen Grundstufe, der Vorklasse und des Nachwuchschores St\u00fccke von Carl Reinecke und Ludwig van Beethoven auf, geleitet von Gabriele Sch\u00f6nw\u00e4lder und Swantje Bein (Klavier). <br \/>Nach verdientem Applaus f\u00fchrte der Konzertchor das Progreamm fort, beginnend mit dem titelgebenden Werk \u201eDie Sterntaler\u201c von Jan M\u00fcller-Wieland, der Urauff\u00fchrung einer Auftragskomposition des M\u00e4dchenchors. <\/p>\t\t\t\t\t\t\t\t<\/div>\n\t\t\t\t<\/div>\n\t\t\t\t\t<\/div>\n\t\t<\/div>\n\t\t\t\t<div class=\"elementor-column elementor-col-66 elementor-top-column elementor-element elementor-element-52743d73\" data-id=\"52743d73\" data-element_type=\"column\" data-e-type=\"column\">\n\t\t\t<div class=\"elementor-widget-wrap elementor-element-populated\">\n\t\t\t\t\t\t<div class=\"elementor-element elementor-element-24d99afe elementor-widget elementor-widget-text-editor\" data-id=\"24d99afe\" data-element_type=\"widget\" data-e-type=\"widget\" data-widget_type=\"text-editor.default\">\n\t\t\t\t<div class=\"elementor-widget-container\">\n\t\t\t\t\t\t\t\t\t<p>Unter der Leitung von Andreas Felber, mit dem Ensemble Oktoplus und Nicolai Kr\u00fcgel am Klavier interpretierten die S\u00e4ngerinnen das M\u00e4rchen der Gebr\u00fcder Grimm. Eine zweite Urauff\u00fchrung, \u201eDie Nachtigall\u201c von Pier Damiano Peretti pr\u00e4sentierte der Chor im Anschlu\u00df. Die namensgebende Nachtigall (aus dem M\u00e4rchen von Hans Christian Andersen) wurde von Christoph Renz (Fl\u00f6te) filigran intoniert. Die folgenden St\u00fccke \u201ePeace in our time\u201c von Fredrik Sixten und \u201eSalve Regina\u201c von Josu Elberdin sorgten f\u00fcr einen Kontrast zu den beiden moderner gehaltenen Urauff\u00fchrungen.<br \/>Den Abschluss bildeten zwei Lieder, die ebenfalls eigens f\u00fcr den Chor arrangiert wurden. Mit \u201eCome Alive\u201c und \u201eGo the distance\u201c lie\u00df der Konzertchor sein Neujahrskonzert beschwingt im, unter Coronabedingungen ausverkauften Haus, ausklingen. <em>(jt)<\/em><\/p>\t\t\t\t\t\t\t\t<\/div>\n\t\t\t\t<\/div>\n\t\t\t\t\t<\/div>\n\t\t<\/div>\n\t\t\t\t\t<\/div>\n\t\t<\/section>\n\t\t\t\t<section class=\"elementor-section elementor-top-section elementor-element elementor-element-e7d1269 elementor-section-full_width elementor-hidden-desktop elementor-hidden-tablet elementor-section-height-default elementor-section-height-default\" data-id=\"e7d1269\" data-element_type=\"section\" data-e-type=\"section\" data-settings=\"{&quot;background_background&quot;:&quot;classic&quot;}\">\n\t\t\t\t\t\t<div class=\"elementor-container elementor-column-gap-default\">\n\t\t\t\t\t<div class=\"elementor-column elementor-col-100 elementor-top-column elementor-element elementor-element-81c14e2\" data-id=\"81c14e2\" data-element_type=\"column\" data-e-type=\"column\">\n\t\t\t<div class=\"elementor-widget-wrap elementor-element-populated\">\n\t\t\t\t\t\t<div class=\"elementor-element elementor-element-5189400 elementor-widget elementor-widget-text-editor\" data-id=\"5189400\" data-element_type=\"widget\" data-e-type=\"widget\" data-widget_type=\"text-editor.default\">\n\t\t\t\t<div class=\"elementor-widget-container\">\n\t\t\t\t\t\t\t\t\t<p style=\"text-align: left;\"><strong>Hannover<\/strong>. Das Neujahrskonzert des M\u00e4dchenchor Hannover zu Beginn eines jeden Jahres geh\u00f6rt zu den traditionellen Konzerten in Hannover. Zum Festjahr 2022 (70j\u00e4hriges Bestehen M\u00e4dchenchors) pr\u00e4sentierten die vier Chorstufen am 23. Januar in der Staatsoper ein abwechslungsreiches Programm. F\u00fcr viele M\u00e4dchen der Vorgruppen war es der erste Auftritt, da f\u00fcr sie seit fast zwei Jahren keine Konzerte hatten stattfinden k\u00f6nnen. Mit Begeisterung f\u00fchrten nun die S\u00e4ngerinnen der Vokalen Grundstufe, der Vorklasse und des Nachwuchschores St\u00fccke von Carl Reinecke und Ludwig van Beethoven auf, geleitet von Gabriele Sch\u00f6nw\u00e4lder und Swantje Bein (Klavier). <br \/>Nach verdientem Applaus f\u00fchrte der Konzertchor das Progreamm fort, beginnend mit dem titelgebenden Werk \u201eDie Sterntaler\u201c von Jan M\u00fcller-Wieland, der Urauff\u00fchrung einer Auftragskomposition des M\u00e4dchenchors. Unter der Leitung von Andreas Felber, mit dem Ensemble Oktoplus und Nicolai Kr\u00fcgel am Klavier interpretierten die S\u00e4ngerinnen das M\u00e4rchen der Gebr\u00fcder Grimm. Eine zweite Urauff\u00fchrung, \u201eDie Nachtigall\u201c von Pier Damiano Peretti pr\u00e4sentierte der Chor im Anschlu\u00df. Die namensgebende Nachtigall (aus dem M\u00e4rchen von Hans Christian Andersen) wurde von Christoph Renz (Fl\u00f6te) filigran intoniert. Die folgenden St\u00fccke \u201ePeace in our time\u201c von Fredrik Sixten und \u201eSalve Regina\u201c von Josu Elberdin sorgten f\u00fcr einen Kontrast zu den beiden moderner gehaltenen Urauff\u00fchrungen.<br \/>Den Abschluss bildeten zwei Lieder, die ebenfalls eigens f\u00fcr den Chor arrangiert wurden. Mit \u201eCome Alive\u201c und \u201eGo the distance\u201c lie\u00df der Konzertchor sein Neujahrskonzert beschwingt im, unter Coronabedingungen ausverkauften Haus, ausklingen. <em>(jt)<\/em><\/p>\t\t\t\t\t\t\t\t<\/div>\n\t\t\t\t<\/div>\n\t\t\t\t\t<\/div>\n\t\t<\/div>\n\t\t\t\t\t<\/div>\n\t\t<\/section>\n\t\t\t\t<section class=\"elementor-section elementor-top-section elementor-element elementor-element-6a7e5c52 elementor-section-boxed elementor-section-height-default elementor-section-height-default\" data-id=\"6a7e5c52\" data-element_type=\"section\" data-e-type=\"section\">\n\t\t\t\t\t\t<div class=\"elementor-container elementor-column-gap-default\">\n\t\t\t\t\t<div class=\"elementor-column elementor-col-100 elementor-top-column elementor-element elementor-element-48996145\" data-id=\"48996145\" data-element_type=\"column\" data-e-type=\"column\">\n\t\t\t<div class=\"elementor-widget-wrap elementor-element-populated\">\n\t\t\t\t\t\t<div class=\"elementor-element elementor-element-9ceeb21 elementor-widget elementor-widget-toggle\" data-id=\"9ceeb21\" data-element_type=\"widget\" data-e-type=\"widget\" data-widget_type=\"toggle.default\">\n\t\t\t\t<div class=\"elementor-widget-container\">\n\t\t\t\t\t\t\t<div class=\"elementor-toggle\">\n\t\t\t\t\t\t\t<div class=\"elementor-toggle-item\">\n\t\t\t\t\t<div id=\"elementor-tab-title-1641\" class=\"elementor-tab-title\" data-tab=\"1\" role=\"button\" aria-controls=\"elementor-tab-content-1641\" aria-expanded=\"false\">\n\t\t\t\t\t\t\t\t\t\t\t\t<span class=\"elementor-toggle-icon elementor-toggle-icon-left\" aria-hidden=\"true\">\n\t\t\t\t\t\t\t\t\t\t\t\t\t\t\t<span class=\"elementor-toggle-icon-closed\"><i class=\"fas fa-caret-right\"><\/i><\/span>\n\t\t\t\t\t\t\t\t<span class=\"elementor-toggle-icon-opened\"><i class=\"elementor-toggle-icon-opened fas fa-caret-up\"><\/i><\/span>\n\t\t\t\t\t\t\t\t\t\t\t\t\t<\/span>\n\t\t\t\t\t\t\t\t\t\t\t\t<a class=\"elementor-toggle-title\" tabindex=\"0\">Presse<\/a>\n\t\t\t\t\t<\/div>\n\n\t\t\t\t\t<div id=\"elementor-tab-content-1641\" class=\"elementor-tab-content elementor-clearfix\" data-tab=\"1\" role=\"region\" aria-labelledby=\"elementor-tab-title-1641\"><strong>Hannoversche Allgemeine Zeitung vom 25.01.2022<\/strong>\n\n<a href=\"https:\/\/maedchenchor-hannover.de\/wp-content\/uploads\/HAZ-25.01-Neues-zum-Jubilaeum.pdf\" target=\"_blank\" rel=\"noopener\"><img decoding=\"async\" class=\"aligncenter wp-image-27507 size-full\" title=\"klicken und PDF lesen\/herunterladen\" src=\"https:\/\/maedchenchor-hannover.de\/wp-content\/uploads\/HAZ-25.01-Neues-zum-Jubilaeum.jpg\" alt=\"\" width=\"567\" height=\"855\" srcset=\"https:\/\/maedchenchor-hannover.de\/wp-content\/uploads\/HAZ-25.01-Neues-zum-Jubilaeum.jpg 567w, https:\/\/maedchenchor-hannover.de\/wp-content\/uploads\/HAZ-25.01-Neues-zum-Jubilaeum-199x300.jpg 199w, https:\/\/maedchenchor-hannover.de\/wp-content\/uploads\/HAZ-25.01-Neues-zum-Jubilaeum-99x150.jpg 99w, https:\/\/maedchenchor-hannover.de\/wp-content\/uploads\/HAZ-25.01-Neues-zum-Jubilaeum-230x347.jpg 230w, https:\/\/maedchenchor-hannover.de\/wp-content\/uploads\/HAZ-25.01-Neues-zum-Jubilaeum-350x528.jpg 350w, https:\/\/maedchenchor-hannover.de\/wp-content\/uploads\/HAZ-25.01-Neues-zum-Jubilaeum-480x724.jpg 480w\" sizes=\"(max-width: 567px) 100vw, 567px\" \/><\/a>\n\n<strong>Neue Presse vom 25.01.2022<\/strong>\n\n<a href=\"https:\/\/maedchenchor-hannover.de\/wp-content\/uploads\/NP-25Jan2022-NJK.pdf\" target=\"_blank\" rel=\"noopener\"><img decoding=\"async\" class=\"aligncenter wp-image-27504 size-full\" title=\"klicken und PDF lesen\/herunterladen\" src=\"https:\/\/maedchenchor-hannover.de\/wp-content\/uploads\/NP-25Jan2022-NJK.jpg\" alt=\"\" width=\"759\" height=\"855\" srcset=\"https:\/\/maedchenchor-hannover.de\/wp-content\/uploads\/NP-25Jan2022-NJK.jpg 759w, https:\/\/maedchenchor-hannover.de\/wp-content\/uploads\/NP-25Jan2022-NJK-266x300.jpg 266w, https:\/\/maedchenchor-hannover.de\/wp-content\/uploads\/NP-25Jan2022-NJK-133x150.jpg 133w, https:\/\/maedchenchor-hannover.de\/wp-content\/uploads\/NP-25Jan2022-NJK-230x259.jpg 230w, https:\/\/maedchenchor-hannover.de\/wp-content\/uploads\/NP-25Jan2022-NJK-350x394.jpg 350w, https:\/\/maedchenchor-hannover.de\/wp-content\/uploads\/NP-25Jan2022-NJK-480x541.jpg 480w\" sizes=\"(max-width: 759px) 100vw, 759px\" \/><\/a><\/div>\n\t\t\t\t<\/div>\n\t\t\t\t\t\t\t\t<\/div>\n\t\t\t\t\t\t<\/div>\n\t\t\t\t<\/div>\n\t\t\t\t\t<\/div>\n\t\t<\/div>\n\t\t\t\t\t<\/div>\n\t\t<\/section>\n\t\t\t\t<section class=\"elementor-section elementor-top-section elementor-element elementor-element-a8b4a5f elementor-section-boxed elementor-section-height-default elementor-section-height-default\" data-id=\"a8b4a5f\" data-element_type=\"section\" data-e-type=\"section\">\n\t\t\t\t\t\t<div class=\"elementor-container elementor-column-gap-default\">\n\t\t\t\t\t<div class=\"elementor-column elementor-col-100 elementor-top-column elementor-element elementor-element-7d0ac93\" data-id=\"7d0ac93\" data-element_type=\"column\" data-e-type=\"column\">\n\t\t\t<div class=\"elementor-widget-wrap elementor-element-populated\">\n\t\t\t\t\t\t<div class=\"elementor-element elementor-element-d12f243 elementor-widget elementor-widget-toggle\" data-id=\"d12f243\" data-element_type=\"widget\" data-e-type=\"widget\" data-widget_type=\"toggle.default\">\n\t\t\t\t<div class=\"elementor-widget-container\">\n\t\t\t\t\t\t\t<div class=\"elementor-toggle\">\n\t\t\t\t\t\t\t<div class=\"elementor-toggle-item\">\n\t\t\t\t\t<div id=\"elementor-tab-title-2191\" class=\"elementor-tab-title\" data-tab=\"1\" role=\"button\" aria-controls=\"elementor-tab-content-2191\" aria-expanded=\"false\">\n\t\t\t\t\t\t\t\t\t\t\t\t<span class=\"elementor-toggle-icon elementor-toggle-icon-left\" aria-hidden=\"true\">\n\t\t\t\t\t\t\t\t\t\t\t\t\t\t\t<span class=\"elementor-toggle-icon-closed\"><i class=\"fas fa-caret-right\"><\/i><\/span>\n\t\t\t\t\t\t\t\t<span class=\"elementor-toggle-icon-opened\"><i class=\"elementor-toggle-icon-opened fas fa-caret-up\"><\/i><\/span>\n\t\t\t\t\t\t\t\t\t\t\t\t\t<\/span>\n\t\t\t\t\t\t\t\t\t\t\t\t<a class=\"elementor-toggle-title\" tabindex=\"0\">Fotos<\/a>\n\t\t\t\t\t<\/div>\n\n\t\t\t\t\t<div id=\"elementor-tab-content-2191\" class=\"elementor-tab-content elementor-clearfix\" data-tab=\"1\" role=\"region\" aria-labelledby=\"elementor-tab-title-2191\">Alle Fotos von<strong> Carsten Peter Schulze\n<\/strong>\n\n<a href=\"https:\/\/maedchenchor-hannover.de\/wp-content\/uploads\/220123_NJK_c-Carsten-Peter-Schulze-5.jpeg\" target=\"_blank\" rel=\"noopener\"><img loading=\"lazy\" decoding=\"async\" class=\"aligncenter wp-image-27509 size-large\" src=\"https:\/\/maedchenchor-hannover.de\/wp-content\/uploads\/220123_NJK_c-Carsten-Peter-Schulze-5-1024x576.jpeg\" alt=\"\" width=\"1024\" height=\"576\" srcset=\"https:\/\/maedchenchor-hannover.de\/wp-content\/uploads\/220123_NJK_c-Carsten-Peter-Schulze-5-1024x576.jpeg 1024w, https:\/\/maedchenchor-hannover.de\/wp-content\/uploads\/220123_NJK_c-Carsten-Peter-Schulze-5-300x169.jpeg 300w, https:\/\/maedchenchor-hannover.de\/wp-content\/uploads\/220123_NJK_c-Carsten-Peter-Schulze-5-150x84.jpeg 150w, https:\/\/maedchenchor-hannover.de\/wp-content\/uploads\/220123_NJK_c-Carsten-Peter-Schulze-5-768x432.jpeg 768w, https:\/\/maedchenchor-hannover.de\/wp-content\/uploads\/220123_NJK_c-Carsten-Peter-Schulze-5-1536x864.jpeg 1536w, https:\/\/maedchenchor-hannover.de\/wp-content\/uploads\/220123_NJK_c-Carsten-Peter-Schulze-5-830x467.jpeg 830w, https:\/\/maedchenchor-hannover.de\/wp-content\/uploads\/220123_NJK_c-Carsten-Peter-Schulze-5-230x129.jpeg 230w, https:\/\/maedchenchor-hannover.de\/wp-content\/uploads\/220123_NJK_c-Carsten-Peter-Schulze-5-350x197.jpeg 350w, https:\/\/maedchenchor-hannover.de\/wp-content\/uploads\/220123_NJK_c-Carsten-Peter-Schulze-5-480x270.jpeg 480w, https:\/\/maedchenchor-hannover.de\/wp-content\/uploads\/220123_NJK_c-Carsten-Peter-Schulze-5.jpeg 2000w\" sizes=\"(max-width: 1024px) 100vw, 1024px\" \/><\/a>\n\n<a href=\"https:\/\/maedchenchor-hannover.de\/wp-content\/uploads\/220123_NJK_c-Carsten-Peter-Schulze-13.jpeg\" target=\"_blank\" rel=\"noopener\"><img loading=\"lazy\" decoding=\"async\" class=\"aligncenter wp-image-27517 size-large\" src=\"https:\/\/maedchenchor-hannover.de\/wp-content\/uploads\/220123_NJK_c-Carsten-Peter-Schulze-13-1024x576.jpeg\" alt=\"\" width=\"1024\" height=\"576\" srcset=\"https:\/\/maedchenchor-hannover.de\/wp-content\/uploads\/220123_NJK_c-Carsten-Peter-Schulze-13-1024x576.jpeg 1024w, https:\/\/maedchenchor-hannover.de\/wp-content\/uploads\/220123_NJK_c-Carsten-Peter-Schulze-13-300x169.jpeg 300w, https:\/\/maedchenchor-hannover.de\/wp-content\/uploads\/220123_NJK_c-Carsten-Peter-Schulze-13-150x84.jpeg 150w, https:\/\/maedchenchor-hannover.de\/wp-content\/uploads\/220123_NJK_c-Carsten-Peter-Schulze-13-768x432.jpeg 768w, https:\/\/maedchenchor-hannover.de\/wp-content\/uploads\/220123_NJK_c-Carsten-Peter-Schulze-13-1536x864.jpeg 1536w, https:\/\/maedchenchor-hannover.de\/wp-content\/uploads\/220123_NJK_c-Carsten-Peter-Schulze-13-830x467.jpeg 830w, https:\/\/maedchenchor-hannover.de\/wp-content\/uploads\/220123_NJK_c-Carsten-Peter-Schulze-13-230x129.jpeg 230w, https:\/\/maedchenchor-hannover.de\/wp-content\/uploads\/220123_NJK_c-Carsten-Peter-Schulze-13-350x197.jpeg 350w, https:\/\/maedchenchor-hannover.de\/wp-content\/uploads\/220123_NJK_c-Carsten-Peter-Schulze-13-480x270.jpeg 480w, https:\/\/maedchenchor-hannover.de\/wp-content\/uploads\/220123_NJK_c-Carsten-Peter-Schulze-13.jpeg 2000w\" sizes=\"(max-width: 1024px) 100vw, 1024px\" \/><\/a>\n\n<a href=\"https:\/\/maedchenchor-hannover.de\/wp-content\/uploads\/220123_NJK_c-Carsten-Peter-Schulze-12.jpeg\" target=\"_blank\" rel=\"noopener\"><img loading=\"lazy\" decoding=\"async\" class=\"aligncenter wp-image-27516 size-large\" src=\"https:\/\/maedchenchor-hannover.de\/wp-content\/uploads\/220123_NJK_c-Carsten-Peter-Schulze-12-1024x576.jpeg\" alt=\"\" width=\"1024\" height=\"576\" srcset=\"https:\/\/maedchenchor-hannover.de\/wp-content\/uploads\/220123_NJK_c-Carsten-Peter-Schulze-12-1024x576.jpeg 1024w, https:\/\/maedchenchor-hannover.de\/wp-content\/uploads\/220123_NJK_c-Carsten-Peter-Schulze-12-300x169.jpeg 300w, https:\/\/maedchenchor-hannover.de\/wp-content\/uploads\/220123_NJK_c-Carsten-Peter-Schulze-12-150x84.jpeg 150w, https:\/\/maedchenchor-hannover.de\/wp-content\/uploads\/220123_NJK_c-Carsten-Peter-Schulze-12-768x432.jpeg 768w, https:\/\/maedchenchor-hannover.de\/wp-content\/uploads\/220123_NJK_c-Carsten-Peter-Schulze-12-1536x864.jpeg 1536w, https:\/\/maedchenchor-hannover.de\/wp-content\/uploads\/220123_NJK_c-Carsten-Peter-Schulze-12-830x467.jpeg 830w, https:\/\/maedchenchor-hannover.de\/wp-content\/uploads\/220123_NJK_c-Carsten-Peter-Schulze-12-230x129.jpeg 230w, https:\/\/maedchenchor-hannover.de\/wp-content\/uploads\/220123_NJK_c-Carsten-Peter-Schulze-12-350x197.jpeg 350w, https:\/\/maedchenchor-hannover.de\/wp-content\/uploads\/220123_NJK_c-Carsten-Peter-Schulze-12-480x270.jpeg 480w, https:\/\/maedchenchor-hannover.de\/wp-content\/uploads\/220123_NJK_c-Carsten-Peter-Schulze-12.jpeg 2000w\" sizes=\"(max-width: 1024px) 100vw, 1024px\" \/><\/a>\n\n<a href=\"https:\/\/maedchenchor-hannover.de\/wp-content\/uploads\/220123_NJK_c-Carsten-Peter-Schulze-4.jpeg\" target=\"_blank\" rel=\"noopener\"><img loading=\"lazy\" decoding=\"async\" class=\"aligncenter wp-image-27508 size-large\" src=\"https:\/\/maedchenchor-hannover.de\/wp-content\/uploads\/220123_NJK_c-Carsten-Peter-Schulze-4-1024x576.jpeg\" alt=\"\" width=\"1024\" height=\"576\" srcset=\"https:\/\/maedchenchor-hannover.de\/wp-content\/uploads\/220123_NJK_c-Carsten-Peter-Schulze-4-1024x576.jpeg 1024w, https:\/\/maedchenchor-hannover.de\/wp-content\/uploads\/220123_NJK_c-Carsten-Peter-Schulze-4-300x169.jpeg 300w, https:\/\/maedchenchor-hannover.de\/wp-content\/uploads\/220123_NJK_c-Carsten-Peter-Schulze-4-150x84.jpeg 150w, https:\/\/maedchenchor-hannover.de\/wp-content\/uploads\/220123_NJK_c-Carsten-Peter-Schulze-4-768x432.jpeg 768w, https:\/\/maedchenchor-hannover.de\/wp-content\/uploads\/220123_NJK_c-Carsten-Peter-Schulze-4-1536x864.jpeg 1536w, https:\/\/maedchenchor-hannover.de\/wp-content\/uploads\/220123_NJK_c-Carsten-Peter-Schulze-4-830x467.jpeg 830w, https:\/\/maedchenchor-hannover.de\/wp-content\/uploads\/220123_NJK_c-Carsten-Peter-Schulze-4-230x129.jpeg 230w, https:\/\/maedchenchor-hannover.de\/wp-content\/uploads\/220123_NJK_c-Carsten-Peter-Schulze-4-350x197.jpeg 350w, https:\/\/maedchenchor-hannover.de\/wp-content\/uploads\/220123_NJK_c-Carsten-Peter-Schulze-4-480x270.jpeg 480w, https:\/\/maedchenchor-hannover.de\/wp-content\/uploads\/220123_NJK_c-Carsten-Peter-Schulze-4.jpeg 2000w\" sizes=\"(max-width: 1024px) 100vw, 1024px\" \/><\/a>\n\n<a href=\"https:\/\/maedchenchor-hannover.de\/wp-content\/uploads\/220123_NJK_c-Carsten-Peter-Schulze-8.jpeg\" target=\"_blank\" rel=\"noopener\"><img loading=\"lazy\" decoding=\"async\" class=\"aligncenter wp-image-27512 size-large\" src=\"https:\/\/maedchenchor-hannover.de\/wp-content\/uploads\/220123_NJK_c-Carsten-Peter-Schulze-8-1024x576.jpeg\" alt=\"\" width=\"1024\" height=\"576\" srcset=\"https:\/\/maedchenchor-hannover.de\/wp-content\/uploads\/220123_NJK_c-Carsten-Peter-Schulze-8-1024x576.jpeg 1024w, https:\/\/maedchenchor-hannover.de\/wp-content\/uploads\/220123_NJK_c-Carsten-Peter-Schulze-8-300x169.jpeg 300w, https:\/\/maedchenchor-hannover.de\/wp-content\/uploads\/220123_NJK_c-Carsten-Peter-Schulze-8-150x84.jpeg 150w, https:\/\/maedchenchor-hannover.de\/wp-content\/uploads\/220123_NJK_c-Carsten-Peter-Schulze-8-768x432.jpeg 768w, https:\/\/maedchenchor-hannover.de\/wp-content\/uploads\/220123_NJK_c-Carsten-Peter-Schulze-8-1536x864.jpeg 1536w, https:\/\/maedchenchor-hannover.de\/wp-content\/uploads\/220123_NJK_c-Carsten-Peter-Schulze-8-830x467.jpeg 830w, https:\/\/maedchenchor-hannover.de\/wp-content\/uploads\/220123_NJK_c-Carsten-Peter-Schulze-8-230x129.jpeg 230w, https:\/\/maedchenchor-hannover.de\/wp-content\/uploads\/220123_NJK_c-Carsten-Peter-Schulze-8-350x197.jpeg 350w, https:\/\/maedchenchor-hannover.de\/wp-content\/uploads\/220123_NJK_c-Carsten-Peter-Schulze-8-480x270.jpeg 480w, https:\/\/maedchenchor-hannover.de\/wp-content\/uploads\/220123_NJK_c-Carsten-Peter-Schulze-8.jpeg 2000w\" sizes=\"(max-width: 1024px) 100vw, 1024px\" \/><\/a>\n\n<a href=\"https:\/\/maedchenchor-hannover.de\/wp-content\/uploads\/220123_NJK_c-Carsten-Peter-Schulze-14.jpeg\" target=\"_blank\" rel=\"noopener\"><img loading=\"lazy\" decoding=\"async\" class=\"aligncenter wp-image-27518 size-large\" src=\"https:\/\/maedchenchor-hannover.de\/wp-content\/uploads\/220123_NJK_c-Carsten-Peter-Schulze-14-1024x576.jpeg\" alt=\"\" width=\"1024\" height=\"576\" srcset=\"https:\/\/maedchenchor-hannover.de\/wp-content\/uploads\/220123_NJK_c-Carsten-Peter-Schulze-14-1024x576.jpeg 1024w, https:\/\/maedchenchor-hannover.de\/wp-content\/uploads\/220123_NJK_c-Carsten-Peter-Schulze-14-300x169.jpeg 300w, https:\/\/maedchenchor-hannover.de\/wp-content\/uploads\/220123_NJK_c-Carsten-Peter-Schulze-14-150x84.jpeg 150w, https:\/\/maedchenchor-hannover.de\/wp-content\/uploads\/220123_NJK_c-Carsten-Peter-Schulze-14-768x432.jpeg 768w, https:\/\/maedchenchor-hannover.de\/wp-content\/uploads\/220123_NJK_c-Carsten-Peter-Schulze-14-1536x864.jpeg 1536w, https:\/\/maedchenchor-hannover.de\/wp-content\/uploads\/220123_NJK_c-Carsten-Peter-Schulze-14-830x467.jpeg 830w, https:\/\/maedchenchor-hannover.de\/wp-content\/uploads\/220123_NJK_c-Carsten-Peter-Schulze-14-230x129.jpeg 230w, https:\/\/maedchenchor-hannover.de\/wp-content\/uploads\/220123_NJK_c-Carsten-Peter-Schulze-14-350x197.jpeg 350w, https:\/\/maedchenchor-hannover.de\/wp-content\/uploads\/220123_NJK_c-Carsten-Peter-Schulze-14-480x270.jpeg 480w, https:\/\/maedchenchor-hannover.de\/wp-content\/uploads\/220123_NJK_c-Carsten-Peter-Schulze-14.jpeg 2000w\" sizes=\"(max-width: 1024px) 100vw, 1024px\" \/><\/a>\n\n<a href=\"https:\/\/maedchenchor-hannover.de\/wp-content\/uploads\/220123_NJK_c-Carsten-Peter-Schulze-9.jpeg\" target=\"_blank\" rel=\"noopener\"><img loading=\"lazy\" decoding=\"async\" class=\"aligncenter wp-image-27513 size-large\" src=\"https:\/\/maedchenchor-hannover.de\/wp-content\/uploads\/220123_NJK_c-Carsten-Peter-Schulze-9-1024x576.jpeg\" alt=\"\" width=\"1024\" height=\"576\" srcset=\"https:\/\/maedchenchor-hannover.de\/wp-content\/uploads\/220123_NJK_c-Carsten-Peter-Schulze-9-1024x576.jpeg 1024w, https:\/\/maedchenchor-hannover.de\/wp-content\/uploads\/220123_NJK_c-Carsten-Peter-Schulze-9-300x169.jpeg 300w, https:\/\/maedchenchor-hannover.de\/wp-content\/uploads\/220123_NJK_c-Carsten-Peter-Schulze-9-150x84.jpeg 150w, https:\/\/maedchenchor-hannover.de\/wp-content\/uploads\/220123_NJK_c-Carsten-Peter-Schulze-9-768x432.jpeg 768w, https:\/\/maedchenchor-hannover.de\/wp-content\/uploads\/220123_NJK_c-Carsten-Peter-Schulze-9-1536x864.jpeg 1536w, https:\/\/maedchenchor-hannover.de\/wp-content\/uploads\/220123_NJK_c-Carsten-Peter-Schulze-9-830x467.jpeg 830w, https:\/\/maedchenchor-hannover.de\/wp-content\/uploads\/220123_NJK_c-Carsten-Peter-Schulze-9-230x129.jpeg 230w, https:\/\/maedchenchor-hannover.de\/wp-content\/uploads\/220123_NJK_c-Carsten-Peter-Schulze-9-350x197.jpeg 350w, https:\/\/maedchenchor-hannover.de\/wp-content\/uploads\/220123_NJK_c-Carsten-Peter-Schulze-9-480x270.jpeg 480w, https:\/\/maedchenchor-hannover.de\/wp-content\/uploads\/220123_NJK_c-Carsten-Peter-Schulze-9.jpeg 2000w\" sizes=\"(max-width: 1024px) 100vw, 1024px\" \/><\/a>\n\n<a href=\"https:\/\/maedchenchor-hannover.de\/wp-content\/uploads\/220123_NJK_c-Carsten-Peter-Schulze-16.jpeg\" target=\"_blank\" rel=\"noopener\"><img loading=\"lazy\" decoding=\"async\" class=\"aligncenter wp-image-27520 size-large\" src=\"https:\/\/maedchenchor-hannover.de\/wp-content\/uploads\/220123_NJK_c-Carsten-Peter-Schulze-16-1024x576.jpeg\" alt=\"\" width=\"1024\" height=\"576\" srcset=\"https:\/\/maedchenchor-hannover.de\/wp-content\/uploads\/220123_NJK_c-Carsten-Peter-Schulze-16-1024x576.jpeg 1024w, https:\/\/maedchenchor-hannover.de\/wp-content\/uploads\/220123_NJK_c-Carsten-Peter-Schulze-16-300x169.jpeg 300w, https:\/\/maedchenchor-hannover.de\/wp-content\/uploads\/220123_NJK_c-Carsten-Peter-Schulze-16-150x84.jpeg 150w, https:\/\/maedchenchor-hannover.de\/wp-content\/uploads\/220123_NJK_c-Carsten-Peter-Schulze-16-768x432.jpeg 768w, https:\/\/maedchenchor-hannover.de\/wp-content\/uploads\/220123_NJK_c-Carsten-Peter-Schulze-16-1536x864.jpeg 1536w, https:\/\/maedchenchor-hannover.de\/wp-content\/uploads\/220123_NJK_c-Carsten-Peter-Schulze-16-830x467.jpeg 830w, https:\/\/maedchenchor-hannover.de\/wp-content\/uploads\/220123_NJK_c-Carsten-Peter-Schulze-16-230x129.jpeg 230w, https:\/\/maedchenchor-hannover.de\/wp-content\/uploads\/220123_NJK_c-Carsten-Peter-Schulze-16-350x197.jpeg 350w, https:\/\/maedchenchor-hannover.de\/wp-content\/uploads\/220123_NJK_c-Carsten-Peter-Schulze-16-480x270.jpeg 480w, https:\/\/maedchenchor-hannover.de\/wp-content\/uploads\/220123_NJK_c-Carsten-Peter-Schulze-16.jpeg 2000w\" sizes=\"(max-width: 1024px) 100vw, 1024px\" \/><\/a>\n\n<a href=\"https:\/\/maedchenchor-hannover.de\/wp-content\/uploads\/220123_NJK_c-Carsten-Peter-Schulze-18.jpeg\" target=\"_blank\" rel=\"noopener\"><img loading=\"lazy\" decoding=\"async\" class=\"aligncenter wp-image-27522 size-large\" src=\"https:\/\/maedchenchor-hannover.de\/wp-content\/uploads\/220123_NJK_c-Carsten-Peter-Schulze-18-1024x576.jpeg\" alt=\"\" width=\"1024\" height=\"576\" srcset=\"https:\/\/maedchenchor-hannover.de\/wp-content\/uploads\/220123_NJK_c-Carsten-Peter-Schulze-18-1024x576.jpeg 1024w, https:\/\/maedchenchor-hannover.de\/wp-content\/uploads\/220123_NJK_c-Carsten-Peter-Schulze-18-300x169.jpeg 300w, https:\/\/maedchenchor-hannover.de\/wp-content\/uploads\/220123_NJK_c-Carsten-Peter-Schulze-18-150x84.jpeg 150w, https:\/\/maedchenchor-hannover.de\/wp-content\/uploads\/220123_NJK_c-Carsten-Peter-Schulze-18-768x432.jpeg 768w, https:\/\/maedchenchor-hannover.de\/wp-content\/uploads\/220123_NJK_c-Carsten-Peter-Schulze-18-1536x864.jpeg 1536w, https:\/\/maedchenchor-hannover.de\/wp-content\/uploads\/220123_NJK_c-Carsten-Peter-Schulze-18-830x467.jpeg 830w, https:\/\/maedchenchor-hannover.de\/wp-content\/uploads\/220123_NJK_c-Carsten-Peter-Schulze-18-230x129.jpeg 230w, https:\/\/maedchenchor-hannover.de\/wp-content\/uploads\/220123_NJK_c-Carsten-Peter-Schulze-18-350x197.jpeg 350w, https:\/\/maedchenchor-hannover.de\/wp-content\/uploads\/220123_NJK_c-Carsten-Peter-Schulze-18-480x270.jpeg 480w, https:\/\/maedchenchor-hannover.de\/wp-content\/uploads\/220123_NJK_c-Carsten-Peter-Schulze-18.jpeg 2000w\" sizes=\"(max-width: 1024px) 100vw, 1024px\" \/><\/a>\n\n<a href=\"https:\/\/maedchenchor-hannover.de\/wp-content\/uploads\/220123_NJK_c-Carsten-Peter-Schulze-1.jpeg\" target=\"_blank\" rel=\"noopener\"><img loading=\"lazy\" decoding=\"async\" class=\"aligncenter wp-image-27528 size-large\" src=\"https:\/\/maedchenchor-hannover.de\/wp-content\/uploads\/220123_NJK_c-Carsten-Peter-Schulze-1-1024x576.jpeg\" alt=\"\" width=\"1024\" height=\"576\" srcset=\"https:\/\/maedchenchor-hannover.de\/wp-content\/uploads\/220123_NJK_c-Carsten-Peter-Schulze-1-1024x576.jpeg 1024w, https:\/\/maedchenchor-hannover.de\/wp-content\/uploads\/220123_NJK_c-Carsten-Peter-Schulze-1-300x169.jpeg 300w, https:\/\/maedchenchor-hannover.de\/wp-content\/uploads\/220123_NJK_c-Carsten-Peter-Schulze-1-150x84.jpeg 150w, https:\/\/maedchenchor-hannover.de\/wp-content\/uploads\/220123_NJK_c-Carsten-Peter-Schulze-1-768x432.jpeg 768w, https:\/\/maedchenchor-hannover.de\/wp-content\/uploads\/220123_NJK_c-Carsten-Peter-Schulze-1-1536x864.jpeg 1536w, https:\/\/maedchenchor-hannover.de\/wp-content\/uploads\/220123_NJK_c-Carsten-Peter-Schulze-1-830x467.jpeg 830w, https:\/\/maedchenchor-hannover.de\/wp-content\/uploads\/220123_NJK_c-Carsten-Peter-Schulze-1-230x129.jpeg 230w, https:\/\/maedchenchor-hannover.de\/wp-content\/uploads\/220123_NJK_c-Carsten-Peter-Schulze-1-350x197.jpeg 350w, https:\/\/maedchenchor-hannover.de\/wp-content\/uploads\/220123_NJK_c-Carsten-Peter-Schulze-1-480x270.jpeg 480w, https:\/\/maedchenchor-hannover.de\/wp-content\/uploads\/220123_NJK_c-Carsten-Peter-Schulze-1.jpeg 2000w\" sizes=\"(max-width: 1024px) 100vw, 1024px\" \/><\/a>\n\n<a href=\"https:\/\/maedchenchor-hannover.de\/wp-content\/uploads\/220123_NJK_c-Carsten-Peter-Schulze-17.jpeg\" target=\"_blank\" rel=\"noopener\"><img loading=\"lazy\" decoding=\"async\" class=\"aligncenter wp-image-27521 size-large\" src=\"https:\/\/maedchenchor-hannover.de\/wp-content\/uploads\/220123_NJK_c-Carsten-Peter-Schulze-17-1024x576.jpeg\" alt=\"\" width=\"1024\" height=\"576\" srcset=\"https:\/\/maedchenchor-hannover.de\/wp-content\/uploads\/220123_NJK_c-Carsten-Peter-Schulze-17-1024x576.jpeg 1024w, https:\/\/maedchenchor-hannover.de\/wp-content\/uploads\/220123_NJK_c-Carsten-Peter-Schulze-17-300x169.jpeg 300w, https:\/\/maedchenchor-hannover.de\/wp-content\/uploads\/220123_NJK_c-Carsten-Peter-Schulze-17-150x84.jpeg 150w, https:\/\/maedchenchor-hannover.de\/wp-content\/uploads\/220123_NJK_c-Carsten-Peter-Schulze-17-768x432.jpeg 768w, https:\/\/maedchenchor-hannover.de\/wp-content\/uploads\/220123_NJK_c-Carsten-Peter-Schulze-17-1536x864.jpeg 1536w, https:\/\/maedchenchor-hannover.de\/wp-content\/uploads\/220123_NJK_c-Carsten-Peter-Schulze-17-830x467.jpeg 830w, https:\/\/maedchenchor-hannover.de\/wp-content\/uploads\/220123_NJK_c-Carsten-Peter-Schulze-17-230x129.jpeg 230w, https:\/\/maedchenchor-hannover.de\/wp-content\/uploads\/220123_NJK_c-Carsten-Peter-Schulze-17-350x197.jpeg 350w, https:\/\/maedchenchor-hannover.de\/wp-content\/uploads\/220123_NJK_c-Carsten-Peter-Schulze-17-480x270.jpeg 480w, https:\/\/maedchenchor-hannover.de\/wp-content\/uploads\/220123_NJK_c-Carsten-Peter-Schulze-17.jpeg 2000w\" sizes=\"(max-width: 1024px) 100vw, 1024px\" \/><\/a>\n\n<a href=\"https:\/\/maedchenchor-hannover.de\/wp-content\/uploads\/220123_NJK_c-Carsten-Peter-Schulze-6.jpeg\" target=\"_blank\" rel=\"noopener\"><img loading=\"lazy\" decoding=\"async\" class=\"aligncenter wp-image-27510 size-large\" src=\"https:\/\/maedchenchor-hannover.de\/wp-content\/uploads\/220123_NJK_c-Carsten-Peter-Schulze-6-1024x576.jpeg\" alt=\"\" width=\"1024\" height=\"576\" srcset=\"https:\/\/maedchenchor-hannover.de\/wp-content\/uploads\/220123_NJK_c-Carsten-Peter-Schulze-6-1024x576.jpeg 1024w, https:\/\/maedchenchor-hannover.de\/wp-content\/uploads\/220123_NJK_c-Carsten-Peter-Schulze-6-300x169.jpeg 300w, https:\/\/maedchenchor-hannover.de\/wp-content\/uploads\/220123_NJK_c-Carsten-Peter-Schulze-6-150x84.jpeg 150w, https:\/\/maedchenchor-hannover.de\/wp-content\/uploads\/220123_NJK_c-Carsten-Peter-Schulze-6-768x432.jpeg 768w, https:\/\/maedchenchor-hannover.de\/wp-content\/uploads\/220123_NJK_c-Carsten-Peter-Schulze-6-1536x864.jpeg 1536w, https:\/\/maedchenchor-hannover.de\/wp-content\/uploads\/220123_NJK_c-Carsten-Peter-Schulze-6-830x467.jpeg 830w, https:\/\/maedchenchor-hannover.de\/wp-content\/uploads\/220123_NJK_c-Carsten-Peter-Schulze-6-230x129.jpeg 230w, https:\/\/maedchenchor-hannover.de\/wp-content\/uploads\/220123_NJK_c-Carsten-Peter-Schulze-6-350x197.jpeg 350w, https:\/\/maedchenchor-hannover.de\/wp-content\/uploads\/220123_NJK_c-Carsten-Peter-Schulze-6-480x270.jpeg 480w, https:\/\/maedchenchor-hannover.de\/wp-content\/uploads\/220123_NJK_c-Carsten-Peter-Schulze-6.jpeg 2000w\" sizes=\"(max-width: 1024px) 100vw, 1024px\" \/><\/a>\n\n<a href=\"https:\/\/maedchenchor-hannover.de\/wp-content\/uploads\/220123_NJK_c-Carsten-Peter-Schulze-7.jpeg\" target=\"_blank\" rel=\"noopener\"><img loading=\"lazy\" decoding=\"async\" class=\"aligncenter wp-image-27511 size-large\" src=\"https:\/\/maedchenchor-hannover.de\/wp-content\/uploads\/220123_NJK_c-Carsten-Peter-Schulze-7-1024x576.jpeg\" alt=\"\" width=\"1024\" height=\"576\" srcset=\"https:\/\/maedchenchor-hannover.de\/wp-content\/uploads\/220123_NJK_c-Carsten-Peter-Schulze-7-1024x576.jpeg 1024w, https:\/\/maedchenchor-hannover.de\/wp-content\/uploads\/220123_NJK_c-Carsten-Peter-Schulze-7-300x169.jpeg 300w, https:\/\/maedchenchor-hannover.de\/wp-content\/uploads\/220123_NJK_c-Carsten-Peter-Schulze-7-150x84.jpeg 150w, https:\/\/maedchenchor-hannover.de\/wp-content\/uploads\/220123_NJK_c-Carsten-Peter-Schulze-7-768x432.jpeg 768w, https:\/\/maedchenchor-hannover.de\/wp-content\/uploads\/220123_NJK_c-Carsten-Peter-Schulze-7-1536x864.jpeg 1536w, https:\/\/maedchenchor-hannover.de\/wp-content\/uploads\/220123_NJK_c-Carsten-Peter-Schulze-7-830x467.jpeg 830w, https:\/\/maedchenchor-hannover.de\/wp-content\/uploads\/220123_NJK_c-Carsten-Peter-Schulze-7-230x129.jpeg 230w, https:\/\/maedchenchor-hannover.de\/wp-content\/uploads\/220123_NJK_c-Carsten-Peter-Schulze-7-350x197.jpeg 350w, https:\/\/maedchenchor-hannover.de\/wp-content\/uploads\/220123_NJK_c-Carsten-Peter-Schulze-7-480x270.jpeg 480w, https:\/\/maedchenchor-hannover.de\/wp-content\/uploads\/220123_NJK_c-Carsten-Peter-Schulze-7.jpeg 2000w\" sizes=\"(max-width: 1024px) 100vw, 1024px\" \/><\/a>\n\n<a href=\"https:\/\/maedchenchor-hannover.de\/wp-content\/uploads\/220123_NJK_c-Carsten-Peter-Schulze-2.jpeg\" target=\"_blank\" rel=\"noopener\"><img loading=\"lazy\" decoding=\"async\" class=\"aligncenter wp-image-27527 size-large\" src=\"https:\/\/maedchenchor-hannover.de\/wp-content\/uploads\/220123_NJK_c-Carsten-Peter-Schulze-2-1024x576.jpeg\" alt=\"\" width=\"1024\" height=\"576\" srcset=\"https:\/\/maedchenchor-hannover.de\/wp-content\/uploads\/220123_NJK_c-Carsten-Peter-Schulze-2-1024x576.jpeg 1024w, https:\/\/maedchenchor-hannover.de\/wp-content\/uploads\/220123_NJK_c-Carsten-Peter-Schulze-2-300x169.jpeg 300w, https:\/\/maedchenchor-hannover.de\/wp-content\/uploads\/220123_NJK_c-Carsten-Peter-Schulze-2-150x84.jpeg 150w, https:\/\/maedchenchor-hannover.de\/wp-content\/uploads\/220123_NJK_c-Carsten-Peter-Schulze-2-768x432.jpeg 768w, https:\/\/maedchenchor-hannover.de\/wp-content\/uploads\/220123_NJK_c-Carsten-Peter-Schulze-2-1536x864.jpeg 1536w, https:\/\/maedchenchor-hannover.de\/wp-content\/uploads\/220123_NJK_c-Carsten-Peter-Schulze-2-830x467.jpeg 830w, https:\/\/maedchenchor-hannover.de\/wp-content\/uploads\/220123_NJK_c-Carsten-Peter-Schulze-2-230x129.jpeg 230w, https:\/\/maedchenchor-hannover.de\/wp-content\/uploads\/220123_NJK_c-Carsten-Peter-Schulze-2-350x197.jpeg 350w, https:\/\/maedchenchor-hannover.de\/wp-content\/uploads\/220123_NJK_c-Carsten-Peter-Schulze-2-480x270.jpeg 480w, https:\/\/maedchenchor-hannover.de\/wp-content\/uploads\/220123_NJK_c-Carsten-Peter-Schulze-2.jpeg 2000w\" sizes=\"(max-width: 1024px) 100vw, 1024px\" \/><\/a>\n\n<a href=\"https:\/\/maedchenchor-hannover.de\/wp-content\/uploads\/220123_NJK_c-Carsten-Peter-Schulze-20.jpeg\" target=\"_blank\" rel=\"noopener\"><img loading=\"lazy\" decoding=\"async\" class=\"aligncenter wp-image-27524 size-large\" src=\"https:\/\/maedchenchor-hannover.de\/wp-content\/uploads\/220123_NJK_c-Carsten-Peter-Schulze-20-1024x576.jpeg\" alt=\"\" width=\"1024\" height=\"576\" srcset=\"https:\/\/maedchenchor-hannover.de\/wp-content\/uploads\/220123_NJK_c-Carsten-Peter-Schulze-20-1024x576.jpeg 1024w, https:\/\/maedchenchor-hannover.de\/wp-content\/uploads\/220123_NJK_c-Carsten-Peter-Schulze-20-300x169.jpeg 300w, https:\/\/maedchenchor-hannover.de\/wp-content\/uploads\/220123_NJK_c-Carsten-Peter-Schulze-20-150x84.jpeg 150w, https:\/\/maedchenchor-hannover.de\/wp-content\/uploads\/220123_NJK_c-Carsten-Peter-Schulze-20-768x432.jpeg 768w, https:\/\/maedchenchor-hannover.de\/wp-content\/uploads\/220123_NJK_c-Carsten-Peter-Schulze-20-1536x864.jpeg 1536w, https:\/\/maedchenchor-hannover.de\/wp-content\/uploads\/220123_NJK_c-Carsten-Peter-Schulze-20-830x467.jpeg 830w, https:\/\/maedchenchor-hannover.de\/wp-content\/uploads\/220123_NJK_c-Carsten-Peter-Schulze-20-230x129.jpeg 230w, https:\/\/maedchenchor-hannover.de\/wp-content\/uploads\/220123_NJK_c-Carsten-Peter-Schulze-20-350x197.jpeg 350w, https:\/\/maedchenchor-hannover.de\/wp-content\/uploads\/220123_NJK_c-Carsten-Peter-Schulze-20-480x270.jpeg 480w, https:\/\/maedchenchor-hannover.de\/wp-content\/uploads\/220123_NJK_c-Carsten-Peter-Schulze-20.jpeg 1835w\" sizes=\"(max-width: 1024px) 100vw, 1024px\" \/><\/a>\n\n<a href=\"https:\/\/maedchenchor-hannover.de\/wp-content\/uploads\/220123_NJK_c-Carsten-Peter-Schulze-19.jpeg\" target=\"_blank\" rel=\"noopener\"><img loading=\"lazy\" decoding=\"async\" class=\"aligncenter wp-image-27523 size-large\" src=\"https:\/\/maedchenchor-hannover.de\/wp-content\/uploads\/220123_NJK_c-Carsten-Peter-Schulze-19-1024x576.jpeg\" alt=\"\" width=\"1024\" height=\"576\" srcset=\"https:\/\/maedchenchor-hannover.de\/wp-content\/uploads\/220123_NJK_c-Carsten-Peter-Schulze-19-1024x576.jpeg 1024w, https:\/\/maedchenchor-hannover.de\/wp-content\/uploads\/220123_NJK_c-Carsten-Peter-Schulze-19-300x169.jpeg 300w, https:\/\/maedchenchor-hannover.de\/wp-content\/uploads\/220123_NJK_c-Carsten-Peter-Schulze-19-150x84.jpeg 150w, https:\/\/maedchenchor-hannover.de\/wp-content\/uploads\/220123_NJK_c-Carsten-Peter-Schulze-19-768x432.jpeg 768w, https:\/\/maedchenchor-hannover.de\/wp-content\/uploads\/220123_NJK_c-Carsten-Peter-Schulze-19-1536x864.jpeg 1536w, https:\/\/maedchenchor-hannover.de\/wp-content\/uploads\/220123_NJK_c-Carsten-Peter-Schulze-19-830x467.jpeg 830w, https:\/\/maedchenchor-hannover.de\/wp-content\/uploads\/220123_NJK_c-Carsten-Peter-Schulze-19-230x129.jpeg 230w, https:\/\/maedchenchor-hannover.de\/wp-content\/uploads\/220123_NJK_c-Carsten-Peter-Schulze-19-350x197.jpeg 350w, https:\/\/maedchenchor-hannover.de\/wp-content\/uploads\/220123_NJK_c-Carsten-Peter-Schulze-19-480x270.jpeg 480w, https:\/\/maedchenchor-hannover.de\/wp-content\/uploads\/220123_NJK_c-Carsten-Peter-Schulze-19.jpeg 2000w\" sizes=\"(max-width: 1024px) 100vw, 1024px\" \/><\/a>\n\n<a href=\"https:\/\/maedchenchor-hannover.de\/wp-content\/uploads\/220123_NJK_c-Carsten-Peter-Schulze-11.jpeg\" target=\"_blank\" rel=\"noopener\"><img loading=\"lazy\" decoding=\"async\" class=\"aligncenter wp-image-27515 size-large\" src=\"https:\/\/maedchenchor-hannover.de\/wp-content\/uploads\/220123_NJK_c-Carsten-Peter-Schulze-11-1024x576.jpeg\" alt=\"\" width=\"1024\" height=\"576\" srcset=\"https:\/\/maedchenchor-hannover.de\/wp-content\/uploads\/220123_NJK_c-Carsten-Peter-Schulze-11-1024x576.jpeg 1024w, https:\/\/maedchenchor-hannover.de\/wp-content\/uploads\/220123_NJK_c-Carsten-Peter-Schulze-11-300x169.jpeg 300w, https:\/\/maedchenchor-hannover.de\/wp-content\/uploads\/220123_NJK_c-Carsten-Peter-Schulze-11-150x84.jpeg 150w, https:\/\/maedchenchor-hannover.de\/wp-content\/uploads\/220123_NJK_c-Carsten-Peter-Schulze-11-768x432.jpeg 768w, https:\/\/maedchenchor-hannover.de\/wp-content\/uploads\/220123_NJK_c-Carsten-Peter-Schulze-11-1536x864.jpeg 1536w, https:\/\/maedchenchor-hannover.de\/wp-content\/uploads\/220123_NJK_c-Carsten-Peter-Schulze-11-830x467.jpeg 830w, https:\/\/maedchenchor-hannover.de\/wp-content\/uploads\/220123_NJK_c-Carsten-Peter-Schulze-11-230x129.jpeg 230w, https:\/\/maedchenchor-hannover.de\/wp-content\/uploads\/220123_NJK_c-Carsten-Peter-Schulze-11-350x197.jpeg 350w, https:\/\/maedchenchor-hannover.de\/wp-content\/uploads\/220123_NJK_c-Carsten-Peter-Schulze-11-480x270.jpeg 480w, https:\/\/maedchenchor-hannover.de\/wp-content\/uploads\/220123_NJK_c-Carsten-Peter-Schulze-11.jpeg 2000w\" sizes=\"(max-width: 1024px) 100vw, 1024px\" \/><\/a>\n\n<a href=\"https:\/\/maedchenchor-hannover.de\/wp-content\/uploads\/220123_NJK_c-Carsten-Peter-Schulze-10.jpeg\" target=\"_blank\" rel=\"noopener\"><img loading=\"lazy\" decoding=\"async\" class=\"aligncenter wp-image-27514 size-large\" src=\"https:\/\/maedchenchor-hannover.de\/wp-content\/uploads\/220123_NJK_c-Carsten-Peter-Schulze-10-1024x576.jpeg\" alt=\"\" width=\"1024\" height=\"576\" srcset=\"https:\/\/maedchenchor-hannover.de\/wp-content\/uploads\/220123_NJK_c-Carsten-Peter-Schulze-10-1024x576.jpeg 1024w, https:\/\/maedchenchor-hannover.de\/wp-content\/uploads\/220123_NJK_c-Carsten-Peter-Schulze-10-300x169.jpeg 300w, https:\/\/maedchenchor-hannover.de\/wp-content\/uploads\/220123_NJK_c-Carsten-Peter-Schulze-10-150x84.jpeg 150w, https:\/\/maedchenchor-hannover.de\/wp-content\/uploads\/220123_NJK_c-Carsten-Peter-Schulze-10-768x432.jpeg 768w, https:\/\/maedchenchor-hannover.de\/wp-content\/uploads\/220123_NJK_c-Carsten-Peter-Schulze-10-1536x864.jpeg 1536w, https:\/\/maedchenchor-hannover.de\/wp-content\/uploads\/220123_NJK_c-Carsten-Peter-Schulze-10-830x467.jpeg 830w, https:\/\/maedchenchor-hannover.de\/wp-content\/uploads\/220123_NJK_c-Carsten-Peter-Schulze-10-230x129.jpeg 230w, https:\/\/maedchenchor-hannover.de\/wp-content\/uploads\/220123_NJK_c-Carsten-Peter-Schulze-10-350x197.jpeg 350w, https:\/\/maedchenchor-hannover.de\/wp-content\/uploads\/220123_NJK_c-Carsten-Peter-Schulze-10-480x270.jpeg 480w, https:\/\/maedchenchor-hannover.de\/wp-content\/uploads\/220123_NJK_c-Carsten-Peter-Schulze-10.jpeg 2000w\" sizes=\"(max-width: 1024px) 100vw, 1024px\" \/><\/a>\n\n<a href=\"https:\/\/maedchenchor-hannover.de\/wp-content\/uploads\/220123_NJK_c-Carsten-Peter-Schulze-20.jpeg\" target=\"_blank\" rel=\"noopener\"><img loading=\"lazy\" decoding=\"async\" class=\"aligncenter wp-image-27524 size-large\" src=\"https:\/\/maedchenchor-hannover.de\/wp-content\/uploads\/220123_NJK_c-Carsten-Peter-Schulze-20-1024x576.jpeg\" alt=\"\" width=\"1024\" height=\"576\" srcset=\"https:\/\/maedchenchor-hannover.de\/wp-content\/uploads\/220123_NJK_c-Carsten-Peter-Schulze-20-1024x576.jpeg 1024w, https:\/\/maedchenchor-hannover.de\/wp-content\/uploads\/220123_NJK_c-Carsten-Peter-Schulze-20-300x169.jpeg 300w, https:\/\/maedchenchor-hannover.de\/wp-content\/uploads\/220123_NJK_c-Carsten-Peter-Schulze-20-150x84.jpeg 150w, https:\/\/maedchenchor-hannover.de\/wp-content\/uploads\/220123_NJK_c-Carsten-Peter-Schulze-20-768x432.jpeg 768w, https:\/\/maedchenchor-hannover.de\/wp-content\/uploads\/220123_NJK_c-Carsten-Peter-Schulze-20-1536x864.jpeg 1536w, https:\/\/maedchenchor-hannover.de\/wp-content\/uploads\/220123_NJK_c-Carsten-Peter-Schulze-20-830x467.jpeg 830w, https:\/\/maedchenchor-hannover.de\/wp-content\/uploads\/220123_NJK_c-Carsten-Peter-Schulze-20-230x129.jpeg 230w, https:\/\/maedchenchor-hannover.de\/wp-content\/uploads\/220123_NJK_c-Carsten-Peter-Schulze-20-350x197.jpeg 350w, https:\/\/maedchenchor-hannover.de\/wp-content\/uploads\/220123_NJK_c-Carsten-Peter-Schulze-20-480x270.jpeg 480w, https:\/\/maedchenchor-hannover.de\/wp-content\/uploads\/220123_NJK_c-Carsten-Peter-Schulze-20.jpeg 1835w\" sizes=\"(max-width: 1024px) 100vw, 1024px\" \/><\/a>\n\n<a href=\"https:\/\/maedchenchor-hannover.de\/wp-content\/uploads\/220123_NJK_c-Carsten-Peter-Schulze-21.jpeg\" target=\"_blank\" rel=\"noopener\"><img loading=\"lazy\" decoding=\"async\" class=\"aligncenter wp-image-27525 size-large\" src=\"https:\/\/maedchenchor-hannover.de\/wp-content\/uploads\/220123_NJK_c-Carsten-Peter-Schulze-21-1024x576.jpeg\" alt=\"\" width=\"1024\" height=\"576\" srcset=\"https:\/\/maedchenchor-hannover.de\/wp-content\/uploads\/220123_NJK_c-Carsten-Peter-Schulze-21-1024x576.jpeg 1024w, https:\/\/maedchenchor-hannover.de\/wp-content\/uploads\/220123_NJK_c-Carsten-Peter-Schulze-21-300x169.jpeg 300w, https:\/\/maedchenchor-hannover.de\/wp-content\/uploads\/220123_NJK_c-Carsten-Peter-Schulze-21-150x84.jpeg 150w, https:\/\/maedchenchor-hannover.de\/wp-content\/uploads\/220123_NJK_c-Carsten-Peter-Schulze-21-768x432.jpeg 768w, https:\/\/maedchenchor-hannover.de\/wp-content\/uploads\/220123_NJK_c-Carsten-Peter-Schulze-21-1536x864.jpeg 1536w, https:\/\/maedchenchor-hannover.de\/wp-content\/uploads\/220123_NJK_c-Carsten-Peter-Schulze-21-830x467.jpeg 830w, https:\/\/maedchenchor-hannover.de\/wp-content\/uploads\/220123_NJK_c-Carsten-Peter-Schulze-21-230x129.jpeg 230w, https:\/\/maedchenchor-hannover.de\/wp-content\/uploads\/220123_NJK_c-Carsten-Peter-Schulze-21-350x197.jpeg 350w, https:\/\/maedchenchor-hannover.de\/wp-content\/uploads\/220123_NJK_c-Carsten-Peter-Schulze-21-480x270.jpeg 480w, https:\/\/maedchenchor-hannover.de\/wp-content\/uploads\/220123_NJK_c-Carsten-Peter-Schulze-21.jpeg 2000w\" sizes=\"(max-width: 1024px) 100vw, 1024px\" \/><\/a><\/div>\n\t\t\t\t<\/div>\n\t\t\t\t\t\t\t\t<\/div>\n\t\t\t\t\t\t<\/div>\n\t\t\t\t<\/div>\n\t\t\t\t\t<\/div>\n\t\t<\/div>\n\t\t\t\t\t<\/div>\n\t\t<\/section>\n\t\t\t\t<\/div>\n\t\t","protected":false},"excerpt":{"rendered":"<p>M\u00e4rchenhaftes NeujahrskonzertZwei Urauff\u00fchrungen zum Auftakt des FestjahresVer\u00f6ffentlicht: 03.02.2022 M\u00e4dchenchor Hannover, [&hellip;]<\/p>\n","protected":false},"author":1,"featured_media":0,"comment_status":"closed","ping_status":"closed","sticky":false,"template":"","format":"standard","meta":{"footnotes":""},"categories":[2],"tags":[],"class_list":["post-27502","post","type-post","status-publish","format-standard","hentry","category-news"],"_links":{"self":[{"href":"https:\/\/maedchenchor-hannover.de\/index.php?rest_route=\/wp\/v2\/posts\/27502","targetHints":{"allow":["GET"]}}],"collection":[{"href":"https:\/\/maedchenchor-hannover.de\/index.php?rest_route=\/wp\/v2\/posts"}],"about":[{"href":"https:\/\/maedchenchor-hannover.de\/index.php?rest_route=\/wp\/v2\/types\/post"}],"author":[{"embeddable":true,"href":"https:\/\/maedchenchor-hannover.de\/index.php?rest_route=\/wp\/v2\/users\/1"}],"replies":[{"embeddable":true,"href":"https:\/\/maedchenchor-hannover.de\/index.php?rest_route=%2Fwp%2Fv2%2Fcomments&post=27502"}],"version-history":[{"count":27,"href":"https:\/\/maedchenchor-hannover.de\/index.php?rest_route=\/wp\/v2\/posts\/27502\/revisions"}],"predecessor-version":[{"id":35777,"href":"https:\/\/maedchenchor-hannover.de\/index.php?rest_route=\/wp\/v2\/posts\/27502\/revisions\/35777"}],"wp:attachment":[{"href":"https:\/\/maedchenchor-hannover.de\/index.php?rest_route=%2Fwp%2Fv2%2Fmedia&parent=27502"}],"wp:term":[{"taxonomy":"category","embeddable":true,"href":"https:\/\/maedchenchor-hannover.de\/index.php?rest_route=%2Fwp%2Fv2%2Fcategories&post=27502"},{"taxonomy":"post_tag","embeddable":true,"href":"https:\/\/maedchenchor-hannover.de\/index.php?rest_route=%2Fwp%2Fv2%2Ftags&post=27502"}],"curies":[{"name":"wp","href":"https:\/\/api.w.org\/{rel}","templated":true}]}}