{"id":27052,"date":"2021-12-14T11:06:32","date_gmt":"2021-12-14T10:06:32","guid":{"rendered":"https:\/\/maedchenchor-hannover.de\/?p=27052"},"modified":"2023-09-11T15:05:21","modified_gmt":"2023-09-11T13:05:21","slug":"weihnachtskonzerte2021","status":"publish","type":"post","link":"https:\/\/maedchenchor-hannover.de\/?p=27052","title":{"rendered":"Weihnachtskonzerte2021"},"content":{"rendered":"\t\t<div data-elementor-type=\"wp-post\" data-elementor-id=\"27052\" class=\"elementor elementor-27052\">\n\t\t\t\t\t\t<section class=\"elementor-section elementor-top-section elementor-element elementor-element-29f6470a elementor-section-boxed elementor-section-height-default elementor-section-height-default\" data-id=\"29f6470a\" data-element_type=\"section\" data-e-type=\"section\" data-settings=\"{&quot;background_background&quot;:&quot;classic&quot;}\">\n\t\t\t\t\t\t<div class=\"elementor-container elementor-column-gap-default\">\n\t\t\t\t\t<div class=\"elementor-column elementor-col-100 elementor-top-column elementor-element elementor-element-46cf83eb\" data-id=\"46cf83eb\" data-element_type=\"column\" data-e-type=\"column\">\n\t\t\t<div class=\"elementor-widget-wrap elementor-element-populated\">\n\t\t\t\t\t\t<div class=\"elementor-element elementor-element-49581c88 elementor-widget elementor-widget-image\" data-id=\"49581c88\" data-element_type=\"widget\" data-e-type=\"widget\" data-widget_type=\"image.default\">\n\t\t\t\t<div class=\"elementor-widget-container\">\n\t\t\t\t\t\t\t\t\t\t\t\t<figure class=\"wp-caption\">\n\t\t\t\t\t\t\t\t\t\t\t<a href=\"https:\/\/maedchenchor-hannover.de\/wp-content\/uploads\/211210_Adventskonzert-Marktkirche-c-Carsten-Peter-Schulze-38.jpeg\" data-elementor-open-lightbox=\"yes\" data-elementor-lightbox-title=\"211210_Adventskonzert Marktkirche (c) Carsten Peter Schulze (38)\" data-e-action-hash=\"#elementor-action%3Aaction%3Dlightbox%26settings%3DeyJpZCI6MjcwNTEsInVybCI6Imh0dHBzOlwvXC9tYWVkY2hlbmNob3ItaGFubm92ZXIuZGVcL3dwLWNvbnRlbnRcL3VwbG9hZHNcLzIxMTIxMF9BZHZlbnRza29uemVydC1NYXJrdGtpcmNoZS1jLUNhcnN0ZW4tUGV0ZXItU2NodWx6ZS0zOC5qcGVnIn0%3D\">\n\t\t\t\t\t\t\t<img fetchpriority=\"high\" decoding=\"async\" width=\"1024\" height=\"576\" src=\"https:\/\/maedchenchor-hannover.de\/wp-content\/uploads\/211210_Adventskonzert-Marktkirche-c-Carsten-Peter-Schulze-38-1024x576.jpeg\" class=\"attachment-large size-large wp-image-27051\" alt=\"\" srcset=\"https:\/\/maedchenchor-hannover.de\/wp-content\/uploads\/211210_Adventskonzert-Marktkirche-c-Carsten-Peter-Schulze-38-1024x576.jpeg 1024w, https:\/\/maedchenchor-hannover.de\/wp-content\/uploads\/211210_Adventskonzert-Marktkirche-c-Carsten-Peter-Schulze-38-300x169.jpeg 300w, https:\/\/maedchenchor-hannover.de\/wp-content\/uploads\/211210_Adventskonzert-Marktkirche-c-Carsten-Peter-Schulze-38-150x84.jpeg 150w, https:\/\/maedchenchor-hannover.de\/wp-content\/uploads\/211210_Adventskonzert-Marktkirche-c-Carsten-Peter-Schulze-38-768x432.jpeg 768w, https:\/\/maedchenchor-hannover.de\/wp-content\/uploads\/211210_Adventskonzert-Marktkirche-c-Carsten-Peter-Schulze-38-1536x864.jpeg 1536w, https:\/\/maedchenchor-hannover.de\/wp-content\/uploads\/211210_Adventskonzert-Marktkirche-c-Carsten-Peter-Schulze-38-830x467.jpeg 830w, https:\/\/maedchenchor-hannover.de\/wp-content\/uploads\/211210_Adventskonzert-Marktkirche-c-Carsten-Peter-Schulze-38-230x129.jpeg 230w, https:\/\/maedchenchor-hannover.de\/wp-content\/uploads\/211210_Adventskonzert-Marktkirche-c-Carsten-Peter-Schulze-38-350x197.jpeg 350w, https:\/\/maedchenchor-hannover.de\/wp-content\/uploads\/211210_Adventskonzert-Marktkirche-c-Carsten-Peter-Schulze-38-480x270.jpeg 480w, https:\/\/maedchenchor-hannover.de\/wp-content\/uploads\/211210_Adventskonzert-Marktkirche-c-Carsten-Peter-Schulze-38.jpeg 2000w\" sizes=\"(max-width: 1024px) 100vw, 1024px\" \/>\t\t\t\t\t\t\t\t<\/a>\n\t\t\t\t\t\t\t\t\t\t\t<figcaption class=\"widget-image-caption wp-caption-text\">M\u00e4dchenchor Hannover, Marktkirche,  10.12.21 (Foto: Carsten Peter Schulze)<\/figcaption>\n\t\t\t\t\t\t\t\t\t\t<\/figure>\n\t\t\t\t\t\t\t\t\t<\/div>\n\t\t\t\t<\/div>\n\t\t\t\t\t<\/div>\n\t\t<\/div>\n\t\t\t\t\t<\/div>\n\t\t<\/section>\n\t\t\t\t<section class=\"elementor-section elementor-top-section elementor-element elementor-element-32ccba68 elementor-section-boxed elementor-section-height-default elementor-section-height-default\" data-id=\"32ccba68\" data-element_type=\"section\" data-e-type=\"section\">\n\t\t\t\t\t\t<div class=\"elementor-container elementor-column-gap-default\">\n\t\t\t\t\t<div class=\"elementor-column elementor-col-100 elementor-top-column elementor-element elementor-element-73ef8731\" data-id=\"73ef8731\" data-element_type=\"column\" data-e-type=\"column\">\n\t\t\t<div class=\"elementor-widget-wrap elementor-element-populated\">\n\t\t\t\t\t\t<div class=\"elementor-element elementor-element-495f663b elementor-widget elementor-widget-text-editor\" data-id=\"495f663b\" data-element_type=\"widget\" data-e-type=\"widget\" data-widget_type=\"text-editor.default\">\n\t\t\t\t<div class=\"elementor-widget-container\">\n\t\t\t\t\t\t\t\t\t<p style=\"text-align: left;\">Es war ein Fest <br \/><span style=\"font-size: 70%; font-weight: 500; padding-top: 10px;\">M\u00e4dchenchor-Weihnachtskonzerte in der Marktkirche<\/span><br \/><span style=\"font-size: 40%; font-weight: 500;\">Ver\u00f6ffentlicht: 14.12.2021<\/span><\/p>\t\t\t\t\t\t\t\t<\/div>\n\t\t\t\t<\/div>\n\t\t\t\t\t<\/div>\n\t\t<\/div>\n\t\t\t\t\t<\/div>\n\t\t<\/section>\n\t\t\t\t<section class=\"elementor-section elementor-top-section elementor-element elementor-element-71dfa55b elementor-section-full_width elementor-hidden-mobile elementor-section-height-default elementor-section-height-default\" data-id=\"71dfa55b\" data-element_type=\"section\" data-e-type=\"section\" data-settings=\"{&quot;background_background&quot;:&quot;classic&quot;}\">\n\t\t\t\t\t\t<div class=\"elementor-container elementor-column-gap-default\">\n\t\t\t\t\t<div class=\"elementor-column elementor-col-33 elementor-top-column elementor-element elementor-element-477afb42\" data-id=\"477afb42\" data-element_type=\"column\" data-e-type=\"column\">\n\t\t\t<div class=\"elementor-widget-wrap elementor-element-populated\">\n\t\t\t\t\t\t<div class=\"elementor-element elementor-element-502ecef2 elementor-widget elementor-widget-text-editor\" data-id=\"502ecef2\" data-element_type=\"widget\" data-e-type=\"widget\" data-widget_type=\"text-editor.default\">\n\t\t\t\t<div class=\"elementor-widget-container\">\n\t\t\t\t\t\t\t\t\t<p style=\"text-align: left;\"><strong>Hannover<\/strong>. Endlich sang der M\u00e4dchenchor Hannover wieder in der Marktkirche! Nachdem die lange Tradition der Weihnachtskonzerte im letzten Jahr pandemiebedingt ausgesetzt werden musste, erklangen die Stimmen der M\u00e4dchen am vergangenen Wochenende umso eindrucksvoller und bot unter der Leitung von Andreas Felber mit dem Ensemble Oktoplus und Marktkirchenorganist Ulfert Smidt einen hervorragenden Konzertabend.<br \/>Den traditionellen singenden Einzug lie\u00dfen sich die M\u00e4dchen nicht nehmen und schafften von Anfang an eine besinnliche Atmosph\u00e4re f\u00fcr alle Anwesenden. Zahlreiche traditionelle oder neu arrangierte Weihnachtslieder wurden vom Konzertchor aus dem Altarraum, vom Nachwuchschor (Leitung: Julia Wolf) von der Empore her einzeln und gemeinsam gesungen. <br \/>Das zentrale St\u00fcck des Abends war Vivaldis \u201eGloria\u201c RV 589, mit Solopartien der Chors\u00e4ngerinnen Sophia von Drygalski, Sophia Sievers, Frida Prominski, Emilia H\u00f6ltge, Marie Falldorf, Marilou P\u00fcschel und Elise Malcher (Einstudierungen: Gudrun Schr\u00f6fel). Sie trugen \u201eLaudamus te\u201c, \u201eDomine Deus<span style=\"font-size: 1em; letter-spacing: 0px;\">\u201c<\/span><span style=\"font-size: 1em; letter-spacing: 0px;\">, Rex coelestis\u201c, \u201eDomine Deus<\/span><span style=\"font-size: 1em; letter-spacing: 0px;\">\u201c<\/span><span style=\"font-size: 1em; letter-spacing: 0px;\">,\u00a0<\/span><span style=\"font-size: 1em; letter-spacing: 0px;\">\u201e<\/span><span style=\"font-size: 1em; letter-spacing: 0px;\">Agnes Dei\u201c und \u201equi sedes ad dexteram Patris\u201c \u00fcberzeugend und mit Hingabe vor. Allen Beteiligten merkte man die Freude dar\u00fcber an, diese Konzerte durchf\u00fchren und sich einem<\/span><\/p>\t\t\t\t\t\t\t\t<\/div>\n\t\t\t\t<\/div>\n\t\t\t\t\t<\/div>\n\t\t<\/div>\n\t\t\t\t<div class=\"elementor-column elementor-col-66 elementor-top-column elementor-element elementor-element-6fef780e\" data-id=\"6fef780e\" data-element_type=\"column\" data-e-type=\"column\">\n\t\t\t<div class=\"elementor-widget-wrap elementor-element-populated\">\n\t\t\t\t\t\t<div class=\"elementor-element elementor-element-70267c85 elementor-widget elementor-widget-text-editor\" data-id=\"70267c85\" data-element_type=\"widget\" data-e-type=\"widget\" data-widget_type=\"text-editor.default\">\n\t\t\t\t<div class=\"elementor-widget-container\">\n\t\t\t\t\t\t\t\t\t<p>Publikum\u00a0musikalisch pr\u00e4sentieren zu d\u00fcrfen. F\u00fcr viele S\u00e4ngerinnen des Nachwuchschores waren diese Konzerte die ersten Auftritte seit der Pandemie.<br \/>Das Publikum genoss Programm und Atmosph\u00e4re sichtlich und spendete begeisterten Beifall.<\/p><p><strong>Familienkonzert<\/strong>.<\/p><p>Am Adventssonntag lud der M\u00e4dchenchor zum Familienkonzert \u201eKleiner Stern, was nun?\u201c ein. Passend dazu war der Kirchenraum mit einem Sternenhimmel angestrahlt. In einer gut gef\u00fcllten Kirche mit vielen kleinen und gro\u00dfen G\u00e4sten sang der Nachwuchschor unter der Leitung von Julia Wolf und begleitet am Klavier von Ulfert Smidt mit einem Singspiel von Peter Schindler die \u201eGeschichte vom gro\u00dfen Stern\u201c, erz\u00e4hlt von Eva Wegener (Konzertchor). Gefolgt wurde das Singspiel von bekannten Weihnachtsliedern, die viele im Publikum zum Mitsummen verleiteten. Die unterhaltsame Geschichte von den \u201eZwei Schlingel in Weihnachtsvorbereitungen\u201c (Monika Minder) erz\u00e4hlten die beiden Konzertchors\u00e4ngerinnen Marlene Schmidt und Emili Mohammadi. Mit einem musikalischen Auszug aus der Kirche verabschiedete der Konzertchor seine Besucher*innen schlie\u00dflich in den dritten Advent. <em>(je)<\/em><\/p>\t\t\t\t\t\t\t\t<\/div>\n\t\t\t\t<\/div>\n\t\t\t\t\t<\/div>\n\t\t<\/div>\n\t\t\t\t\t<\/div>\n\t\t<\/section>\n\t\t\t\t<section class=\"elementor-section elementor-top-section elementor-element elementor-element-51d89da elementor-section-full_width elementor-hidden-desktop elementor-hidden-tablet elementor-section-height-default elementor-section-height-default\" data-id=\"51d89da\" data-element_type=\"section\" data-e-type=\"section\" data-settings=\"{&quot;background_background&quot;:&quot;classic&quot;}\">\n\t\t\t\t\t\t<div class=\"elementor-container elementor-column-gap-default\">\n\t\t\t\t\t<div class=\"elementor-column elementor-col-100 elementor-top-column elementor-element elementor-element-a622fb8\" data-id=\"a622fb8\" data-element_type=\"column\" data-e-type=\"column\">\n\t\t\t<div class=\"elementor-widget-wrap elementor-element-populated\">\n\t\t\t\t\t\t<div class=\"elementor-element elementor-element-29f6d9e elementor-widget elementor-widget-text-editor\" data-id=\"29f6d9e\" data-element_type=\"widget\" data-e-type=\"widget\" data-widget_type=\"text-editor.default\">\n\t\t\t\t<div class=\"elementor-widget-container\">\n\t\t\t\t\t\t\t\t\t<p style=\"text-align: left;\"><strong>Hannover<\/strong>. Endlich sang der M\u00e4dchenchor Hannover wieder in der Marktkirche! Nachdem die lange Tradition der Weihnachtskonzerte im letzten Jahr pandemiebedingt ausgesetzt werden musste, erklangen die Stimmen der M\u00e4dchen am vergangenen Wochenende umso eindrucksvoller und bot unter der Leitung von Andreas Felber mit dem Ensemble Oktoplus und Marktkirchenorganis Ulfer Smidt einen hervorragenden Konzertabend.<br \/>Den traditionellen singenden Einzug lie\u00dfen sich die M\u00e4dchen nicht nehmen und schafften von Anfang an eine besinnliche Atmosph\u00e4re f\u00fcr alle Anwesenden. Zahlreiche traditionelle oder neu arrangierte Weihnachtlieder wurden vom Konzertchor aus dem Altarraum, vom Nachwuchschor (Leitung: Julia Wolf) von der Empore her einzeln und gemeinsam gesungen. <br \/>Das zentrale St\u00fcck des Abends war Vivaldis \u201eGloria\u201c RV 589, mit Solopartien der Chors\u00e4ngerinnen Sophia von Drygalski, Sophia Sievers, Frida Prominski und Emilia H\u00f6ltge, Marie Falldorf, Marilou P\u00fcschel und Elise Malcher (Einstudierungen: Gudrun Schr\u00f6fel). Sie trugen &#8222;Laudamus te\u201c, \u201eDomine Deus, Rex coelestis\u201c, \u201eDomine Deus, Agnes Dei\u201c und \u201equi sedes ad dexteram Patris\u201c \u00fcberzeugend und mit Hingabe vor. Allen Beteiligten merkte man die Freude dar\u00fcber an,diese Konzerte durchf\u00fchren und sich einem Publikum musikalisch pr\u00e4sentieren zu d\u00fcrfen. F\u00fcr viele S\u00e4ngerinnen des Nachwuchschores waren diese Konzerte die ersten Auftritte seit der Pandemie.<br \/>Das Publikum genoss Programm und Atmosph\u00e4re sichtlich und spendete begeisterten Beifall.<\/p><p><strong>Familienkonzert<\/strong>.<\/p><p>Am Adventssonntag lud der M\u00e4dchenchor zum Familienkonzert \u201eKleiner Stern, was nun?\u201c ein. Passend dazu war der Kirchenraum mit einem Sternenhimmel angestrahlt. In einer gut gef\u00fcllten Kirche mit vielen kleinen und gro\u00dfen G\u00e4sten sang der Nachwuchschor unter der Leitung von Julia Wolf und begleitet am Klavier von Ulfert Smidt mit einem Singspiel von Peter Schindler die &#8222;Geschichte vom gro\u00dfen Stern\u00b4&#8220;, erz\u00e4hlt von Eva Wegener (Konzertchor). Gefolgt wurde das Singspiel von bekannten Weihnachtsliedern, die viele im Publikum zum Mitsummen verleiteten. Die unterhaltsame Geschichte von den \u201eZwei Schlingel in Weihnachtsvorbereitungen\u201c (Monika Minder) erz\u00e4hlten die beiden Konzertchors\u00e4ngerinnen Marlene Schmidt und Emili Mohammadi. Mit einem musikalischen Auszug aus der Kirche verabschiedete der Konzertchor seine Besucher*innen schliesslich in den dritten Advent.<\/p>\t\t\t\t\t\t\t\t<\/div>\n\t\t\t\t<\/div>\n\t\t\t\t\t<\/div>\n\t\t<\/div>\n\t\t\t\t\t<\/div>\n\t\t<\/section>\n\t\t\t\t<section class=\"elementor-section elementor-top-section elementor-element elementor-element-708d0f84 elementor-section-boxed elementor-section-height-default elementor-section-height-default\" data-id=\"708d0f84\" data-element_type=\"section\" data-e-type=\"section\">\n\t\t\t\t\t\t<div class=\"elementor-container elementor-column-gap-default\">\n\t\t\t\t\t<div class=\"elementor-column elementor-col-100 elementor-top-column elementor-element elementor-element-6a53f0e7\" data-id=\"6a53f0e7\" data-element_type=\"column\" data-e-type=\"column\">\n\t\t\t<div class=\"elementor-widget-wrap elementor-element-populated\">\n\t\t\t\t\t\t<div class=\"elementor-element elementor-element-1d329eda elementor-widget elementor-widget-toggle\" data-id=\"1d329eda\" data-element_type=\"widget\" data-e-type=\"widget\" data-widget_type=\"toggle.default\">\n\t\t\t\t<div class=\"elementor-widget-container\">\n\t\t\t\t\t\t\t<div class=\"elementor-toggle\">\n\t\t\t\t\t\t\t<div class=\"elementor-toggle-item\">\n\t\t\t\t\t<div id=\"elementor-tab-title-4891\" class=\"elementor-tab-title\" data-tab=\"1\" role=\"button\" aria-controls=\"elementor-tab-content-4891\" aria-expanded=\"false\">\n\t\t\t\t\t\t\t\t\t\t\t\t<span class=\"elementor-toggle-icon elementor-toggle-icon-left\" aria-hidden=\"true\">\n\t\t\t\t\t\t\t\t\t\t\t\t\t\t\t<span class=\"elementor-toggle-icon-closed\"><i class=\"fas fa-caret-right\"><\/i><\/span>\n\t\t\t\t\t\t\t\t<span class=\"elementor-toggle-icon-opened\"><i class=\"elementor-toggle-icon-opened fas fa-caret-up\"><\/i><\/span>\n\t\t\t\t\t\t\t\t\t\t\t\t\t<\/span>\n\t\t\t\t\t\t\t\t\t\t\t\t<a class=\"elementor-toggle-title\" tabindex=\"0\">Presse<\/a>\n\t\t\t\t\t<\/div>\n\n\t\t\t\t\t<div id=\"elementor-tab-content-4891\" class=\"elementor-tab-content elementor-clearfix\" data-tab=\"1\" role=\"region\" aria-labelledby=\"elementor-tab-title-4891\">Hannoversche Allgemeine Zeitung vom 13.12.2021\n<a href=\"https:\/\/maedchenchor-hannover.de\/wp-content\/uploads\/211213-HAZ-Konzertkritik.pdf\" target=\"_blank\" rel=\"noopener\"><img decoding=\"async\" class=\"aligncenter wp-image-27050 size-large\" src=\"https:\/\/maedchenchor-hannover.de\/wp-content\/uploads\/211213-ReifeLeistungHAZ_Weihnachtskonzerte-1024x473.png\" alt=\"\" width=\"1024\" height=\"473\" srcset=\"https:\/\/maedchenchor-hannover.de\/wp-content\/uploads\/211213-ReifeLeistungHAZ_Weihnachtskonzerte-1024x473.png 1024w, https:\/\/maedchenchor-hannover.de\/wp-content\/uploads\/211213-ReifeLeistungHAZ_Weihnachtskonzerte-300x139.png 300w, https:\/\/maedchenchor-hannover.de\/wp-content\/uploads\/211213-ReifeLeistungHAZ_Weihnachtskonzerte-150x69.png 150w, https:\/\/maedchenchor-hannover.de\/wp-content\/uploads\/211213-ReifeLeistungHAZ_Weihnachtskonzerte-768x355.png 768w, https:\/\/maedchenchor-hannover.de\/wp-content\/uploads\/211213-ReifeLeistungHAZ_Weihnachtskonzerte-830x383.png 830w, https:\/\/maedchenchor-hannover.de\/wp-content\/uploads\/211213-ReifeLeistungHAZ_Weihnachtskonzerte-230x106.png 230w, https:\/\/maedchenchor-hannover.de\/wp-content\/uploads\/211213-ReifeLeistungHAZ_Weihnachtskonzerte-350x162.png 350w, https:\/\/maedchenchor-hannover.de\/wp-content\/uploads\/211213-ReifeLeistungHAZ_Weihnachtskonzerte-480x222.png 480w, https:\/\/maedchenchor-hannover.de\/wp-content\/uploads\/211213-ReifeLeistungHAZ_Weihnachtskonzerte.png 1212w\" sizes=\"(max-width: 1024px) 100vw, 1024px\" \/><\/a><\/div>\n\t\t\t\t<\/div>\n\t\t\t\t\t\t\t\t<\/div>\n\t\t\t\t\t\t<\/div>\n\t\t\t\t<\/div>\n\t\t\t\t\t<\/div>\n\t\t<\/div>\n\t\t\t\t\t<\/div>\n\t\t<\/section>\n\t\t\t\t<section class=\"elementor-section elementor-top-section elementor-element elementor-element-c5c5909 elementor-section-boxed elementor-section-height-default elementor-section-height-default\" data-id=\"c5c5909\" data-element_type=\"section\" data-e-type=\"section\">\n\t\t\t\t\t\t<div class=\"elementor-container elementor-column-gap-default\">\n\t\t\t\t\t<div class=\"elementor-column elementor-col-100 elementor-top-column elementor-element elementor-element-396d9a0\" data-id=\"396d9a0\" data-element_type=\"column\" data-e-type=\"column\">\n\t\t\t<div class=\"elementor-widget-wrap elementor-element-populated\">\n\t\t\t\t\t\t<div class=\"elementor-element elementor-element-a2d03c8 elementor-widget elementor-widget-toggle\" data-id=\"a2d03c8\" data-element_type=\"widget\" data-e-type=\"widget\" data-widget_type=\"toggle.default\">\n\t\t\t\t<div class=\"elementor-widget-container\">\n\t\t\t\t\t\t\t<div class=\"elementor-toggle\">\n\t\t\t\t\t\t\t<div class=\"elementor-toggle-item\">\n\t\t\t\t\t<div id=\"elementor-tab-title-1701\" class=\"elementor-tab-title\" data-tab=\"1\" role=\"button\" aria-controls=\"elementor-tab-content-1701\" aria-expanded=\"false\">\n\t\t\t\t\t\t\t\t\t\t\t\t<span class=\"elementor-toggle-icon elementor-toggle-icon-left\" aria-hidden=\"true\">\n\t\t\t\t\t\t\t\t\t\t\t\t\t\t\t<span class=\"elementor-toggle-icon-closed\"><i class=\"fas fa-caret-right\"><\/i><\/span>\n\t\t\t\t\t\t\t\t<span class=\"elementor-toggle-icon-opened\"><i class=\"elementor-toggle-icon-opened fas fa-caret-up\"><\/i><\/span>\n\t\t\t\t\t\t\t\t\t\t\t\t\t<\/span>\n\t\t\t\t\t\t\t\t\t\t\t\t<a class=\"elementor-toggle-title\" tabindex=\"0\">Fotos <\/a>\n\t\t\t\t\t<\/div>\n\n\t\t\t\t\t<div id=\"elementor-tab-content-1701\" class=\"elementor-tab-content elementor-clearfix\" data-tab=\"1\" role=\"region\" aria-labelledby=\"elementor-tab-title-1701\">Alle Fotos: \u00a9 Carsten Peter Schulze\n<a href=\"https:\/\/maedchenchor-hannover.de\/wp-content\/uploads\/211210_Adventskonzert-Marktkirche-c-Carsten-Peter-Schulze-38-1.jpeg\" target=\"_blank\" rel=\"noopener\"><img decoding=\"async\" class=\"aligncenter wp-image-27070 size-large\" src=\"https:\/\/maedchenchor-hannover.de\/wp-content\/uploads\/211210_Adventskonzert-Marktkirche-c-Carsten-Peter-Schulze-38-1-1024x576.jpeg\" alt=\"\" width=\"1024\" height=\"576\" srcset=\"https:\/\/maedchenchor-hannover.de\/wp-content\/uploads\/211210_Adventskonzert-Marktkirche-c-Carsten-Peter-Schulze-38-1-1024x576.jpeg 1024w, https:\/\/maedchenchor-hannover.de\/wp-content\/uploads\/211210_Adventskonzert-Marktkirche-c-Carsten-Peter-Schulze-38-1-300x169.jpeg 300w, https:\/\/maedchenchor-hannover.de\/wp-content\/uploads\/211210_Adventskonzert-Marktkirche-c-Carsten-Peter-Schulze-38-1-150x84.jpeg 150w, https:\/\/maedchenchor-hannover.de\/wp-content\/uploads\/211210_Adventskonzert-Marktkirche-c-Carsten-Peter-Schulze-38-1-768x432.jpeg 768w, https:\/\/maedchenchor-hannover.de\/wp-content\/uploads\/211210_Adventskonzert-Marktkirche-c-Carsten-Peter-Schulze-38-1-1536x864.jpeg 1536w, https:\/\/maedchenchor-hannover.de\/wp-content\/uploads\/211210_Adventskonzert-Marktkirche-c-Carsten-Peter-Schulze-38-1-830x467.jpeg 830w, https:\/\/maedchenchor-hannover.de\/wp-content\/uploads\/211210_Adventskonzert-Marktkirche-c-Carsten-Peter-Schulze-38-1-230x129.jpeg 230w, https:\/\/maedchenchor-hannover.de\/wp-content\/uploads\/211210_Adventskonzert-Marktkirche-c-Carsten-Peter-Schulze-38-1-350x197.jpeg 350w, https:\/\/maedchenchor-hannover.de\/wp-content\/uploads\/211210_Adventskonzert-Marktkirche-c-Carsten-Peter-Schulze-38-1-480x270.jpeg 480w, https:\/\/maedchenchor-hannover.de\/wp-content\/uploads\/211210_Adventskonzert-Marktkirche-c-Carsten-Peter-Schulze-38-1.jpeg 2000w\" sizes=\"(max-width: 1024px) 100vw, 1024px\" \/><\/a>\n<a href=\"https:\/\/maedchenchor-hannover.de\/wp-content\/uploads\/211210_Adventskonzert-Marktkirche-c-Carsten-Peter-Schulze-30.jpeg\" target=\"_blank\" rel=\"noopener\"><img loading=\"lazy\" decoding=\"async\" class=\"aligncenter wp-image-27068 size-large\" src=\"https:\/\/maedchenchor-hannover.de\/wp-content\/uploads\/211210_Adventskonzert-Marktkirche-c-Carsten-Peter-Schulze-30-1024x692.jpeg\" alt=\"\" width=\"1024\" height=\"692\" srcset=\"https:\/\/maedchenchor-hannover.de\/wp-content\/uploads\/211210_Adventskonzert-Marktkirche-c-Carsten-Peter-Schulze-30-1024x692.jpeg 1024w, https:\/\/maedchenchor-hannover.de\/wp-content\/uploads\/211210_Adventskonzert-Marktkirche-c-Carsten-Peter-Schulze-30-300x203.jpeg 300w, https:\/\/maedchenchor-hannover.de\/wp-content\/uploads\/211210_Adventskonzert-Marktkirche-c-Carsten-Peter-Schulze-30-150x101.jpeg 150w, https:\/\/maedchenchor-hannover.de\/wp-content\/uploads\/211210_Adventskonzert-Marktkirche-c-Carsten-Peter-Schulze-30-768x519.jpeg 768w, https:\/\/maedchenchor-hannover.de\/wp-content\/uploads\/211210_Adventskonzert-Marktkirche-c-Carsten-Peter-Schulze-30-1536x1038.jpeg 1536w, https:\/\/maedchenchor-hannover.de\/wp-content\/uploads\/211210_Adventskonzert-Marktkirche-c-Carsten-Peter-Schulze-30-830x561.jpeg 830w, https:\/\/maedchenchor-hannover.de\/wp-content\/uploads\/211210_Adventskonzert-Marktkirche-c-Carsten-Peter-Schulze-30-230x155.jpeg 230w, https:\/\/maedchenchor-hannover.de\/wp-content\/uploads\/211210_Adventskonzert-Marktkirche-c-Carsten-Peter-Schulze-30-350x237.jpeg 350w, https:\/\/maedchenchor-hannover.de\/wp-content\/uploads\/211210_Adventskonzert-Marktkirche-c-Carsten-Peter-Schulze-30-480x324.jpeg 480w, https:\/\/maedchenchor-hannover.de\/wp-content\/uploads\/211210_Adventskonzert-Marktkirche-c-Carsten-Peter-Schulze-30.jpeg 2000w\" sizes=\"(max-width: 1024px) 100vw, 1024px\" \/><\/a>\n<a href=\"https:\/\/maedchenchor-hannover.de\/wp-content\/uploads\/211210_Adventskonzert-Marktkirche-c-Carsten-Peter-Schulze-62.jpeg\" target=\"_blank\" rel=\"noopener\"><img loading=\"lazy\" decoding=\"async\" class=\"aligncenter wp-image-27067 size-large\" src=\"https:\/\/maedchenchor-hannover.de\/wp-content\/uploads\/211210_Adventskonzert-Marktkirche-c-Carsten-Peter-Schulze-62-1024x576.jpeg\" alt=\"\" width=\"1024\" height=\"576\" srcset=\"https:\/\/maedchenchor-hannover.de\/wp-content\/uploads\/211210_Adventskonzert-Marktkirche-c-Carsten-Peter-Schulze-62-1024x576.jpeg 1024w, https:\/\/maedchenchor-hannover.de\/wp-content\/uploads\/211210_Adventskonzert-Marktkirche-c-Carsten-Peter-Schulze-62-300x169.jpeg 300w, https:\/\/maedchenchor-hannover.de\/wp-content\/uploads\/211210_Adventskonzert-Marktkirche-c-Carsten-Peter-Schulze-62-150x84.jpeg 150w, https:\/\/maedchenchor-hannover.de\/wp-content\/uploads\/211210_Adventskonzert-Marktkirche-c-Carsten-Peter-Schulze-62-768x432.jpeg 768w, https:\/\/maedchenchor-hannover.de\/wp-content\/uploads\/211210_Adventskonzert-Marktkirche-c-Carsten-Peter-Schulze-62-1536x864.jpeg 1536w, https:\/\/maedchenchor-hannover.de\/wp-content\/uploads\/211210_Adventskonzert-Marktkirche-c-Carsten-Peter-Schulze-62-830x467.jpeg 830w, https:\/\/maedchenchor-hannover.de\/wp-content\/uploads\/211210_Adventskonzert-Marktkirche-c-Carsten-Peter-Schulze-62-230x129.jpeg 230w, https:\/\/maedchenchor-hannover.de\/wp-content\/uploads\/211210_Adventskonzert-Marktkirche-c-Carsten-Peter-Schulze-62-350x197.jpeg 350w, https:\/\/maedchenchor-hannover.de\/wp-content\/uploads\/211210_Adventskonzert-Marktkirche-c-Carsten-Peter-Schulze-62-480x270.jpeg 480w, https:\/\/maedchenchor-hannover.de\/wp-content\/uploads\/211210_Adventskonzert-Marktkirche-c-Carsten-Peter-Schulze-62.jpeg 2000w\" sizes=\"(max-width: 1024px) 100vw, 1024px\" \/><\/a>\n\n<a href=\"https:\/\/maedchenchor-hannover.de\/wp-content\/uploads\/211210_Adventskonzert-Marktkirche-c-Carsten-Peter-Schulze-59.jpeg\" target=\"_blank\" rel=\"noopener\"><img loading=\"lazy\" decoding=\"async\" class=\"aligncenter wp-image-27066 \" src=\"https:\/\/maedchenchor-hannover.de\/wp-content\/uploads\/211210_Adventskonzert-Marktkirche-c-Carsten-Peter-Schulze-59-1024x576.jpeg\" alt=\"\" width=\"1024\" height=\"576\" srcset=\"https:\/\/maedchenchor-hannover.de\/wp-content\/uploads\/211210_Adventskonzert-Marktkirche-c-Carsten-Peter-Schulze-59-1024x576.jpeg 1024w, https:\/\/maedchenchor-hannover.de\/wp-content\/uploads\/211210_Adventskonzert-Marktkirche-c-Carsten-Peter-Schulze-59-300x169.jpeg 300w, https:\/\/maedchenchor-hannover.de\/wp-content\/uploads\/211210_Adventskonzert-Marktkirche-c-Carsten-Peter-Schulze-59-150x84.jpeg 150w, https:\/\/maedchenchor-hannover.de\/wp-content\/uploads\/211210_Adventskonzert-Marktkirche-c-Carsten-Peter-Schulze-59-768x432.jpeg 768w, https:\/\/maedchenchor-hannover.de\/wp-content\/uploads\/211210_Adventskonzert-Marktkirche-c-Carsten-Peter-Schulze-59-1536x864.jpeg 1536w, https:\/\/maedchenchor-hannover.de\/wp-content\/uploads\/211210_Adventskonzert-Marktkirche-c-Carsten-Peter-Schulze-59-830x467.jpeg 830w, https:\/\/maedchenchor-hannover.de\/wp-content\/uploads\/211210_Adventskonzert-Marktkirche-c-Carsten-Peter-Schulze-59-230x129.jpeg 230w, https:\/\/maedchenchor-hannover.de\/wp-content\/uploads\/211210_Adventskonzert-Marktkirche-c-Carsten-Peter-Schulze-59-350x197.jpeg 350w, https:\/\/maedchenchor-hannover.de\/wp-content\/uploads\/211210_Adventskonzert-Marktkirche-c-Carsten-Peter-Schulze-59-480x270.jpeg 480w, https:\/\/maedchenchor-hannover.de\/wp-content\/uploads\/211210_Adventskonzert-Marktkirche-c-Carsten-Peter-Schulze-59.jpeg 2000w\" sizes=\"(max-width: 1024px) 100vw, 1024px\" \/><\/a>\n<a href=\"https:\/\/maedchenchor-hannover.de\/wp-content\/uploads\/211210_Adventskonzert-Marktkirche-c-Carsten-Peter-Schulze-56.jpeg\" target=\"_blank\" rel=\"noopener\"><img loading=\"lazy\" decoding=\"async\" class=\"aligncenter wp-image-27065 size-large\" src=\"https:\/\/maedchenchor-hannover.de\/wp-content\/uploads\/211210_Adventskonzert-Marktkirche-c-Carsten-Peter-Schulze-56-1024x576.jpeg\" alt=\"\" width=\"1024\" height=\"576\" srcset=\"https:\/\/maedchenchor-hannover.de\/wp-content\/uploads\/211210_Adventskonzert-Marktkirche-c-Carsten-Peter-Schulze-56-1024x576.jpeg 1024w, https:\/\/maedchenchor-hannover.de\/wp-content\/uploads\/211210_Adventskonzert-Marktkirche-c-Carsten-Peter-Schulze-56-300x169.jpeg 300w, https:\/\/maedchenchor-hannover.de\/wp-content\/uploads\/211210_Adventskonzert-Marktkirche-c-Carsten-Peter-Schulze-56-150x84.jpeg 150w, https:\/\/maedchenchor-hannover.de\/wp-content\/uploads\/211210_Adventskonzert-Marktkirche-c-Carsten-Peter-Schulze-56-768x432.jpeg 768w, https:\/\/maedchenchor-hannover.de\/wp-content\/uploads\/211210_Adventskonzert-Marktkirche-c-Carsten-Peter-Schulze-56-1536x864.jpeg 1536w, https:\/\/maedchenchor-hannover.de\/wp-content\/uploads\/211210_Adventskonzert-Marktkirche-c-Carsten-Peter-Schulze-56-830x467.jpeg 830w, https:\/\/maedchenchor-hannover.de\/wp-content\/uploads\/211210_Adventskonzert-Marktkirche-c-Carsten-Peter-Schulze-56-230x129.jpeg 230w, https:\/\/maedchenchor-hannover.de\/wp-content\/uploads\/211210_Adventskonzert-Marktkirche-c-Carsten-Peter-Schulze-56-350x197.jpeg 350w, https:\/\/maedchenchor-hannover.de\/wp-content\/uploads\/211210_Adventskonzert-Marktkirche-c-Carsten-Peter-Schulze-56-480x270.jpeg 480w, https:\/\/maedchenchor-hannover.de\/wp-content\/uploads\/211210_Adventskonzert-Marktkirche-c-Carsten-Peter-Schulze-56.jpeg 2000w\" sizes=\"(max-width: 1024px) 100vw, 1024px\" \/><\/a>\n<a href=\"https:\/\/maedchenchor-hannover.de\/wp-content\/uploads\/211210_Adventskonzert-Marktkirche-c-Carsten-Peter-Schulze-55.jpeg\" target=\"_blank\" rel=\"noopener\"><img loading=\"lazy\" decoding=\"async\" class=\"aligncenter wp-image-27064 size-large\" src=\"https:\/\/maedchenchor-hannover.de\/wp-content\/uploads\/211210_Adventskonzert-Marktkirche-c-Carsten-Peter-Schulze-55-1024x576.jpeg\" alt=\"\" width=\"1024\" height=\"576\" srcset=\"https:\/\/maedchenchor-hannover.de\/wp-content\/uploads\/211210_Adventskonzert-Marktkirche-c-Carsten-Peter-Schulze-55-1024x576.jpeg 1024w, https:\/\/maedchenchor-hannover.de\/wp-content\/uploads\/211210_Adventskonzert-Marktkirche-c-Carsten-Peter-Schulze-55-300x169.jpeg 300w, https:\/\/maedchenchor-hannover.de\/wp-content\/uploads\/211210_Adventskonzert-Marktkirche-c-Carsten-Peter-Schulze-55-150x84.jpeg 150w, https:\/\/maedchenchor-hannover.de\/wp-content\/uploads\/211210_Adventskonzert-Marktkirche-c-Carsten-Peter-Schulze-55-768x432.jpeg 768w, https:\/\/maedchenchor-hannover.de\/wp-content\/uploads\/211210_Adventskonzert-Marktkirche-c-Carsten-Peter-Schulze-55-1536x864.jpeg 1536w, https:\/\/maedchenchor-hannover.de\/wp-content\/uploads\/211210_Adventskonzert-Marktkirche-c-Carsten-Peter-Schulze-55-830x467.jpeg 830w, https:\/\/maedchenchor-hannover.de\/wp-content\/uploads\/211210_Adventskonzert-Marktkirche-c-Carsten-Peter-Schulze-55-230x129.jpeg 230w, https:\/\/maedchenchor-hannover.de\/wp-content\/uploads\/211210_Adventskonzert-Marktkirche-c-Carsten-Peter-Schulze-55-350x197.jpeg 350w, https:\/\/maedchenchor-hannover.de\/wp-content\/uploads\/211210_Adventskonzert-Marktkirche-c-Carsten-Peter-Schulze-55-480x270.jpeg 480w, https:\/\/maedchenchor-hannover.de\/wp-content\/uploads\/211210_Adventskonzert-Marktkirche-c-Carsten-Peter-Schulze-55.jpeg 2000w\" sizes=\"(max-width: 1024px) 100vw, 1024px\" \/><\/a>\n<a href=\"https:\/\/maedchenchor-hannover.de\/wp-content\/uploads\/211210_Adventskonzert-Marktkirche-c-Carsten-Peter-Schulze-53.jpeg\" target=\"_blank\" rel=\"noopener\"><img loading=\"lazy\" decoding=\"async\" class=\"aligncenter wp-image-27063 size-large\" src=\"https:\/\/maedchenchor-hannover.de\/wp-content\/uploads\/211210_Adventskonzert-Marktkirche-c-Carsten-Peter-Schulze-53-1024x576.jpeg\" alt=\"\" width=\"1024\" height=\"576\" srcset=\"https:\/\/maedchenchor-hannover.de\/wp-content\/uploads\/211210_Adventskonzert-Marktkirche-c-Carsten-Peter-Schulze-53-1024x576.jpeg 1024w, https:\/\/maedchenchor-hannover.de\/wp-content\/uploads\/211210_Adventskonzert-Marktkirche-c-Carsten-Peter-Schulze-53-300x169.jpeg 300w, https:\/\/maedchenchor-hannover.de\/wp-content\/uploads\/211210_Adventskonzert-Marktkirche-c-Carsten-Peter-Schulze-53-150x84.jpeg 150w, https:\/\/maedchenchor-hannover.de\/wp-content\/uploads\/211210_Adventskonzert-Marktkirche-c-Carsten-Peter-Schulze-53-768x432.jpeg 768w, https:\/\/maedchenchor-hannover.de\/wp-content\/uploads\/211210_Adventskonzert-Marktkirche-c-Carsten-Peter-Schulze-53-1536x864.jpeg 1536w, https:\/\/maedchenchor-hannover.de\/wp-content\/uploads\/211210_Adventskonzert-Marktkirche-c-Carsten-Peter-Schulze-53-830x467.jpeg 830w, https:\/\/maedchenchor-hannover.de\/wp-content\/uploads\/211210_Adventskonzert-Marktkirche-c-Carsten-Peter-Schulze-53-230x129.jpeg 230w, https:\/\/maedchenchor-hannover.de\/wp-content\/uploads\/211210_Adventskonzert-Marktkirche-c-Carsten-Peter-Schulze-53-350x197.jpeg 350w, https:\/\/maedchenchor-hannover.de\/wp-content\/uploads\/211210_Adventskonzert-Marktkirche-c-Carsten-Peter-Schulze-53-480x270.jpeg 480w, https:\/\/maedchenchor-hannover.de\/wp-content\/uploads\/211210_Adventskonzert-Marktkirche-c-Carsten-Peter-Schulze-53.jpeg 2000w\" sizes=\"(max-width: 1024px) 100vw, 1024px\" \/><\/a>\n<a href=\"https:\/\/maedchenchor-hannover.de\/wp-content\/uploads\/211210_Adventskonzert-Marktkirche-c-Carsten-Peter-Schulze-52.jpeg\" target=\"_blank\" rel=\"noopener\"><img loading=\"lazy\" decoding=\"async\" class=\"aligncenter wp-image-27062 size-large\" src=\"https:\/\/maedchenchor-hannover.de\/wp-content\/uploads\/211210_Adventskonzert-Marktkirche-c-Carsten-Peter-Schulze-52-1024x692.jpeg\" alt=\"\" width=\"1024\" height=\"692\" srcset=\"https:\/\/maedchenchor-hannover.de\/wp-content\/uploads\/211210_Adventskonzert-Marktkirche-c-Carsten-Peter-Schulze-52-1024x692.jpeg 1024w, https:\/\/maedchenchor-hannover.de\/wp-content\/uploads\/211210_Adventskonzert-Marktkirche-c-Carsten-Peter-Schulze-52-300x203.jpeg 300w, https:\/\/maedchenchor-hannover.de\/wp-content\/uploads\/211210_Adventskonzert-Marktkirche-c-Carsten-Peter-Schulze-52-150x101.jpeg 150w, https:\/\/maedchenchor-hannover.de\/wp-content\/uploads\/211210_Adventskonzert-Marktkirche-c-Carsten-Peter-Schulze-52-768x519.jpeg 768w, https:\/\/maedchenchor-hannover.de\/wp-content\/uploads\/211210_Adventskonzert-Marktkirche-c-Carsten-Peter-Schulze-52-1536x1038.jpeg 1536w, https:\/\/maedchenchor-hannover.de\/wp-content\/uploads\/211210_Adventskonzert-Marktkirche-c-Carsten-Peter-Schulze-52-830x561.jpeg 830w, https:\/\/maedchenchor-hannover.de\/wp-content\/uploads\/211210_Adventskonzert-Marktkirche-c-Carsten-Peter-Schulze-52-230x155.jpeg 230w, https:\/\/maedchenchor-hannover.de\/wp-content\/uploads\/211210_Adventskonzert-Marktkirche-c-Carsten-Peter-Schulze-52-350x237.jpeg 350w, https:\/\/maedchenchor-hannover.de\/wp-content\/uploads\/211210_Adventskonzert-Marktkirche-c-Carsten-Peter-Schulze-52-480x324.jpeg 480w, https:\/\/maedchenchor-hannover.de\/wp-content\/uploads\/211210_Adventskonzert-Marktkirche-c-Carsten-Peter-Schulze-52.jpeg 2000w\" sizes=\"(max-width: 1024px) 100vw, 1024px\" \/><\/a>\n<a href=\"https:\/\/maedchenchor-hannover.de\/wp-content\/uploads\/211210_Adventskonzert-Marktkirche-c-Carsten-Peter-Schulze-50.jpeg\" target=\"_blank\" rel=\"noopener\"><img loading=\"lazy\" decoding=\"async\" class=\"aligncenter wp-image-27061 size-full\" src=\"https:\/\/maedchenchor-hannover.de\/wp-content\/uploads\/211210_Adventskonzert-Marktkirche-c-Carsten-Peter-Schulze-50.jpeg\" alt=\"\" width=\"2000\" height=\"1351\" srcset=\"https:\/\/maedchenchor-hannover.de\/wp-content\/uploads\/211210_Adventskonzert-Marktkirche-c-Carsten-Peter-Schulze-50.jpeg 2000w, https:\/\/maedchenchor-hannover.de\/wp-content\/uploads\/211210_Adventskonzert-Marktkirche-c-Carsten-Peter-Schulze-50-300x203.jpeg 300w, https:\/\/maedchenchor-hannover.de\/wp-content\/uploads\/211210_Adventskonzert-Marktkirche-c-Carsten-Peter-Schulze-50-1024x692.jpeg 1024w, https:\/\/maedchenchor-hannover.de\/wp-content\/uploads\/211210_Adventskonzert-Marktkirche-c-Carsten-Peter-Schulze-50-150x101.jpeg 150w, https:\/\/maedchenchor-hannover.de\/wp-content\/uploads\/211210_Adventskonzert-Marktkirche-c-Carsten-Peter-Schulze-50-768x519.jpeg 768w, https:\/\/maedchenchor-hannover.de\/wp-content\/uploads\/211210_Adventskonzert-Marktkirche-c-Carsten-Peter-Schulze-50-1536x1038.jpeg 1536w, https:\/\/maedchenchor-hannover.de\/wp-content\/uploads\/211210_Adventskonzert-Marktkirche-c-Carsten-Peter-Schulze-50-830x561.jpeg 830w, https:\/\/maedchenchor-hannover.de\/wp-content\/uploads\/211210_Adventskonzert-Marktkirche-c-Carsten-Peter-Schulze-50-230x155.jpeg 230w, https:\/\/maedchenchor-hannover.de\/wp-content\/uploads\/211210_Adventskonzert-Marktkirche-c-Carsten-Peter-Schulze-50-350x236.jpeg 350w, https:\/\/maedchenchor-hannover.de\/wp-content\/uploads\/211210_Adventskonzert-Marktkirche-c-Carsten-Peter-Schulze-50-480x324.jpeg 480w\" sizes=\"(max-width: 2000px) 100vw, 2000px\" \/><\/a>\n<a href=\"https:\/\/maedchenchor-hannover.de\/wp-content\/uploads\/211210_Adventskonzert-Marktkirche-c-Carsten-Peter-Schulze-45.jpeg\" target=\"_blank\" rel=\"noopener\"><img loading=\"lazy\" decoding=\"async\" class=\"aligncenter wp-image-27060 size-large\" src=\"https:\/\/maedchenchor-hannover.de\/wp-content\/uploads\/211210_Adventskonzert-Marktkirche-c-Carsten-Peter-Schulze-45-1024x692.jpeg\" alt=\"\" width=\"1024\" height=\"692\" srcset=\"https:\/\/maedchenchor-hannover.de\/wp-content\/uploads\/211210_Adventskonzert-Marktkirche-c-Carsten-Peter-Schulze-45-1024x692.jpeg 1024w, https:\/\/maedchenchor-hannover.de\/wp-content\/uploads\/211210_Adventskonzert-Marktkirche-c-Carsten-Peter-Schulze-45-300x203.jpeg 300w, https:\/\/maedchenchor-hannover.de\/wp-content\/uploads\/211210_Adventskonzert-Marktkirche-c-Carsten-Peter-Schulze-45-150x101.jpeg 150w, https:\/\/maedchenchor-hannover.de\/wp-content\/uploads\/211210_Adventskonzert-Marktkirche-c-Carsten-Peter-Schulze-45-768x519.jpeg 768w, https:\/\/maedchenchor-hannover.de\/wp-content\/uploads\/211210_Adventskonzert-Marktkirche-c-Carsten-Peter-Schulze-45-1536x1038.jpeg 1536w, https:\/\/maedchenchor-hannover.de\/wp-content\/uploads\/211210_Adventskonzert-Marktkirche-c-Carsten-Peter-Schulze-45-830x561.jpeg 830w, https:\/\/maedchenchor-hannover.de\/wp-content\/uploads\/211210_Adventskonzert-Marktkirche-c-Carsten-Peter-Schulze-45-230x155.jpeg 230w, https:\/\/maedchenchor-hannover.de\/wp-content\/uploads\/211210_Adventskonzert-Marktkirche-c-Carsten-Peter-Schulze-45-350x236.jpeg 350w, https:\/\/maedchenchor-hannover.de\/wp-content\/uploads\/211210_Adventskonzert-Marktkirche-c-Carsten-Peter-Schulze-45-480x324.jpeg 480w, https:\/\/maedchenchor-hannover.de\/wp-content\/uploads\/211210_Adventskonzert-Marktkirche-c-Carsten-Peter-Schulze-45.jpeg 2000w\" sizes=\"(max-width: 1024px) 100vw, 1024px\" \/><\/a>\n<a href=\"https:\/\/maedchenchor-hannover.de\/wp-content\/uploads\/211210_Adventskonzert-Marktkirche-c-Carsten-Peter-Schulze-47.jpeg\" target=\"_blank\" rel=\"noopener\"><img loading=\"lazy\" decoding=\"async\" class=\"aligncenter wp-image-27069 size-large\" src=\"https:\/\/maedchenchor-hannover.de\/wp-content\/uploads\/211210_Adventskonzert-Marktkirche-c-Carsten-Peter-Schulze-47-1024x692.jpeg\" alt=\"\" width=\"1024\" height=\"692\" srcset=\"https:\/\/maedchenchor-hannover.de\/wp-content\/uploads\/211210_Adventskonzert-Marktkirche-c-Carsten-Peter-Schulze-47-1024x692.jpeg 1024w, https:\/\/maedchenchor-hannover.de\/wp-content\/uploads\/211210_Adventskonzert-Marktkirche-c-Carsten-Peter-Schulze-47-300x203.jpeg 300w, https:\/\/maedchenchor-hannover.de\/wp-content\/uploads\/211210_Adventskonzert-Marktkirche-c-Carsten-Peter-Schulze-47-150x101.jpeg 150w, https:\/\/maedchenchor-hannover.de\/wp-content\/uploads\/211210_Adventskonzert-Marktkirche-c-Carsten-Peter-Schulze-47-768x519.jpeg 768w, https:\/\/maedchenchor-hannover.de\/wp-content\/uploads\/211210_Adventskonzert-Marktkirche-c-Carsten-Peter-Schulze-47-1536x1038.jpeg 1536w, https:\/\/maedchenchor-hannover.de\/wp-content\/uploads\/211210_Adventskonzert-Marktkirche-c-Carsten-Peter-Schulze-47-830x561.jpeg 830w, https:\/\/maedchenchor-hannover.de\/wp-content\/uploads\/211210_Adventskonzert-Marktkirche-c-Carsten-Peter-Schulze-47-230x155.jpeg 230w, https:\/\/maedchenchor-hannover.de\/wp-content\/uploads\/211210_Adventskonzert-Marktkirche-c-Carsten-Peter-Schulze-47-350x236.jpeg 350w, https:\/\/maedchenchor-hannover.de\/wp-content\/uploads\/211210_Adventskonzert-Marktkirche-c-Carsten-Peter-Schulze-47-480x324.jpeg 480w, https:\/\/maedchenchor-hannover.de\/wp-content\/uploads\/211210_Adventskonzert-Marktkirche-c-Carsten-Peter-Schulze-47.jpeg 2000w\" sizes=\"(max-width: 1024px) 100vw, 1024px\" \/><\/a>\n<a href=\"https:\/\/maedchenchor-hannover.de\/wp-content\/uploads\/211210_Adventskonzert-Marktkirche-c-Carsten-Peter-Schulze-42.jpeg\" target=\"_blank\" rel=\"noopener\"><img loading=\"lazy\" decoding=\"async\" class=\"aligncenter wp-image-27059 size-large\" src=\"https:\/\/maedchenchor-hannover.de\/wp-content\/uploads\/211210_Adventskonzert-Marktkirche-c-Carsten-Peter-Schulze-42-1024x692.jpeg\" alt=\"\" width=\"1024\" height=\"692\" srcset=\"https:\/\/maedchenchor-hannover.de\/wp-content\/uploads\/211210_Adventskonzert-Marktkirche-c-Carsten-Peter-Schulze-42-1024x692.jpeg 1024w, https:\/\/maedchenchor-hannover.de\/wp-content\/uploads\/211210_Adventskonzert-Marktkirche-c-Carsten-Peter-Schulze-42-300x203.jpeg 300w, https:\/\/maedchenchor-hannover.de\/wp-content\/uploads\/211210_Adventskonzert-Marktkirche-c-Carsten-Peter-Schulze-42-150x101.jpeg 150w, https:\/\/maedchenchor-hannover.de\/wp-content\/uploads\/211210_Adventskonzert-Marktkirche-c-Carsten-Peter-Schulze-42-768x519.jpeg 768w, https:\/\/maedchenchor-hannover.de\/wp-content\/uploads\/211210_Adventskonzert-Marktkirche-c-Carsten-Peter-Schulze-42-1536x1038.jpeg 1536w, https:\/\/maedchenchor-hannover.de\/wp-content\/uploads\/211210_Adventskonzert-Marktkirche-c-Carsten-Peter-Schulze-42-830x561.jpeg 830w, https:\/\/maedchenchor-hannover.de\/wp-content\/uploads\/211210_Adventskonzert-Marktkirche-c-Carsten-Peter-Schulze-42-230x155.jpeg 230w, https:\/\/maedchenchor-hannover.de\/wp-content\/uploads\/211210_Adventskonzert-Marktkirche-c-Carsten-Peter-Schulze-42-350x236.jpeg 350w, https:\/\/maedchenchor-hannover.de\/wp-content\/uploads\/211210_Adventskonzert-Marktkirche-c-Carsten-Peter-Schulze-42-480x324.jpeg 480w, https:\/\/maedchenchor-hannover.de\/wp-content\/uploads\/211210_Adventskonzert-Marktkirche-c-Carsten-Peter-Schulze-42.jpeg 2000w\" sizes=\"(max-width: 1024px) 100vw, 1024px\" \/><\/a>\n<a href=\"https:\/\/maedchenchor-hannover.de\/wp-content\/uploads\/211210_Adventskonzert-Marktkirche-c-Carsten-Peter-Schulze-40.jpeg\" target=\"_blank\" rel=\"noopener\"><img loading=\"lazy\" decoding=\"async\" class=\"aligncenter wp-image-27058 size-large\" src=\"https:\/\/maedchenchor-hannover.de\/wp-content\/uploads\/211210_Adventskonzert-Marktkirche-c-Carsten-Peter-Schulze-40-1024x692.jpeg\" alt=\"\" width=\"1024\" height=\"692\" srcset=\"https:\/\/maedchenchor-hannover.de\/wp-content\/uploads\/211210_Adventskonzert-Marktkirche-c-Carsten-Peter-Schulze-40-1024x692.jpeg 1024w, https:\/\/maedchenchor-hannover.de\/wp-content\/uploads\/211210_Adventskonzert-Marktkirche-c-Carsten-Peter-Schulze-40-300x203.jpeg 300w, https:\/\/maedchenchor-hannover.de\/wp-content\/uploads\/211210_Adventskonzert-Marktkirche-c-Carsten-Peter-Schulze-40-150x101.jpeg 150w, https:\/\/maedchenchor-hannover.de\/wp-content\/uploads\/211210_Adventskonzert-Marktkirche-c-Carsten-Peter-Schulze-40-768x519.jpeg 768w, https:\/\/maedchenchor-hannover.de\/wp-content\/uploads\/211210_Adventskonzert-Marktkirche-c-Carsten-Peter-Schulze-40-1536x1038.jpeg 1536w, https:\/\/maedchenchor-hannover.de\/wp-content\/uploads\/211210_Adventskonzert-Marktkirche-c-Carsten-Peter-Schulze-40-830x561.jpeg 830w, https:\/\/maedchenchor-hannover.de\/wp-content\/uploads\/211210_Adventskonzert-Marktkirche-c-Carsten-Peter-Schulze-40-230x155.jpeg 230w, https:\/\/maedchenchor-hannover.de\/wp-content\/uploads\/211210_Adventskonzert-Marktkirche-c-Carsten-Peter-Schulze-40-350x236.jpeg 350w, https:\/\/maedchenchor-hannover.de\/wp-content\/uploads\/211210_Adventskonzert-Marktkirche-c-Carsten-Peter-Schulze-40-480x324.jpeg 480w, https:\/\/maedchenchor-hannover.de\/wp-content\/uploads\/211210_Adventskonzert-Marktkirche-c-Carsten-Peter-Schulze-40.jpeg 2000w\" sizes=\"(max-width: 1024px) 100vw, 1024px\" \/><\/a>\n<a href=\"https:\/\/maedchenchor-hannover.de\/wp-content\/uploads\/211210_Adventskonzert-Marktkirche-c-Carsten-Peter-Schulze-24.jpeg\" target=\"_blank\" rel=\"noopener\"><img loading=\"lazy\" decoding=\"async\" class=\"aligncenter wp-image-27057 size-large\" src=\"https:\/\/maedchenchor-hannover.de\/wp-content\/uploads\/211210_Adventskonzert-Marktkirche-c-Carsten-Peter-Schulze-24-1024x692.jpeg\" alt=\"\" width=\"1024\" height=\"692\" srcset=\"https:\/\/maedchenchor-hannover.de\/wp-content\/uploads\/211210_Adventskonzert-Marktkirche-c-Carsten-Peter-Schulze-24-1024x692.jpeg 1024w, https:\/\/maedchenchor-hannover.de\/wp-content\/uploads\/211210_Adventskonzert-Marktkirche-c-Carsten-Peter-Schulze-24-300x203.jpeg 300w, https:\/\/maedchenchor-hannover.de\/wp-content\/uploads\/211210_Adventskonzert-Marktkirche-c-Carsten-Peter-Schulze-24-150x101.jpeg 150w, https:\/\/maedchenchor-hannover.de\/wp-content\/uploads\/211210_Adventskonzert-Marktkirche-c-Carsten-Peter-Schulze-24-768x519.jpeg 768w, https:\/\/maedchenchor-hannover.de\/wp-content\/uploads\/211210_Adventskonzert-Marktkirche-c-Carsten-Peter-Schulze-24-1536x1038.jpeg 1536w, https:\/\/maedchenchor-hannover.de\/wp-content\/uploads\/211210_Adventskonzert-Marktkirche-c-Carsten-Peter-Schulze-24-830x561.jpeg 830w, https:\/\/maedchenchor-hannover.de\/wp-content\/uploads\/211210_Adventskonzert-Marktkirche-c-Carsten-Peter-Schulze-24-230x155.jpeg 230w, https:\/\/maedchenchor-hannover.de\/wp-content\/uploads\/211210_Adventskonzert-Marktkirche-c-Carsten-Peter-Schulze-24-350x236.jpeg 350w, https:\/\/maedchenchor-hannover.de\/wp-content\/uploads\/211210_Adventskonzert-Marktkirche-c-Carsten-Peter-Schulze-24-480x324.jpeg 480w, https:\/\/maedchenchor-hannover.de\/wp-content\/uploads\/211210_Adventskonzert-Marktkirche-c-Carsten-Peter-Schulze-24.jpeg 2000w\" sizes=\"(max-width: 1024px) 100vw, 1024px\" \/><\/a>\n<a href=\"https:\/\/maedchenchor-hannover.de\/wp-content\/uploads\/211210_Adventskonzert-Marktkirche-c-Carsten-Peter-Schulze-5.jpeg\" target=\"_blank\" rel=\"noopener\"><img loading=\"lazy\" decoding=\"async\" class=\"aligncenter wp-image-27056 size-large\" src=\"https:\/\/maedchenchor-hannover.de\/wp-content\/uploads\/211210_Adventskonzert-Marktkirche-c-Carsten-Peter-Schulze-5-1024x1024.jpeg\" alt=\"\" width=\"1024\" height=\"1024\" srcset=\"https:\/\/maedchenchor-hannover.de\/wp-content\/uploads\/211210_Adventskonzert-Marktkirche-c-Carsten-Peter-Schulze-5-1024x1024.jpeg 1024w, https:\/\/maedchenchor-hannover.de\/wp-content\/uploads\/211210_Adventskonzert-Marktkirche-c-Carsten-Peter-Schulze-5-300x300.jpeg 300w, https:\/\/maedchenchor-hannover.de\/wp-content\/uploads\/211210_Adventskonzert-Marktkirche-c-Carsten-Peter-Schulze-5-150x150.jpeg 150w, https:\/\/maedchenchor-hannover.de\/wp-content\/uploads\/211210_Adventskonzert-Marktkirche-c-Carsten-Peter-Schulze-5-768x768.jpeg 768w, https:\/\/maedchenchor-hannover.de\/wp-content\/uploads\/211210_Adventskonzert-Marktkirche-c-Carsten-Peter-Schulze-5-1536x1536.jpeg 1536w, https:\/\/maedchenchor-hannover.de\/wp-content\/uploads\/211210_Adventskonzert-Marktkirche-c-Carsten-Peter-Schulze-5-830x830.jpeg 830w, https:\/\/maedchenchor-hannover.de\/wp-content\/uploads\/211210_Adventskonzert-Marktkirche-c-Carsten-Peter-Schulze-5-230x230.jpeg 230w, https:\/\/maedchenchor-hannover.de\/wp-content\/uploads\/211210_Adventskonzert-Marktkirche-c-Carsten-Peter-Schulze-5-350x350.jpeg 350w, https:\/\/maedchenchor-hannover.de\/wp-content\/uploads\/211210_Adventskonzert-Marktkirche-c-Carsten-Peter-Schulze-5-480x480.jpeg 480w, https:\/\/maedchenchor-hannover.de\/wp-content\/uploads\/211210_Adventskonzert-Marktkirche-c-Carsten-Peter-Schulze-5.jpeg 1773w\" sizes=\"(max-width: 1024px) 100vw, 1024px\" \/><\/a>\n<a href=\"https:\/\/maedchenchor-hannover.de\/wp-content\/uploads\/211210_Adventskonzert-Marktkirche-c-Carsten-Peter-Schulze-37.jpeg\" target=\"_blank\" rel=\"noopener\"><img loading=\"lazy\" decoding=\"async\" class=\"aligncenter wp-image-27055 size-large\" src=\"https:\/\/maedchenchor-hannover.de\/wp-content\/uploads\/211210_Adventskonzert-Marktkirche-c-Carsten-Peter-Schulze-37-1024x576.jpeg\" alt=\"\" width=\"1024\" height=\"576\" srcset=\"https:\/\/maedchenchor-hannover.de\/wp-content\/uploads\/211210_Adventskonzert-Marktkirche-c-Carsten-Peter-Schulze-37-1024x576.jpeg 1024w, https:\/\/maedchenchor-hannover.de\/wp-content\/uploads\/211210_Adventskonzert-Marktkirche-c-Carsten-Peter-Schulze-37-300x169.jpeg 300w, https:\/\/maedchenchor-hannover.de\/wp-content\/uploads\/211210_Adventskonzert-Marktkirche-c-Carsten-Peter-Schulze-37-150x84.jpeg 150w, https:\/\/maedchenchor-hannover.de\/wp-content\/uploads\/211210_Adventskonzert-Marktkirche-c-Carsten-Peter-Schulze-37-768x432.jpeg 768w, https:\/\/maedchenchor-hannover.de\/wp-content\/uploads\/211210_Adventskonzert-Marktkirche-c-Carsten-Peter-Schulze-37-1536x864.jpeg 1536w, https:\/\/maedchenchor-hannover.de\/wp-content\/uploads\/211210_Adventskonzert-Marktkirche-c-Carsten-Peter-Schulze-37-830x467.jpeg 830w, https:\/\/maedchenchor-hannover.de\/wp-content\/uploads\/211210_Adventskonzert-Marktkirche-c-Carsten-Peter-Schulze-37-230x129.jpeg 230w, https:\/\/maedchenchor-hannover.de\/wp-content\/uploads\/211210_Adventskonzert-Marktkirche-c-Carsten-Peter-Schulze-37-350x197.jpeg 350w, https:\/\/maedchenchor-hannover.de\/wp-content\/uploads\/211210_Adventskonzert-Marktkirche-c-Carsten-Peter-Schulze-37-480x270.jpeg 480w, https:\/\/maedchenchor-hannover.de\/wp-content\/uploads\/211210_Adventskonzert-Marktkirche-c-Carsten-Peter-Schulze-37.jpeg 2000w\" sizes=\"(max-width: 1024px) 100vw, 1024px\" \/><\/a>\n<a href=\"https:\/\/maedchenchor-hannover.de\/wp-content\/uploads\/211210_Adventskonzert-Marktkirche-c-Carsten-Peter-Schulze-34.jpeg\" target=\"_blank\" rel=\"noopener\"><img loading=\"lazy\" decoding=\"async\" class=\"aligncenter wp-image-27054 size-large\" src=\"https:\/\/maedchenchor-hannover.de\/wp-content\/uploads\/211210_Adventskonzert-Marktkirche-c-Carsten-Peter-Schulze-34-1024x576.jpeg\" alt=\"\" width=\"1024\" height=\"576\" srcset=\"https:\/\/maedchenchor-hannover.de\/wp-content\/uploads\/211210_Adventskonzert-Marktkirche-c-Carsten-Peter-Schulze-34-1024x576.jpeg 1024w, https:\/\/maedchenchor-hannover.de\/wp-content\/uploads\/211210_Adventskonzert-Marktkirche-c-Carsten-Peter-Schulze-34-300x169.jpeg 300w, https:\/\/maedchenchor-hannover.de\/wp-content\/uploads\/211210_Adventskonzert-Marktkirche-c-Carsten-Peter-Schulze-34-150x84.jpeg 150w, https:\/\/maedchenchor-hannover.de\/wp-content\/uploads\/211210_Adventskonzert-Marktkirche-c-Carsten-Peter-Schulze-34-768x432.jpeg 768w, https:\/\/maedchenchor-hannover.de\/wp-content\/uploads\/211210_Adventskonzert-Marktkirche-c-Carsten-Peter-Schulze-34-1536x864.jpeg 1536w, https:\/\/maedchenchor-hannover.de\/wp-content\/uploads\/211210_Adventskonzert-Marktkirche-c-Carsten-Peter-Schulze-34-830x467.jpeg 830w, https:\/\/maedchenchor-hannover.de\/wp-content\/uploads\/211210_Adventskonzert-Marktkirche-c-Carsten-Peter-Schulze-34-230x129.jpeg 230w, https:\/\/maedchenchor-hannover.de\/wp-content\/uploads\/211210_Adventskonzert-Marktkirche-c-Carsten-Peter-Schulze-34-350x197.jpeg 350w, https:\/\/maedchenchor-hannover.de\/wp-content\/uploads\/211210_Adventskonzert-Marktkirche-c-Carsten-Peter-Schulze-34-480x270.jpeg 480w, https:\/\/maedchenchor-hannover.de\/wp-content\/uploads\/211210_Adventskonzert-Marktkirche-c-Carsten-Peter-Schulze-34.jpeg 2000w\" sizes=\"(max-width: 1024px) 100vw, 1024px\" \/><\/a>\n<a href=\"https:\/\/maedchenchor-hannover.de\/wp-content\/uploads\/211210_Adventskonzert-Marktkirche-c-Carsten-Peter-Schulze-33.jpeg\" target=\"_blank\" rel=\"noopener\"><img loading=\"lazy\" decoding=\"async\" class=\"aligncenter wp-image-27053 size-large\" src=\"https:\/\/maedchenchor-hannover.de\/wp-content\/uploads\/211210_Adventskonzert-Marktkirche-c-Carsten-Peter-Schulze-33-1024x692.jpeg\" alt=\"\" width=\"1024\" height=\"692\" srcset=\"https:\/\/maedchenchor-hannover.de\/wp-content\/uploads\/211210_Adventskonzert-Marktkirche-c-Carsten-Peter-Schulze-33-1024x692.jpeg 1024w, https:\/\/maedchenchor-hannover.de\/wp-content\/uploads\/211210_Adventskonzert-Marktkirche-c-Carsten-Peter-Schulze-33-300x203.jpeg 300w, https:\/\/maedchenchor-hannover.de\/wp-content\/uploads\/211210_Adventskonzert-Marktkirche-c-Carsten-Peter-Schulze-33-150x101.jpeg 150w, https:\/\/maedchenchor-hannover.de\/wp-content\/uploads\/211210_Adventskonzert-Marktkirche-c-Carsten-Peter-Schulze-33-768x519.jpeg 768w, https:\/\/maedchenchor-hannover.de\/wp-content\/uploads\/211210_Adventskonzert-Marktkirche-c-Carsten-Peter-Schulze-33-1536x1038.jpeg 1536w, https:\/\/maedchenchor-hannover.de\/wp-content\/uploads\/211210_Adventskonzert-Marktkirche-c-Carsten-Peter-Schulze-33-830x561.jpeg 830w, https:\/\/maedchenchor-hannover.de\/wp-content\/uploads\/211210_Adventskonzert-Marktkirche-c-Carsten-Peter-Schulze-33-230x155.jpeg 230w, https:\/\/maedchenchor-hannover.de\/wp-content\/uploads\/211210_Adventskonzert-Marktkirche-c-Carsten-Peter-Schulze-33-350x236.jpeg 350w, https:\/\/maedchenchor-hannover.de\/wp-content\/uploads\/211210_Adventskonzert-Marktkirche-c-Carsten-Peter-Schulze-33-480x324.jpeg 480w, https:\/\/maedchenchor-hannover.de\/wp-content\/uploads\/211210_Adventskonzert-Marktkirche-c-Carsten-Peter-Schulze-33.jpeg 2000w\" sizes=\"(max-width: 1024px) 100vw, 1024px\" \/><\/a>\n<a href=\"https:\/\/maedchenchor-hannover.de\/wp-content\/uploads\/211210_Adventskonzert-Marktkirche-c-Carsten-Peter-Schulze-38.jpeg\" target=\"_blank\" rel=\"noopener\"><img loading=\"lazy\" decoding=\"async\" class=\"aligncenter wp-image-27051 size-large\" src=\"https:\/\/maedchenchor-hannover.de\/wp-content\/uploads\/211210_Adventskonzert-Marktkirche-c-Carsten-Peter-Schulze-38-1024x576.jpeg\" alt=\"\" width=\"1024\" height=\"576\" srcset=\"https:\/\/maedchenchor-hannover.de\/wp-content\/uploads\/211210_Adventskonzert-Marktkirche-c-Carsten-Peter-Schulze-38-1024x576.jpeg 1024w, https:\/\/maedchenchor-hannover.de\/wp-content\/uploads\/211210_Adventskonzert-Marktkirche-c-Carsten-Peter-Schulze-38-300x169.jpeg 300w, https:\/\/maedchenchor-hannover.de\/wp-content\/uploads\/211210_Adventskonzert-Marktkirche-c-Carsten-Peter-Schulze-38-150x84.jpeg 150w, https:\/\/maedchenchor-hannover.de\/wp-content\/uploads\/211210_Adventskonzert-Marktkirche-c-Carsten-Peter-Schulze-38-768x432.jpeg 768w, https:\/\/maedchenchor-hannover.de\/wp-content\/uploads\/211210_Adventskonzert-Marktkirche-c-Carsten-Peter-Schulze-38-1536x864.jpeg 1536w, https:\/\/maedchenchor-hannover.de\/wp-content\/uploads\/211210_Adventskonzert-Marktkirche-c-Carsten-Peter-Schulze-38-830x467.jpeg 830w, https:\/\/maedchenchor-hannover.de\/wp-content\/uploads\/211210_Adventskonzert-Marktkirche-c-Carsten-Peter-Schulze-38-230x129.jpeg 230w, https:\/\/maedchenchor-hannover.de\/wp-content\/uploads\/211210_Adventskonzert-Marktkirche-c-Carsten-Peter-Schulze-38-350x197.jpeg 350w, https:\/\/maedchenchor-hannover.de\/wp-content\/uploads\/211210_Adventskonzert-Marktkirche-c-Carsten-Peter-Schulze-38-480x270.jpeg 480w, https:\/\/maedchenchor-hannover.de\/wp-content\/uploads\/211210_Adventskonzert-Marktkirche-c-Carsten-Peter-Schulze-38.jpeg 2000w\" sizes=\"(max-width: 1024px) 100vw, 1024px\" \/><\/a><\/div>\n\t\t\t\t<\/div>\n\t\t\t\t\t\t\t\t<\/div>\n\t\t\t\t\t\t<\/div>\n\t\t\t\t<\/div>\n\t\t\t\t\t<\/div>\n\t\t<\/div>\n\t\t\t\t\t<\/div>\n\t\t<\/section>\n\t\t\t\t<\/div>\n\t\t","protected":false},"excerpt":{"rendered":"<p>M\u00e4dchenchor Hannover, Marktkirche, 10.12.21 (Foto: Carsten Peter Schulze) Es war [&hellip;]<\/p>\n","protected":false},"author":1,"featured_media":0,"comment_status":"closed","ping_status":"closed","sticky":false,"template":"","format":"standard","meta":{"footnotes":""},"categories":[2],"tags":[],"class_list":["post-27052","post","type-post","status-publish","format-standard","hentry","category-news"],"_links":{"self":[{"href":"https:\/\/maedchenchor-hannover.de\/index.php?rest_route=\/wp\/v2\/posts\/27052","targetHints":{"allow":["GET"]}}],"collection":[{"href":"https:\/\/maedchenchor-hannover.de\/index.php?rest_route=\/wp\/v2\/posts"}],"about":[{"href":"https:\/\/maedchenchor-hannover.de\/index.php?rest_route=\/wp\/v2\/types\/post"}],"author":[{"embeddable":true,"href":"https:\/\/maedchenchor-hannover.de\/index.php?rest_route=\/wp\/v2\/users\/1"}],"replies":[{"embeddable":true,"href":"https:\/\/maedchenchor-hannover.de\/index.php?rest_route=%2Fwp%2Fv2%2Fcomments&post=27052"}],"version-history":[{"count":45,"href":"https:\/\/maedchenchor-hannover.de\/index.php?rest_route=\/wp\/v2\/posts\/27052\/revisions"}],"predecessor-version":[{"id":35632,"href":"https:\/\/maedchenchor-hannover.de\/index.php?rest_route=\/wp\/v2\/posts\/27052\/revisions\/35632"}],"wp:attachment":[{"href":"https:\/\/maedchenchor-hannover.de\/index.php?rest_route=%2Fwp%2Fv2%2Fmedia&parent=27052"}],"wp:term":[{"taxonomy":"category","embeddable":true,"href":"https:\/\/maedchenchor-hannover.de\/index.php?rest_route=%2Fwp%2Fv2%2Fcategories&post=27052"},{"taxonomy":"post_tag","embeddable":true,"href":"https:\/\/maedchenchor-hannover.de\/index.php?rest_route=%2Fwp%2Fv2%2Ftags&post=27052"}],"curies":[{"name":"wp","href":"https:\/\/api.w.org\/{rel}","templated":true}]}}