{"id":26855,"date":"2021-12-06T11:11:29","date_gmt":"2021-12-06T10:11:29","guid":{"rendered":"https:\/\/maedchenchor-hannover.de\/?p=26855"},"modified":"2021-12-06T11:17:28","modified_gmt":"2021-12-06T10:17:28","slug":"wagnerabendmusikhochschulehannover","status":"publish","type":"post","link":"https:\/\/maedchenchor-hannover.de\/?p=26855","title":{"rendered":"WagnerabendMusikhochschuleHannover"},"content":{"rendered":"\t\t<div data-elementor-type=\"wp-post\" data-elementor-id=\"26855\" class=\"elementor elementor-26855\">\n\t\t\t\t\t\t<section class=\"elementor-section elementor-top-section elementor-element elementor-element-4fd515f3 elementor-section-boxed elementor-section-height-default elementor-section-height-default\" data-id=\"4fd515f3\" data-element_type=\"section\" data-e-type=\"section\">\n\t\t\t\t\t\t<div class=\"elementor-container elementor-column-gap-default\">\n\t\t\t\t\t<div class=\"elementor-column elementor-col-100 elementor-top-column elementor-element elementor-element-d50df83\" data-id=\"d50df83\" data-element_type=\"column\" data-e-type=\"column\">\n\t\t\t<div class=\"elementor-widget-wrap elementor-element-populated\">\n\t\t\t\t\t\t<div class=\"elementor-element elementor-element-4d819757 elementor-widget elementor-widget-text-editor\" data-id=\"4d819757\" data-element_type=\"widget\" data-e-type=\"widget\" data-widget_type=\"text-editor.default\">\n\t\t\t\t<div class=\"elementor-widget-container\">\n\t\t\t\t\t\t\t\t\t<p style=\"text-align: left;\">Wagner mit brillantem Klang<br \/><span style=\"font-size: 70%; font-weight: 500; padding-top: 10px;\">M\u00e4dchenchor Ensemble begeistert in der Musikhochschule<\/span><br \/><span style=\"font-size: 40%; font-weight: 500;\">Ver\u00f6ffentlicht: 05.12.2021<\/span><\/p>\t\t\t\t\t\t\t\t<\/div>\n\t\t\t\t<\/div>\n\t\t\t\t\t<\/div>\n\t\t<\/div>\n\t\t\t\t\t<\/div>\n\t\t<\/section>\n\t\t\t\t<section class=\"elementor-section elementor-top-section elementor-element elementor-element-50bd4bc8 elementor-section-boxed elementor-section-height-default elementor-section-height-default\" data-id=\"50bd4bc8\" data-element_type=\"section\" data-e-type=\"section\" data-settings=\"{&quot;background_background&quot;:&quot;classic&quot;}\">\n\t\t\t\t\t\t<div class=\"elementor-container elementor-column-gap-default\">\n\t\t\t\t\t<div class=\"elementor-column elementor-col-100 elementor-top-column elementor-element elementor-element-48a2beb1\" data-id=\"48a2beb1\" data-element_type=\"column\" data-e-type=\"column\">\n\t\t\t<div class=\"elementor-widget-wrap elementor-element-populated\">\n\t\t\t\t\t\t<div class=\"elementor-element elementor-element-2d614ba8 elementor-widget elementor-widget-image\" data-id=\"2d614ba8\" data-element_type=\"widget\" data-e-type=\"widget\" data-widget_type=\"image.default\">\n\t\t\t\t<div class=\"elementor-widget-container\">\n\t\t\t\t\t\t\t\t\t\t\t\t<figure class=\"wp-caption\">\n\t\t\t\t\t\t\t\t\t\t\t<a href=\"https:\/\/maedchenchor-hannover.de\/wp-content\/uploads\/211126_Wagnerkonzert_c_MCH-3.jpg\" data-elementor-open-lightbox=\"yes\" data-elementor-lightbox-title=\"211126_Wagnerkonzert_c_MCH (3)\" data-e-action-hash=\"#elementor-action%3Aaction%3Dlightbox%26settings%3DeyJpZCI6MjY4NjAsInVybCI6Imh0dHBzOlwvXC9tYWVkY2hlbmNob3ItaGFubm92ZXIuZGVcL3dwLWNvbnRlbnRcL3VwbG9hZHNcLzIxMTEyNl9XYWduZXJrb256ZXJ0X2NfTUNILTMuanBnIn0%3D\">\n\t\t\t\t\t\t\t<img fetchpriority=\"high\" decoding=\"async\" width=\"1024\" height=\"768\" src=\"https:\/\/maedchenchor-hannover.de\/wp-content\/uploads\/211126_Wagnerkonzert_c_MCH-3.jpg\" class=\"attachment-large size-large wp-image-26860\" alt=\"\" srcset=\"https:\/\/maedchenchor-hannover.de\/wp-content\/uploads\/211126_Wagnerkonzert_c_MCH-3.jpg 1024w, https:\/\/maedchenchor-hannover.de\/wp-content\/uploads\/211126_Wagnerkonzert_c_MCH-3-300x225.jpg 300w, https:\/\/maedchenchor-hannover.de\/wp-content\/uploads\/211126_Wagnerkonzert_c_MCH-3-150x113.jpg 150w, https:\/\/maedchenchor-hannover.de\/wp-content\/uploads\/211126_Wagnerkonzert_c_MCH-3-768x576.jpg 768w, https:\/\/maedchenchor-hannover.de\/wp-content\/uploads\/211126_Wagnerkonzert_c_MCH-3-830x623.jpg 830w, https:\/\/maedchenchor-hannover.de\/wp-content\/uploads\/211126_Wagnerkonzert_c_MCH-3-230x173.jpg 230w, https:\/\/maedchenchor-hannover.de\/wp-content\/uploads\/211126_Wagnerkonzert_c_MCH-3-350x263.jpg 350w, https:\/\/maedchenchor-hannover.de\/wp-content\/uploads\/211126_Wagnerkonzert_c_MCH-3-480x360.jpg 480w\" sizes=\"(max-width: 1024px) 100vw, 1024px\" \/>\t\t\t\t\t\t\t\t<\/a>\n\t\t\t\t\t\t\t\t\t\t\t<figcaption class=\"widget-image-caption wp-caption-text\">M\u00e4dchenchor Hannover, Musikhochschule,  26.11.21 (Foto: MCH)<\/figcaption>\n\t\t\t\t\t\t\t\t\t\t<\/figure>\n\t\t\t\t\t\t\t\t\t<\/div>\n\t\t\t\t<\/div>\n\t\t\t\t\t<\/div>\n\t\t<\/div>\n\t\t\t\t\t<\/div>\n\t\t<\/section>\n\t\t\t\t<section class=\"elementor-section elementor-top-section elementor-element elementor-element-9cd4e0d elementor-section-full_width elementor-section-height-default elementor-section-height-default\" data-id=\"9cd4e0d\" data-element_type=\"section\" data-e-type=\"section\" data-settings=\"{&quot;background_background&quot;:&quot;classic&quot;}\">\n\t\t\t\t\t\t<div class=\"elementor-container elementor-column-gap-default\">\n\t\t\t\t\t<div class=\"elementor-column elementor-col-33 elementor-top-column elementor-element elementor-element-60150f7\" data-id=\"60150f7\" data-element_type=\"column\" data-e-type=\"column\">\n\t\t\t<div class=\"elementor-widget-wrap elementor-element-populated\">\n\t\t\t\t\t\t<div class=\"elementor-element elementor-element-20f6f03e elementor-widget elementor-widget-text-editor\" data-id=\"20f6f03e\" data-element_type=\"widget\" data-e-type=\"widget\" data-widget_type=\"text-editor.default\">\n\t\t\t\t<div class=\"elementor-widget-container\">\n\t\t\t\t\t\t\t\t\t<p style=\"text-align: left;\"><strong>Hannover<\/strong>. Am 26.November traten 22 S\u00e4ngerinnen des M\u00e4dchenchores im Rahmen des Konzerts \u201eRichard Wagners\u201c Frauengestalten im Richard Jakoby Saal der HMTMH auf. Gemeinsam mit Masterstudierenden wurden unter der Leitung von Prof.Paul Weigold die \u201eSpinnstube\u201c aus dem \u201eFliegenden Holl\u00e4nder\u201c und die \u201eBlumenm\u00e4dchenszene\u201c aus dem 2.Akt \u201eParsifal\u201c aufgef\u00fchrt.<br \/>Die M\u00e4dchen \u00fcberzeugten in den \u00e4u\u00dferst anspruchsvollen <\/p>\t\t\t\t\t\t\t\t<\/div>\n\t\t\t\t<\/div>\n\t\t\t\t\t<\/div>\n\t\t<\/div>\n\t\t\t\t<div class=\"elementor-column elementor-col-66 elementor-top-column elementor-element elementor-element-1afa9b7d\" data-id=\"1afa9b7d\" data-element_type=\"column\" data-e-type=\"column\">\n\t\t\t<div class=\"elementor-widget-wrap elementor-element-populated\">\n\t\t\t\t\t\t<div class=\"elementor-element elementor-element-758b8094 elementor-widget elementor-widget-text-editor\" data-id=\"758b8094\" data-element_type=\"widget\" data-e-type=\"widget\" data-widget_type=\"text-editor.default\">\n\t\t\t\t<div class=\"elementor-widget-container\">\n\t\t\t\t\t\t\t\t\t<p>Opernszenen mit gro\u00dfem Enthusiasmus und erstklassiger stimmlicher Pr\u00e4senz. Ehrenchorleiterin Prof. Gudrun Schr\u00f6fel hatte die Einstudierung \u00fcbernommen und die beiden Szenen mit gewohnter Pr\u00e4zision vorbereitet.<br \/>F\u00fcr die M\u00e4dchen war das Konzert eine willkommene Gelegenheit, einen \u00f6ffentlichen Auftritt zu absolvieren. <br \/>Das Publikum bedankte sich mit begeistertem Applaus f\u00fcr die gl\u00e4nzende Vorstellung des M\u00e4dchenchores und der beteiligten Studierenden.<\/p>\t\t\t\t\t\t\t\t<\/div>\n\t\t\t\t<\/div>\n\t\t\t\t\t<\/div>\n\t\t<\/div>\n\t\t\t\t\t<\/div>\n\t\t<\/section>\n\t\t\t\t<section class=\"elementor-section elementor-top-section elementor-element elementor-element-6a714353 elementor-section-boxed elementor-section-height-default elementor-section-height-default\" data-id=\"6a714353\" data-element_type=\"section\" data-e-type=\"section\">\n\t\t\t\t\t\t<div class=\"elementor-container elementor-column-gap-default\">\n\t\t\t\t\t<div class=\"elementor-column elementor-col-100 elementor-top-column elementor-element elementor-element-719ab130\" data-id=\"719ab130\" data-element_type=\"column\" data-e-type=\"column\">\n\t\t\t<div class=\"elementor-widget-wrap elementor-element-populated\">\n\t\t\t\t\t\t<div class=\"elementor-element elementor-element-aaaaddb elementor-widget elementor-widget-toggle\" data-id=\"aaaaddb\" data-element_type=\"widget\" data-e-type=\"widget\" data-widget_type=\"toggle.default\">\n\t\t\t\t<div class=\"elementor-widget-container\">\n\t\t\t\t\t\t\t<div class=\"elementor-toggle\">\n\t\t\t\t\t\t\t<div class=\"elementor-toggle-item\">\n\t\t\t\t\t<div id=\"elementor-tab-title-1781\" class=\"elementor-tab-title\" data-tab=\"1\" role=\"button\" aria-controls=\"elementor-tab-content-1781\" aria-expanded=\"false\">\n\t\t\t\t\t\t\t\t\t\t\t\t<span class=\"elementor-toggle-icon elementor-toggle-icon-left\" aria-hidden=\"true\">\n\t\t\t\t\t\t\t\t\t\t\t\t\t\t\t<span class=\"elementor-toggle-icon-closed\"><i class=\"fas fa-caret-right\"><\/i><\/span>\n\t\t\t\t\t\t\t\t<span class=\"elementor-toggle-icon-opened\"><i class=\"elementor-toggle-icon-opened fas fa-caret-up\"><\/i><\/span>\n\t\t\t\t\t\t\t\t\t\t\t\t\t<\/span>\n\t\t\t\t\t\t\t\t\t\t\t\t<a class=\"elementor-toggle-title\" tabindex=\"0\">Fotos <\/a>\n\t\t\t\t\t<\/div>\n\n\t\t\t\t\t<div id=\"elementor-tab-content-1781\" class=\"elementor-tab-content elementor-clearfix\" data-tab=\"1\" role=\"region\" aria-labelledby=\"elementor-tab-title-1781\"><p><a href=\"https:\/\/maedchenchor-hannover.de\/wp-content\/uploads\/211126_Wagnerkonzert_c_MCH-2.jpg\" target=\"_blank\" rel=\"noopener\"><img decoding=\"async\" class=\"aligncenter wp-image-26859 size-full\" src=\"https:\/\/maedchenchor-hannover.de\/wp-content\/uploads\/211126_Wagnerkonzert_c_MCH-2.jpg\" alt=\"\" width=\"1024\" height=\"768\" srcset=\"https:\/\/maedchenchor-hannover.de\/wp-content\/uploads\/211126_Wagnerkonzert_c_MCH-2.jpg 1024w, https:\/\/maedchenchor-hannover.de\/wp-content\/uploads\/211126_Wagnerkonzert_c_MCH-2-300x225.jpg 300w, https:\/\/maedchenchor-hannover.de\/wp-content\/uploads\/211126_Wagnerkonzert_c_MCH-2-150x113.jpg 150w, https:\/\/maedchenchor-hannover.de\/wp-content\/uploads\/211126_Wagnerkonzert_c_MCH-2-768x576.jpg 768w, https:\/\/maedchenchor-hannover.de\/wp-content\/uploads\/211126_Wagnerkonzert_c_MCH-2-830x623.jpg 830w, https:\/\/maedchenchor-hannover.de\/wp-content\/uploads\/211126_Wagnerkonzert_c_MCH-2-230x173.jpg 230w, https:\/\/maedchenchor-hannover.de\/wp-content\/uploads\/211126_Wagnerkonzert_c_MCH-2-350x263.jpg 350w, https:\/\/maedchenchor-hannover.de\/wp-content\/uploads\/211126_Wagnerkonzert_c_MCH-2-480x360.jpg 480w\" sizes=\"(max-width: 1024px) 100vw, 1024px\" \/><\/a><a href=\"https:\/\/maedchenchor-hannover.de\/wp-content\/uploads\/211126_Wagnerkonzert_c_MCH-6.jpg\" target=\"_blank\" rel=\"noopener\"><img decoding=\"async\" class=\"aligncenter wp-image-26861 size-full\" src=\"https:\/\/maedchenchor-hannover.de\/wp-content\/uploads\/211126_Wagnerkonzert_c_MCH-6.jpg\" alt=\"\" width=\"768\" height=\"1024\" srcset=\"https:\/\/maedchenchor-hannover.de\/wp-content\/uploads\/211126_Wagnerkonzert_c_MCH-6.jpg 768w, https:\/\/maedchenchor-hannover.de\/wp-content\/uploads\/211126_Wagnerkonzert_c_MCH-6-225x300.jpg 225w, https:\/\/maedchenchor-hannover.de\/wp-content\/uploads\/211126_Wagnerkonzert_c_MCH-6-113x150.jpg 113w, https:\/\/maedchenchor-hannover.de\/wp-content\/uploads\/211126_Wagnerkonzert_c_MCH-6-230x307.jpg 230w, https:\/\/maedchenchor-hannover.de\/wp-content\/uploads\/211126_Wagnerkonzert_c_MCH-6-350x467.jpg 350w, https:\/\/maedchenchor-hannover.de\/wp-content\/uploads\/211126_Wagnerkonzert_c_MCH-6-480x640.jpg 480w\" sizes=\"(max-width: 768px) 100vw, 768px\" \/><\/a><a href=\"https:\/\/maedchenchor-hannover.de\/wp-content\/uploads\/211126_Wagnerkonzert_c_MCH-1.jpg\" target=\"_blank\" rel=\"noopener\"><img loading=\"lazy\" decoding=\"async\" class=\"aligncenter wp-image-26858 size-full\" src=\"https:\/\/maedchenchor-hannover.de\/wp-content\/uploads\/211126_Wagnerkonzert_c_MCH-1.jpg\" alt=\"\" width=\"768\" height=\"1024\" srcset=\"https:\/\/maedchenchor-hannover.de\/wp-content\/uploads\/211126_Wagnerkonzert_c_MCH-1.jpg 768w, https:\/\/maedchenchor-hannover.de\/wp-content\/uploads\/211126_Wagnerkonzert_c_MCH-1-225x300.jpg 225w, https:\/\/maedchenchor-hannover.de\/wp-content\/uploads\/211126_Wagnerkonzert_c_MCH-1-113x150.jpg 113w, https:\/\/maedchenchor-hannover.de\/wp-content\/uploads\/211126_Wagnerkonzert_c_MCH-1-230x307.jpg 230w, https:\/\/maedchenchor-hannover.de\/wp-content\/uploads\/211126_Wagnerkonzert_c_MCH-1-350x467.jpg 350w, https:\/\/maedchenchor-hannover.de\/wp-content\/uploads\/211126_Wagnerkonzert_c_MCH-1-480x640.jpg 480w\" sizes=\"(max-width: 768px) 100vw, 768px\" \/><\/a><a href=\"https:\/\/maedchenchor-hannover.de\/wp-content\/uploads\/211126_Wagnerkonzert_c_MCH-4.jpg\" target=\"_blank\" rel=\"noopener\"><img loading=\"lazy\" decoding=\"async\" class=\"aligncenter wp-image-26856 size-full\" src=\"https:\/\/maedchenchor-hannover.de\/wp-content\/uploads\/211126_Wagnerkonzert_c_MCH-4.jpg\" alt=\"\" width=\"768\" height=\"1024\" srcset=\"https:\/\/maedchenchor-hannover.de\/wp-content\/uploads\/211126_Wagnerkonzert_c_MCH-4.jpg 768w, https:\/\/maedchenchor-hannover.de\/wp-content\/uploads\/211126_Wagnerkonzert_c_MCH-4-225x300.jpg 225w, https:\/\/maedchenchor-hannover.de\/wp-content\/uploads\/211126_Wagnerkonzert_c_MCH-4-113x150.jpg 113w, https:\/\/maedchenchor-hannover.de\/wp-content\/uploads\/211126_Wagnerkonzert_c_MCH-4-230x307.jpg 230w, https:\/\/maedchenchor-hannover.de\/wp-content\/uploads\/211126_Wagnerkonzert_c_MCH-4-350x467.jpg 350w, https:\/\/maedchenchor-hannover.de\/wp-content\/uploads\/211126_Wagnerkonzert_c_MCH-4-480x640.jpg 480w\" sizes=\"(max-width: 768px) 100vw, 768px\" \/><\/a><\/p><\/div>\n\t\t\t\t<\/div>\n\t\t\t\t\t\t\t\t<\/div>\n\t\t\t\t\t\t<\/div>\n\t\t\t\t<\/div>\n\t\t\t\t\t<\/div>\n\t\t<\/div>\n\t\t\t\t\t<\/div>\n\t\t<\/section>\n\t\t\t\t<\/div>\n\t\t","protected":false},"excerpt":{"rendered":"<p>Wagner mit brillantem KlangM\u00e4dchenchor Ensemble begeistert in der MusikhochschuleVer\u00f6ffentlicht: 05.12.2021 [&hellip;]<\/p>\n","protected":false},"author":1,"featured_media":0,"comment_status":"closed","ping_status":"closed","sticky":false,"template":"","format":"standard","meta":{"footnotes":""},"categories":[2],"tags":[],"class_list":["post-26855","post","type-post","status-publish","format-standard","hentry","category-news"],"_links":{"self":[{"href":"https:\/\/maedchenchor-hannover.de\/index.php?rest_route=\/wp\/v2\/posts\/26855","targetHints":{"allow":["GET"]}}],"collection":[{"href":"https:\/\/maedchenchor-hannover.de\/index.php?rest_route=\/wp\/v2\/posts"}],"about":[{"href":"https:\/\/maedchenchor-hannover.de\/index.php?rest_route=\/wp\/v2\/types\/post"}],"author":[{"embeddable":true,"href":"https:\/\/maedchenchor-hannover.de\/index.php?rest_route=\/wp\/v2\/users\/1"}],"replies":[{"embeddable":true,"href":"https:\/\/maedchenchor-hannover.de\/index.php?rest_route=%2Fwp%2Fv2%2Fcomments&post=26855"}],"version-history":[{"count":6,"href":"https:\/\/maedchenchor-hannover.de\/index.php?rest_route=\/wp\/v2\/posts\/26855\/revisions"}],"predecessor-version":[{"id":26867,"href":"https:\/\/maedchenchor-hannover.de\/index.php?rest_route=\/wp\/v2\/posts\/26855\/revisions\/26867"}],"wp:attachment":[{"href":"https:\/\/maedchenchor-hannover.de\/index.php?rest_route=%2Fwp%2Fv2%2Fmedia&parent=26855"}],"wp:term":[{"taxonomy":"category","embeddable":true,"href":"https:\/\/maedchenchor-hannover.de\/index.php?rest_route=%2Fwp%2Fv2%2Fcategories&post=26855"},{"taxonomy":"post_tag","embeddable":true,"href":"https:\/\/maedchenchor-hannover.de\/index.php?rest_route=%2Fwp%2Fv2%2Ftags&post=26855"}],"curies":[{"name":"wp","href":"https:\/\/api.w.org\/{rel}","templated":true}]}}