{"id":22383,"date":"2021-02-03T18:30:27","date_gmt":"2021-02-03T17:30:27","guid":{"rendered":"https:\/\/maedchenchor-hannover.de\/?p=22383"},"modified":"2021-02-03T18:33:30","modified_gmt":"2021-02-03T17:33:30","slug":"neujahrskonzerte-abgesagt","status":"publish","type":"post","link":"https:\/\/maedchenchor-hannover.de\/?p=22383","title":{"rendered":"Neujahrskonzerte abgesagt"},"content":{"rendered":"\t\t<div data-elementor-type=\"wp-post\" data-elementor-id=\"22383\" class=\"elementor elementor-22383\">\n\t\t\t\t\t\t<section class=\"elementor-section elementor-top-section elementor-element elementor-element-511a67e7 elementor-section-boxed elementor-section-height-default elementor-section-height-default\" data-id=\"511a67e7\" data-element_type=\"section\" data-e-type=\"section\">\n\t\t\t\t\t\t<div class=\"elementor-container elementor-column-gap-default\">\n\t\t\t\t\t<div class=\"elementor-column elementor-col-100 elementor-top-column elementor-element elementor-element-5491d466\" data-id=\"5491d466\" data-element_type=\"column\" data-e-type=\"column\">\n\t\t\t<div class=\"elementor-widget-wrap elementor-element-populated\">\n\t\t\t\t\t\t<div class=\"elementor-element elementor-element-36d26b20 elementor-widget elementor-widget-text-editor\" data-id=\"36d26b20\" data-element_type=\"widget\" data-e-type=\"widget\" data-widget_type=\"text-editor.default\">\n\t\t\t\t<div class=\"elementor-widget-container\">\n\t\t\t\t\t\t\t\t\t<p style=\"text-align: left;\">Lautloser Start ins Jahr<br \/><span style=\"font-size: 70%; font-weight: 500; padding-top: 10px;\">M\u00e4dchenchor sagt Neujahrskonzerte ab<\/span><br \/><span style=\"font-size: 40%; font-weight: 500;\">Ver\u00f6ffentlicht: 03.02.2021<\/span><\/p>\t\t\t\t\t\t\t\t<\/div>\n\t\t\t\t<\/div>\n\t\t\t\t\t<\/div>\n\t\t<\/div>\n\t\t\t\t\t<\/div>\n\t\t<\/section>\n\t\t\t\t<section class=\"elementor-section elementor-top-section elementor-element elementor-element-7d8e7488 elementor-section-full_width elementor-hidden-phone elementor-section-height-default elementor-section-height-default\" data-id=\"7d8e7488\" data-element_type=\"section\" data-e-type=\"section\" data-settings=\"{&quot;background_background&quot;:&quot;classic&quot;}\">\n\t\t\t\t\t\t<div class=\"elementor-container elementor-column-gap-default\">\n\t\t\t\t\t<div class=\"elementor-column elementor-col-33 elementor-top-column elementor-element elementor-element-284a9c50\" data-id=\"284a9c50\" data-element_type=\"column\" data-e-type=\"column\">\n\t\t\t<div class=\"elementor-widget-wrap elementor-element-populated\">\n\t\t\t\t\t\t<div class=\"elementor-element elementor-element-101880ef elementor-widget elementor-widget-text-editor\" data-id=\"101880ef\" data-element_type=\"widget\" data-e-type=\"widget\" data-widget_type=\"text-editor.default\">\n\t\t\t\t<div class=\"elementor-widget-container\">\n\t\t\t\t\t\t\t\t\t<p style=\"text-align: left;\"><strong>Hanover<\/strong>.\u00a0 Aufgrund der aktuellen Corona-Verordnung des Landes Niedersachsen, die zur Zeit bis Mitte Februar gilt, musste der M\u00e4dchenchor Hannover heute seine Neujahrskonzerte absagen. \u201cDer uns allen auferlegte Stillstand dieser Wochen wird, auch bei einer Aufhebung Mitte Februar, un\u00fcberwindbare L\u00fccken in der organisatorischen und der k\u00fcnstlerischen Durchf\u00fchrbarkeit dieser Konzerte verursacht haben\u201c, bedauert der Leiter des M\u00e4dchenchors, Prof. Andreas Felber.<\/p>\t\t\t\t\t\t\t\t<\/div>\n\t\t\t\t<\/div>\n\t\t\t\t\t<\/div>\n\t\t<\/div>\n\t\t\t\t<div class=\"elementor-column elementor-col-66 elementor-top-column elementor-element elementor-element-6e8690f3\" data-id=\"6e8690f3\" data-element_type=\"column\" data-e-type=\"column\">\n\t\t\t<div class=\"elementor-widget-wrap elementor-element-populated\">\n\t\t\t\t\t\t<div class=\"elementor-element elementor-element-5f507980 elementor-widget elementor-widget-text-editor\" data-id=\"5f507980\" data-element_type=\"widget\" data-e-type=\"widget\" data-widget_type=\"text-editor.default\">\n\t\t\t\t<div class=\"elementor-widget-container\">\n\t\t\t\t\t\t\t\t\t<p>Hoffnungen auf eine fr\u00fchzeitige Aufhebung des Lockdowns h\u00e4tten sich zerschlagen. Es bleibe nichts anderes \u00fcbrig, als die Konzerte, die bereits auf Ende Februar verlegt und mit allen erdenklichen Sicherheits-, Abstands- und Teilnahme- restriktionen geplant wurden, nun doch endg\u00fcltig zu streichen.<br \/><strong>Bereits erworbene Karten k\u00f6nnen an den Vorverkaufsstellen, an denen sie gekauft wurden, wieder r\u00fcckerstattet werden.<\/strong><\/p>\t\t\t\t\t\t\t\t<\/div>\n\t\t\t\t<\/div>\n\t\t\t\t\t<\/div>\n\t\t<\/div>\n\t\t\t\t\t<\/div>\n\t\t<\/section>\n\t\t\t\t<section class=\"elementor-section elementor-top-section elementor-element elementor-element-da14627 elementor-section-full_width elementor-hidden-desktop elementor-hidden-tablet elementor-section-height-default elementor-section-height-default\" data-id=\"da14627\" data-element_type=\"section\" data-e-type=\"section\" data-settings=\"{&quot;background_background&quot;:&quot;classic&quot;}\">\n\t\t\t\t\t\t<div class=\"elementor-container elementor-column-gap-default\">\n\t\t\t\t\t<div class=\"elementor-column elementor-col-100 elementor-top-column elementor-element elementor-element-c0dab70\" data-id=\"c0dab70\" data-element_type=\"column\" data-e-type=\"column\">\n\t\t\t<div class=\"elementor-widget-wrap elementor-element-populated\">\n\t\t\t\t\t\t<div class=\"elementor-element elementor-element-258009a elementor-hidden-desktop elementor-hidden-tablet elementor-widget elementor-widget-text-editor\" data-id=\"258009a\" data-element_type=\"widget\" data-e-type=\"widget\" data-widget_type=\"text-editor.default\">\n\t\t\t\t<div class=\"elementor-widget-container\">\n\t\t\t\t\t\t\t\t\t<p style=\"text-align: left;\"><strong>Hanover<\/strong>.\u00a0 Aufgrund der aktuellen Corona-Verordnung des Landes Niedersachsen, die zur Zeit bis Mitte Februar gilt, musste der M\u00e4dchenchor Hannover heute seine Neujahrskonzerte absagen. \u201cDer uns allen auferlegte Stillstand dieser Wochen wird, auch bei einer Aufhebung Mitte Februar, un\u00fcberwindbare L\u00fccken in der organisatorischen und der k\u00fcnstlerischen Durchf\u00fchrbarkeit dieser Konzerte verursacht haben\u201c, bedauert der Leiter des M\u00e4dchenchors, Prof. Andreas Felber.<br \/>Hoffnungen auf eine fr\u00fchzeitige Aufhebung des Lockdowns h\u00e4tten sich zerschlagen. Es bleibe nichts anderes \u00fcbrig, als die Konzerte, die bereits auf Ende Februar verlegt und mit allen erdenklichen Sicherheits-, Abstands- und Teilnahme- restriktionen geplant wurden, nun doch endg\u00fcltig zu streichen.<br \/><strong>Bereits erworbene Karten k\u00f6nnen an den Vorverkaufsstellen, an denen sie gekauft wurden, wieder r\u00fcckerstattet werden.<\/strong><\/p>\t\t\t\t\t\t\t\t<\/div>\n\t\t\t\t<\/div>\n\t\t\t\t\t<\/div>\n\t\t<\/div>\n\t\t\t\t\t<\/div>\n\t\t<\/section>\n\t\t\t\t<\/div>\n\t\t","protected":false},"excerpt":{"rendered":"<p>Lautloser Start ins JahrM\u00e4dchenchor sagt Neujahrskonzerte abVer\u00f6ffentlicht: 03.02.2021 Hanover.\u00a0 Aufgrund [&hellip;]<\/p>\n","protected":false},"author":1,"featured_media":0,"comment_status":"open","ping_status":"closed","sticky":false,"template":"","format":"standard","meta":{"footnotes":""},"categories":[2],"tags":[],"class_list":["post-22383","post","type-post","status-publish","format-standard","hentry","category-news"],"_links":{"self":[{"href":"https:\/\/maedchenchor-hannover.de\/index.php?rest_route=\/wp\/v2\/posts\/22383","targetHints":{"allow":["GET"]}}],"collection":[{"href":"https:\/\/maedchenchor-hannover.de\/index.php?rest_route=\/wp\/v2\/posts"}],"about":[{"href":"https:\/\/maedchenchor-hannover.de\/index.php?rest_route=\/wp\/v2\/types\/post"}],"author":[{"embeddable":true,"href":"https:\/\/maedchenchor-hannover.de\/index.php?rest_route=\/wp\/v2\/users\/1"}],"replies":[{"embeddable":true,"href":"https:\/\/maedchenchor-hannover.de\/index.php?rest_route=%2Fwp%2Fv2%2Fcomments&post=22383"}],"version-history":[{"count":25,"href":"https:\/\/maedchenchor-hannover.de\/index.php?rest_route=\/wp\/v2\/posts\/22383\/revisions"}],"predecessor-version":[{"id":22418,"href":"https:\/\/maedchenchor-hannover.de\/index.php?rest_route=\/wp\/v2\/posts\/22383\/revisions\/22418"}],"wp:attachment":[{"href":"https:\/\/maedchenchor-hannover.de\/index.php?rest_route=%2Fwp%2Fv2%2Fmedia&parent=22383"}],"wp:term":[{"taxonomy":"category","embeddable":true,"href":"https:\/\/maedchenchor-hannover.de\/index.php?rest_route=%2Fwp%2Fv2%2Fcategories&post=22383"},{"taxonomy":"post_tag","embeddable":true,"href":"https:\/\/maedchenchor-hannover.de\/index.php?rest_route=%2Fwp%2Fv2%2Ftags&post=22383"}],"curies":[{"name":"wp","href":"https:\/\/api.w.org\/{rel}","templated":true}]}}