{"id":22,"date":"2017-05-31T19:01:18","date_gmt":"2017-05-31T17:01:18","guid":{"rendered":"http:\/\/heldconsulting.de\/?p=22"},"modified":"2020-01-02T13:32:55","modified_gmt":"2020-01-02T12:32:55","slug":"maedchenchor-wird-botschafter-der-city-of-music","status":"publish","type":"post","link":"https:\/\/maedchenchor-hannover.de\/?p=22","title":{"rendered":"M\u00e4dchenchor Botschafter der City of Music Hannover"},"content":{"rendered":"\t\t<div data-elementor-type=\"wp-post\" data-elementor-id=\"22\" class=\"elementor elementor-22\">\n\t\t\t\t\t\t<section class=\"elementor-section elementor-top-section elementor-element elementor-element-fwygcll elementor-section-boxed elementor-section-height-default elementor-section-height-default\" data-id=\"fwygcll\" data-element_type=\"section\" data-e-type=\"section\" data-settings=\"{&quot;background_background&quot;:&quot;classic&quot;}\">\n\t\t\t\t\t\t<div class=\"elementor-container elementor-column-gap-default\">\n\t\t\t\t\t<div class=\"elementor-column elementor-col-50 elementor-top-column elementor-element elementor-element-umhdxfy\" data-id=\"umhdxfy\" data-element_type=\"column\" data-e-type=\"column\">\n\t\t\t<div class=\"elementor-widget-wrap elementor-element-populated\">\n\t\t\t\t\t\t<div class=\"elementor-element elementor-element-vyflvds elementor-widget elementor-widget-text-editor\" data-id=\"vyflvds\" data-element_type=\"widget\" data-e-type=\"widget\" data-widget_type=\"text-editor.default\">\n\t\t\t\t<div class=\"elementor-widget-container\">\n\t\t\t\t\t\t\t\t\t<p style=\"text-align: left;\"><span style=\"color: #333333;\"><strong>Auszeichnung Offizielle Botschafter der City of Music Hannover<\/strong><\/span><\/p>\t\t\t\t\t\t\t\t<\/div>\n\t\t\t\t<\/div>\n\t\t\t\t<div class=\"elementor-element elementor-element-fpfborf elementor-widget elementor-widget-text-editor\" data-id=\"fpfborf\" data-element_type=\"widget\" data-e-type=\"widget\" data-widget_type=\"text-editor.default\">\n\t\t\t\t<div class=\"elementor-widget-container\">\n\t\t\t\t\t\t\t\t\t<p style=\"text-align: right;\">Ver\u00f6ffentlicht: 27.1.2017<\/p>\t\t\t\t\t\t\t\t<\/div>\n\t\t\t\t<\/div>\n\t\t\t\t<div class=\"elementor-element elementor-element-guufsrq elementor-drop-cap-yes elementor-drop-cap-view-default elementor-widget elementor-widget-text-editor\" data-id=\"guufsrq\" data-element_type=\"widget\" data-e-type=\"widget\" data-settings=\"{&quot;drop_cap&quot;:&quot;yes&quot;}\" data-widget_type=\"text-editor.default\">\n\t\t\t\t<div class=\"elementor-widget-container\">\n\t\t\t\t\t\t\t\t\t<p>Am Mittwoch, den 25. Januar 2017 wurde der M\u00e4dchenchor Hannover zum offiziellen Botschafter der City of Music Hannover ernannt. Im Neuen Rathaus \u00fcberreichte Kulturdezernent Harald H\u00e4rke Professorin Gudrun Schr\u00f6fel stellvertretend f\u00fcr den M\u00e4dchenchor feierlich die Auszeichnung.<\/p><p>Wir freuen uns sehr!<\/p>\t\t\t\t\t\t\t\t<\/div>\n\t\t\t\t<\/div>\n\t\t\t\t\t<\/div>\n\t\t<\/div>\n\t\t\t\t<div class=\"elementor-column elementor-col-50 elementor-top-column elementor-element elementor-element-ievjxep\" data-id=\"ievjxep\" data-element_type=\"column\" data-e-type=\"column\">\n\t\t\t<div class=\"elementor-widget-wrap elementor-element-populated\">\n\t\t\t\t\t\t<div class=\"elementor-element elementor-element-wwxvswc elementor-widget elementor-widget-image\" data-id=\"wwxvswc\" data-element_type=\"widget\" data-e-type=\"widget\" data-widget_type=\"image.default\">\n\t\t\t\t<div class=\"elementor-widget-container\">\n\t\t\t\t\t\t\t\t\t\t\t\t<figure class=\"wp-caption\">\n\t\t\t\t\t\t\t\t\t\t\t<a href=\"http:\/\/maedchenchor-hannover.de\/wp-content\/uploads\/2017\/05\/unescoMCH_2017_auszeichnung.png\" data-elementor-open-lightbox=\"yes\" data-elementor-lightbox-title=\"M\u00e4dchenchor Botschafter der Unesco-Stadt Hannover\" data-elementor-lightbox-description=\"M\u00e4dchenchor Botschafter der Unesco-Stadt Hannover\" data-e-action-hash=\"#elementor-action%3Aaction%3Dlightbox%26settings%3DeyJpZCI6MjUsInVybCI6Imh0dHBzOlwvXC9tYWVkY2hlbmNob3ItaGFubm92ZXIuZGVcL3dwLWNvbnRlbnRcL3VwbG9hZHNcLzIwMTdcLzA1XC91bmVzY29NQ0hfMjAxN19hdXN6ZWljaG51bmcucG5nIn0%3D\">\n\t\t\t\t\t\t\t<img fetchpriority=\"high\" decoding=\"async\" width=\"600\" height=\"401\" src=\"https:\/\/maedchenchor-hannover.de\/wp-content\/uploads\/2017\/05\/unescoMCH_2017_auszeichnung.png\" class=\"attachment-large size-large wp-image-25\" alt=\"M\u00e4dchenchor Botschafter der Unesco-Stadt Hannover\" \/>\t\t\t\t\t\t\t\t<\/a>\n\t\t\t\t\t\t\t\t\t\t\t<figcaption class=\"widget-image-caption wp-caption-text\">M\u00e4dchenchor-Auszeichnung der Stadt Hannover<\/figcaption>\n\t\t\t\t\t\t\t\t\t\t<\/figure>\n\t\t\t\t\t\t\t\t\t<\/div>\n\t\t\t\t<\/div>\n\t\t\t\t<div class=\"elementor-element elementor-element-qaecmka elementor-widget elementor-widget-toggle\" data-id=\"qaecmka\" data-element_type=\"widget\" data-e-type=\"widget\" data-widget_type=\"toggle.default\">\n\t\t\t\t<div class=\"elementor-widget-container\">\n\t\t\t\t\t\t\t<div class=\"elementor-toggle\">\n\t\t\t\t\t\t\t<div class=\"elementor-toggle-item\">\n\t\t\t\t\t<div id=\"elementor-tab-title-4471\" class=\"elementor-tab-title\" data-tab=\"1\" role=\"button\" aria-controls=\"elementor-tab-content-4471\" aria-expanded=\"false\">\n\t\t\t\t\t\t\t\t\t\t\t\t<span class=\"elementor-toggle-icon elementor-toggle-icon-left\" aria-hidden=\"true\">\n\t\t\t\t\t\t\t\t\t\t\t\t\t\t\t<span class=\"elementor-toggle-icon-closed\"><i class=\"fas fa-caret-right\"><\/i><\/span>\n\t\t\t\t\t\t\t\t<span class=\"elementor-toggle-icon-opened\"><i class=\"elementor-toggle-icon-opened fas fa-caret-up\"><\/i><\/span>\n\t\t\t\t\t\t\t\t\t\t\t\t\t<\/span>\n\t\t\t\t\t\t\t\t\t\t\t\t<a class=\"elementor-toggle-title\" tabindex=\"0\">Foto: Musik f\u00fcr die Stadt<\/a>\n\t\t\t\t\t<\/div>\n\n\t\t\t\t\t<div id=\"elementor-tab-content-4471\" class=\"elementor-tab-content elementor-clearfix\" data-tab=\"1\" role=\"region\" aria-labelledby=\"elementor-tab-title-4471\"><img decoding=\"async\" class=\"alignnone size-full wp-image-3160\" src=\"http:\/\/maedchenchor-hannover.de\/wp-content\/uploads\/010217_City-of-music-Botschafter_c_Landeshauptstadt-Hannover.jpg\" alt=\"\" width=\"800\" height=\"531\" srcset=\"https:\/\/maedchenchor-hannover.de\/wp-content\/uploads\/010217_City-of-music-Botschafter_c_Landeshauptstadt-Hannover.jpg 800w, https:\/\/maedchenchor-hannover.de\/wp-content\/uploads\/010217_City-of-music-Botschafter_c_Landeshauptstadt-Hannover-300x199.jpg 300w, https:\/\/maedchenchor-hannover.de\/wp-content\/uploads\/010217_City-of-music-Botschafter_c_Landeshauptstadt-Hannover-768x510.jpg 768w, https:\/\/maedchenchor-hannover.de\/wp-content\/uploads\/010217_City-of-music-Botschafter_c_Landeshauptstadt-Hannover-230x153.jpg 230w, https:\/\/maedchenchor-hannover.de\/wp-content\/uploads\/010217_City-of-music-Botschafter_c_Landeshauptstadt-Hannover-350x232.jpg 350w, https:\/\/maedchenchor-hannover.de\/wp-content\/uploads\/010217_City-of-music-Botschafter_c_Landeshauptstadt-Hannover-480x319.jpg 480w\" sizes=\"(max-width: 800px) 100vw, 800px\" \/>\n<span style=\"font-size: .8em;\">Foto: Landeshauptstadt Hannover\n<\/span><\/div>\n\t\t\t\t<\/div>\n\t\t\t\t\t\t\t<div class=\"elementor-toggle-item\">\n\t\t\t\t\t<div id=\"elementor-tab-title-4472\" class=\"elementor-tab-title\" data-tab=\"2\" role=\"button\" aria-controls=\"elementor-tab-content-4472\" aria-expanded=\"false\">\n\t\t\t\t\t\t\t\t\t\t\t\t<span class=\"elementor-toggle-icon elementor-toggle-icon-left\" aria-hidden=\"true\">\n\t\t\t\t\t\t\t\t\t\t\t\t\t\t\t<span class=\"elementor-toggle-icon-closed\"><i class=\"fas fa-caret-right\"><\/i><\/span>\n\t\t\t\t\t\t\t\t<span class=\"elementor-toggle-icon-opened\"><i class=\"elementor-toggle-icon-opened fas fa-caret-up\"><\/i><\/span>\n\t\t\t\t\t\t\t\t\t\t\t\t\t<\/span>\n\t\t\t\t\t\t\t\t\t\t\t\t<a class=\"elementor-toggle-title\" tabindex=\"0\">Foto: Die Silberschale<\/a>\n\t\t\t\t\t<\/div>\n\n\t\t\t\t\t<div id=\"elementor-tab-content-4472\" class=\"elementor-tab-content elementor-clearfix\" data-tab=\"2\" role=\"region\" aria-labelledby=\"elementor-tab-title-4472\"><img decoding=\"async\" class=\"alignnone size-full wp-image-3161\" src=\"http:\/\/maedchenchor-hannover.de\/wp-content\/uploads\/010217_City-of-music-Botschafter_c_Landeshauptstadt-Hannover2.jpg\" alt=\"\" width=\"800\" height=\"531\" srcset=\"https:\/\/maedchenchor-hannover.de\/wp-content\/uploads\/010217_City-of-music-Botschafter_c_Landeshauptstadt-Hannover2.jpg 800w, https:\/\/maedchenchor-hannover.de\/wp-content\/uploads\/010217_City-of-music-Botschafter_c_Landeshauptstadt-Hannover2-300x199.jpg 300w, https:\/\/maedchenchor-hannover.de\/wp-content\/uploads\/010217_City-of-music-Botschafter_c_Landeshauptstadt-Hannover2-768x510.jpg 768w, https:\/\/maedchenchor-hannover.de\/wp-content\/uploads\/010217_City-of-music-Botschafter_c_Landeshauptstadt-Hannover2-230x153.jpg 230w, https:\/\/maedchenchor-hannover.de\/wp-content\/uploads\/010217_City-of-music-Botschafter_c_Landeshauptstadt-Hannover2-350x232.jpg 350w, https:\/\/maedchenchor-hannover.de\/wp-content\/uploads\/010217_City-of-music-Botschafter_c_Landeshauptstadt-Hannover2-480x319.jpg 480w\" sizes=\"(max-width: 800px) 100vw, 800px\" \/>\n<span style=\"font-size: .8em;\">Foto: Landeshauptstadt Hannover\n<\/span><\/div>\n\t\t\t\t<\/div>\n\t\t\t\t\t\t\t<div class=\"elementor-toggle-item\">\n\t\t\t\t\t<div id=\"elementor-tab-title-4473\" class=\"elementor-tab-title\" data-tab=\"3\" role=\"button\" aria-controls=\"elementor-tab-content-4473\" aria-expanded=\"false\">\n\t\t\t\t\t\t\t\t\t\t\t\t<span class=\"elementor-toggle-icon elementor-toggle-icon-left\" aria-hidden=\"true\">\n\t\t\t\t\t\t\t\t\t\t\t\t\t\t\t<span class=\"elementor-toggle-icon-closed\"><i class=\"fas fa-caret-right\"><\/i><\/span>\n\t\t\t\t\t\t\t\t<span class=\"elementor-toggle-icon-opened\"><i class=\"elementor-toggle-icon-opened fas fa-caret-up\"><\/i><\/span>\n\t\t\t\t\t\t\t\t\t\t\t\t\t<\/span>\n\t\t\t\t\t\t\t\t\t\t\t\t<a class=\"elementor-toggle-title\" tabindex=\"0\">Foto: Ein neuer Botschafter<\/a>\n\t\t\t\t\t<\/div>\n\n\t\t\t\t\t<div id=\"elementor-tab-content-4473\" class=\"elementor-tab-content elementor-clearfix\" data-tab=\"3\" role=\"region\" aria-labelledby=\"elementor-tab-title-4473\"><img loading=\"lazy\" decoding=\"async\" class=\"alignnone size-full wp-image-3162\" src=\"http:\/\/maedchenchor-hannover.de\/wp-content\/uploads\/010217_City-of-music-Botschafter_c_Landeshauptstadt-Hannover4.jpg\" alt=\"\" width=\"800\" height=\"531\" srcset=\"https:\/\/maedchenchor-hannover.de\/wp-content\/uploads\/010217_City-of-music-Botschafter_c_Landeshauptstadt-Hannover4.jpg 800w, https:\/\/maedchenchor-hannover.de\/wp-content\/uploads\/010217_City-of-music-Botschafter_c_Landeshauptstadt-Hannover4-300x199.jpg 300w, https:\/\/maedchenchor-hannover.de\/wp-content\/uploads\/010217_City-of-music-Botschafter_c_Landeshauptstadt-Hannover4-768x510.jpg 768w, https:\/\/maedchenchor-hannover.de\/wp-content\/uploads\/010217_City-of-music-Botschafter_c_Landeshauptstadt-Hannover4-230x153.jpg 230w, https:\/\/maedchenchor-hannover.de\/wp-content\/uploads\/010217_City-of-music-Botschafter_c_Landeshauptstadt-Hannover4-350x232.jpg 350w, https:\/\/maedchenchor-hannover.de\/wp-content\/uploads\/010217_City-of-music-Botschafter_c_Landeshauptstadt-Hannover4-480x319.jpg 480w\" sizes=\"(max-width: 800px) 100vw, 800px\" \/>\n<span style=\"font-size: .8em;\">Foto: Landeshauptstadt Hannover\n<\/span><\/div>\n\t\t\t\t<\/div>\n\t\t\t\t\t\t\t\t<\/div>\n\t\t\t\t\t\t<\/div>\n\t\t\t\t<\/div>\n\t\t\t\t\t<\/div>\n\t\t<\/div>\n\t\t\t\t\t<\/div>\n\t\t<\/section>\n\t\t\t\t<\/div>\n\t\t","protected":false},"excerpt":{"rendered":"<p>Auszeichnung Offizielle Botschafter der City of Music Hannover Ver\u00f6ffentlicht: 27.1.2017 [&hellip;]<\/p>\n","protected":false},"author":1,"featured_media":0,"comment_status":"open","ping_status":"open","sticky":false,"template":"","format":"standard","meta":{"footnotes":""},"categories":[2],"tags":[8,6,7],"class_list":["post-22","post","type-post","status-publish","format-standard","hentry","category-news","tag-auszeichnung","tag-city-of-music","tag-hannover"],"_links":{"self":[{"href":"https:\/\/maedchenchor-hannover.de\/index.php?rest_route=\/wp\/v2\/posts\/22","targetHints":{"allow":["GET"]}}],"collection":[{"href":"https:\/\/maedchenchor-hannover.de\/index.php?rest_route=\/wp\/v2\/posts"}],"about":[{"href":"https:\/\/maedchenchor-hannover.de\/index.php?rest_route=\/wp\/v2\/types\/post"}],"author":[{"embeddable":true,"href":"https:\/\/maedchenchor-hannover.de\/index.php?rest_route=\/wp\/v2\/users\/1"}],"replies":[{"embeddable":true,"href":"https:\/\/maedchenchor-hannover.de\/index.php?rest_route=%2Fwp%2Fv2%2Fcomments&post=22"}],"version-history":[{"count":10,"href":"https:\/\/maedchenchor-hannover.de\/index.php?rest_route=\/wp\/v2\/posts\/22\/revisions"}],"predecessor-version":[{"id":12230,"href":"https:\/\/maedchenchor-hannover.de\/index.php?rest_route=\/wp\/v2\/posts\/22\/revisions\/12230"}],"wp:attachment":[{"href":"https:\/\/maedchenchor-hannover.de\/index.php?rest_route=%2Fwp%2Fv2%2Fmedia&parent=22"}],"wp:term":[{"taxonomy":"category","embeddable":true,"href":"https:\/\/maedchenchor-hannover.de\/index.php?rest_route=%2Fwp%2Fv2%2Fcategories&post=22"},{"taxonomy":"post_tag","embeddable":true,"href":"https:\/\/maedchenchor-hannover.de\/index.php?rest_route=%2Fwp%2Fv2%2Ftags&post=22"}],"curies":[{"name":"wp","href":"https:\/\/api.w.org\/{rel}","templated":true}]}}