{"id":21194,"date":"2020-11-30T17:02:15","date_gmt":"2020-11-30T16:02:15","guid":{"rendered":"https:\/\/maedchenchor-hannover.de\/?p=21194"},"modified":"2020-12-02T11:40:23","modified_gmt":"2020-12-02T10:40:23","slug":"weihnachtskonzerte-abgesagt","status":"publish","type":"post","link":"https:\/\/maedchenchor-hannover.de\/?p=21194","title":{"rendered":"Weihnachtskonzerte abgesagt"},"content":{"rendered":"\t\t<div data-elementor-type=\"wp-post\" data-elementor-id=\"21194\" class=\"elementor elementor-21194\">\n\t\t\t\t\t\t<section class=\"elementor-section elementor-top-section elementor-element elementor-element-426c2016 elementor-section-boxed elementor-section-height-default elementor-section-height-default\" data-id=\"426c2016\" data-element_type=\"section\" data-e-type=\"section\">\n\t\t\t\t\t\t<div class=\"elementor-container elementor-column-gap-default\">\n\t\t\t\t\t<div class=\"elementor-column elementor-col-100 elementor-top-column elementor-element elementor-element-52f49a7c\" data-id=\"52f49a7c\" data-element_type=\"column\" data-e-type=\"column\">\n\t\t\t<div class=\"elementor-widget-wrap elementor-element-populated\">\n\t\t\t\t\t\t<div class=\"elementor-element elementor-element-1e7aa930 elementor-widget elementor-widget-text-editor\" data-id=\"1e7aa930\" data-element_type=\"widget\" data-e-type=\"widget\" data-widget_type=\"text-editor.default\">\n\t\t\t\t<div class=\"elementor-widget-container\">\n\t\t\t\t\t\t\t\t\t<p style=\"text-align: left;\">Weihnachtszeit ohne Chormusik<br \/><span style=\"font-size: 70%; font-weight: 500; padding-top: 10px;\">M\u00e4dchenchor muss Adventskonzerte absagen<\/span><br \/><span style=\"font-size: 40%; font-weight: 500;\">Ver\u00f6ffentlicht: 30.11.2020<\/span><\/p>\t\t\t\t\t\t\t\t<\/div>\n\t\t\t\t<\/div>\n\t\t\t\t\t<\/div>\n\t\t<\/div>\n\t\t\t\t\t<\/div>\n\t\t<\/section>\n\t\t\t\t<section class=\"elementor-section elementor-top-section elementor-element elementor-element-2d9430e3 elementor-section-full_width elementor-section-height-default elementor-section-height-default\" data-id=\"2d9430e3\" data-element_type=\"section\" data-e-type=\"section\" data-settings=\"{&quot;background_background&quot;:&quot;classic&quot;}\">\n\t\t\t\t\t\t<div class=\"elementor-container elementor-column-gap-default\">\n\t\t\t\t\t<div class=\"elementor-column elementor-col-100 elementor-top-column elementor-element elementor-element-3dac4011\" data-id=\"3dac4011\" data-element_type=\"column\" data-e-type=\"column\">\n\t\t\t<div class=\"elementor-widget-wrap elementor-element-populated\">\n\t\t\t\t\t\t<div class=\"elementor-element elementor-element-5742dade elementor-widget elementor-widget-text-editor\" data-id=\"5742dade\" data-element_type=\"widget\" data-e-type=\"widget\" data-widget_type=\"text-editor.default\">\n\t\t\t\t<div class=\"elementor-widget-container\">\n\t\t\t\t\t\t\t\t\t<p style=\"text-align: left;\"><strong>Hannover<\/strong>. Aufgrund der Regelungen der aktuellen Verordnung des Landes Niedersachsen muss der M\u00e4dchenchor Hannover seine geplanten Adventskonzerte f\u00fcr den 11.,12. und 13. Dezember nun absagen. &#8222;<em>Bis Ende des Jahres keine Proben oder Konzerte des M\u00e4dchenchor Hannover<\/em>&#8222;, so teilte es Chorleiter <strong>Andreas Felber<\/strong> heute auch intern seinen S\u00e4ngerinnen mit, nachdem feststand, dass per Verordnung selbst Chorproben\u00a0 nicht mehr erlaubt sind. <br \/>Bereits erworbene Karten k\u00f6nnen an den Vorverkaufsstellen, an denen sie gekauft wurden, wieder r\u00fcckerstattet werden.<\/p>\t\t\t\t\t\t\t\t<\/div>\n\t\t\t\t<\/div>\n\t\t\t\t\t<\/div>\n\t\t<\/div>\n\t\t\t\t\t<\/div>\n\t\t<\/section>\n\t\t\t\t<\/div>\n\t\t","protected":false},"excerpt":{"rendered":"<p>Weihnachtszeit ohne ChormusikM\u00e4dchenchor muss Adventskonzerte absagenVer\u00f6ffentlicht: 30.11.2020 Hannover. Aufgrund der [&hellip;]<\/p>\n","protected":false},"author":1,"featured_media":0,"comment_status":"open","ping_status":"closed","sticky":false,"template":"","format":"standard","meta":{"footnotes":""},"categories":[2],"tags":[],"class_list":["post-21194","post","type-post","status-publish","format-standard","hentry","category-news"],"_links":{"self":[{"href":"https:\/\/maedchenchor-hannover.de\/index.php?rest_route=\/wp\/v2\/posts\/21194","targetHints":{"allow":["GET"]}}],"collection":[{"href":"https:\/\/maedchenchor-hannover.de\/index.php?rest_route=\/wp\/v2\/posts"}],"about":[{"href":"https:\/\/maedchenchor-hannover.de\/index.php?rest_route=\/wp\/v2\/types\/post"}],"author":[{"embeddable":true,"href":"https:\/\/maedchenchor-hannover.de\/index.php?rest_route=\/wp\/v2\/users\/1"}],"replies":[{"embeddable":true,"href":"https:\/\/maedchenchor-hannover.de\/index.php?rest_route=%2Fwp%2Fv2%2Fcomments&post=21194"}],"version-history":[{"count":24,"href":"https:\/\/maedchenchor-hannover.de\/index.php?rest_route=\/wp\/v2\/posts\/21194\/revisions"}],"predecessor-version":[{"id":21244,"href":"https:\/\/maedchenchor-hannover.de\/index.php?rest_route=\/wp\/v2\/posts\/21194\/revisions\/21244"}],"wp:attachment":[{"href":"https:\/\/maedchenchor-hannover.de\/index.php?rest_route=%2Fwp%2Fv2%2Fmedia&parent=21194"}],"wp:term":[{"taxonomy":"category","embeddable":true,"href":"https:\/\/maedchenchor-hannover.de\/index.php?rest_route=%2Fwp%2Fv2%2Fcategories&post=21194"},{"taxonomy":"post_tag","embeddable":true,"href":"https:\/\/maedchenchor-hannover.de\/index.php?rest_route=%2Fwp%2Fv2%2Ftags&post=21194"}],"curies":[{"name":"wp","href":"https:\/\/api.w.org\/{rel}","templated":true}]}}