{"id":13328,"date":"2020-03-13T12:02:45","date_gmt":"2020-03-13T11:02:45","guid":{"rendered":"https:\/\/maedchenchor-hannover.de\/?p=13328"},"modified":"2020-03-25T11:18:48","modified_gmt":"2020-03-25T10:18:48","slug":"coronavirus","status":"publish","type":"post","link":"https:\/\/maedchenchor-hannover.de\/?p=13328","title":{"rendered":"Coronavirus"},"content":{"rendered":"\t\t<div data-elementor-type=\"wp-post\" data-elementor-id=\"13328\" class=\"elementor elementor-13328\">\n\t\t\t\t\t\t<section class=\"elementor-section elementor-top-section elementor-element elementor-element-40d03894 elementor-section-boxed elementor-section-height-default elementor-section-height-default\" data-id=\"40d03894\" data-element_type=\"section\" data-e-type=\"section\">\n\t\t\t\t\t\t<div class=\"elementor-container elementor-column-gap-default\">\n\t\t\t\t\t<div class=\"elementor-column elementor-col-100 elementor-top-column elementor-element elementor-element-70ec6d45\" data-id=\"70ec6d45\" data-element_type=\"column\" data-e-type=\"column\">\n\t\t\t<div class=\"elementor-widget-wrap elementor-element-populated\">\n\t\t\t\t\t\t<div class=\"elementor-element elementor-element-6af3e625 elementor-widget elementor-widget-text-editor\" data-id=\"6af3e625\" data-element_type=\"widget\" data-e-type=\"widget\" data-widget_type=\"text-editor.default\">\n\t\t\t\t<div class=\"elementor-widget-container\">\n\t\t\t\t\t\t\t\t\t<p style=\"text-align: left;\">Absage aller Proben und Stimmbildung<br \/><span style=\"font-size: 70%; font-weight: 500; padding-top: 10px;\">Reaktion auf Entscheidung der Landesregierung<\/span><br \/><span style=\"font-size: 40%; font-weight: 500;\">Ver\u00f6ffentlicht: 13.03.2020<\/span><\/p>\t\t\t\t\t\t\t\t<\/div>\n\t\t\t\t<\/div>\n\t\t\t\t\t<\/div>\n\t\t<\/div>\n\t\t\t\t\t<\/div>\n\t\t<\/section>\n\t\t\t\t<section class=\"elementor-section elementor-top-section elementor-element elementor-element-144229b6 elementor-section-full_width elementor-section-height-default elementor-section-height-default\" data-id=\"144229b6\" data-element_type=\"section\" data-e-type=\"section\" data-settings=\"{&quot;background_background&quot;:&quot;classic&quot;}\">\n\t\t\t\t\t\t<div class=\"elementor-container elementor-column-gap-default\">\n\t\t\t\t\t<div class=\"elementor-column elementor-col-100 elementor-top-column elementor-element elementor-element-7caa8ae5\" data-id=\"7caa8ae5\" data-element_type=\"column\" data-e-type=\"column\">\n\t\t\t<div class=\"elementor-widget-wrap elementor-element-populated\">\n\t\t\t\t\t\t<div class=\"elementor-element elementor-element-3fab7f33 elementor-widget elementor-widget-text-editor\" data-id=\"3fab7f33\" data-element_type=\"widget\" data-e-type=\"widget\" data-widget_type=\"text-editor.default\">\n\t\t\t\t<div class=\"elementor-widget-container\">\n\t\t\t\t\t\t\t\t\t<p>Wir alle verfolgen t\u00e4glich, ja, st\u00fcndlich, die Entwicklungen rund um die Ausbreitung des Coronaviruses und die Entscheidungen, die staatlicherseits f\u00fcr unser aller Schutz getroffen werden. Dazu geh\u00f6ren neben individuellen Quarant\u00e4nema\u00dfnahmen auch der pr\u00e4ventive Schutz der Bev\u00f6lkerung. \u00dcberall dort, wo sich gr\u00f6\u00dfere Menschenmengen versammeln, greifen bereits die ersten Empfehlungen bzw. Verbote.<\/p><p>Soeben (10.41 Uhr) hat die nieders\u00e4chsische Landesregierung entschieden,\u00a0 den Schulbetrieb im Bundesland Niedersachsen ab Montag, 16.3. bis zum 18.04.2020 einzustellen.<\/p><p>Der M\u00e4dchenchor Hannover hat entschlossen, sich den Vorgaben der \u00f6ffentlichen Schulen anzuschlie\u00dfen und ab sofort, d.h.<\/p><p><strong>ab Sa, den 14. M\u00e4rz 2020<\/strong>,<\/p><p>zum Schutz unserer M\u00e4dchen die <strong>Chorproben<\/strong> und die <strong>Stimmbildung<\/strong> s\u00e4mtlicher Chorgruppen vor\u00fcbergehend, aber mindestens bis zum 18.04.2020, <strong>nicht<\/strong> mehr stattfinden zu lassen.<\/p><p>Wir alle hoffen, dass die Ausnahmesituation, in der wir uns alle befinden, sich so bald wie m\u00f6glich normalisiert. Wir werden Sie nat\u00fcrlich \u00fcber weitere \u00c4nderungen im Probenplan des M\u00e4dchenchor Hannover auf dem Laufenden halten. Nutzen Sie dazu auch die Website des M\u00e4dchenchors (maedchenchor-hannover.de), Men\u00fcpunkt &#8222;Aktuelles&#8220;, sowie die internen Online-Seiten der einzelnen Chorgruppen.<\/p><p>Mit der Bitte um Ihr Verst\u00e4ndnis, und mit herzlichen Gr\u00fc\u00dfen<\/p><p>Andreas Felber<\/p>\t\t\t\t\t\t\t\t<\/div>\n\t\t\t\t<\/div>\n\t\t\t\t\t<\/div>\n\t\t<\/div>\n\t\t\t\t\t<\/div>\n\t\t<\/section>\n\t\t\t\t<\/div>\n\t\t","protected":false},"excerpt":{"rendered":"<p>Absage aller Proben und Stimmbildung Reaktion auf Entscheidung der Landesregierung [&hellip;]<\/p>\n","protected":false},"author":1,"featured_media":0,"comment_status":"open","ping_status":"closed","sticky":false,"template":"","format":"standard","meta":{"footnotes":""},"categories":[2],"tags":[],"class_list":["post-13328","post","type-post","status-publish","format-standard","hentry","category-news"],"_links":{"self":[{"href":"https:\/\/maedchenchor-hannover.de\/index.php?rest_route=\/wp\/v2\/posts\/13328","targetHints":{"allow":["GET"]}}],"collection":[{"href":"https:\/\/maedchenchor-hannover.de\/index.php?rest_route=\/wp\/v2\/posts"}],"about":[{"href":"https:\/\/maedchenchor-hannover.de\/index.php?rest_route=\/wp\/v2\/types\/post"}],"author":[{"embeddable":true,"href":"https:\/\/maedchenchor-hannover.de\/index.php?rest_route=\/wp\/v2\/users\/1"}],"replies":[{"embeddable":true,"href":"https:\/\/maedchenchor-hannover.de\/index.php?rest_route=%2Fwp%2Fv2%2Fcomments&post=13328"}],"version-history":[{"count":7,"href":"https:\/\/maedchenchor-hannover.de\/index.php?rest_route=\/wp\/v2\/posts\/13328\/revisions"}],"predecessor-version":[{"id":13477,"href":"https:\/\/maedchenchor-hannover.de\/index.php?rest_route=\/wp\/v2\/posts\/13328\/revisions\/13477"}],"wp:attachment":[{"href":"https:\/\/maedchenchor-hannover.de\/index.php?rest_route=%2Fwp%2Fv2%2Fmedia&parent=13328"}],"wp:term":[{"taxonomy":"category","embeddable":true,"href":"https:\/\/maedchenchor-hannover.de\/index.php?rest_route=%2Fwp%2Fv2%2Fcategories&post=13328"},{"taxonomy":"post_tag","embeddable":true,"href":"https:\/\/maedchenchor-hannover.de\/index.php?rest_route=%2Fwp%2Fv2%2Ftags&post=13328"}],"curies":[{"name":"wp","href":"https:\/\/api.w.org\/{rel}","templated":true}]}}