{"id":11156,"date":"2019-06-13T08:10:24","date_gmt":"2019-06-13T06:10:24","guid":{"rendered":"https:\/\/maedchenchor-hannover.de\/?p=11156"},"modified":"2019-06-28T16:35:59","modified_gmt":"2019-06-28T14:35:59","slug":"sommerserenade","status":"publish","type":"post","link":"https:\/\/maedchenchor-hannover.de\/?p=11156","title":{"rendered":"Sommerserenade"},"content":{"rendered":"\t\t<div data-elementor-type=\"wp-post\" data-elementor-id=\"11156\" class=\"elementor elementor-11156\">\n\t\t\t\t\t\t<section class=\"elementor-section elementor-top-section elementor-element elementor-element-3e573140 elementor-section-boxed elementor-section-height-default elementor-section-height-default\" data-id=\"3e573140\" data-element_type=\"section\" data-e-type=\"section\">\n\t\t\t\t\t\t<div class=\"elementor-container elementor-column-gap-default\">\n\t\t\t\t\t<div class=\"elementor-column elementor-col-100 elementor-top-column elementor-element elementor-element-5431df2e\" data-id=\"5431df2e\" data-element_type=\"column\" data-e-type=\"column\">\n\t\t\t<div class=\"elementor-widget-wrap elementor-element-populated\">\n\t\t\t\t\t\t<div class=\"elementor-element elementor-element-5db06e0a elementor-widget elementor-widget-text-editor\" data-id=\"5db06e0a\" data-element_type=\"widget\" data-e-type=\"widget\" data-widget_type=\"text-editor.default\">\n\t\t\t\t<div class=\"elementor-widget-container\">\n\t\t\t\t\t\t\t\t\t<p style=\"text-align: left;\">Sommerserenade &#8211; heiter vor ausverkauftem Haus<br \/><span style=\"font-size: 70%; font-weight: 500; padding-top: 10px;\">M\u00e4dchenchor begeistert bei Felbers erstem Konzert<\/span><br \/><span style=\"font-size: 40%; font-weight: 500;\">Ver\u00f6ffentlicht: 17.06.2019<\/span><\/p>\t\t\t\t\t\t\t\t<\/div>\n\t\t\t\t<\/div>\n\t\t\t\t\t<\/div>\n\t\t<\/div>\n\t\t\t\t\t<\/div>\n\t\t<\/section>\n\t\t\t\t<section class=\"elementor-section elementor-top-section elementor-element elementor-element-613f66b elementor-section-boxed elementor-section-height-default elementor-section-height-default\" data-id=\"613f66b\" data-element_type=\"section\" data-e-type=\"section\" data-settings=\"{&quot;background_background&quot;:&quot;classic&quot;}\">\n\t\t\t\t\t\t<div class=\"elementor-container elementor-column-gap-default\">\n\t\t\t\t\t<div class=\"elementor-column elementor-col-100 elementor-top-column elementor-element elementor-element-f773fa8\" data-id=\"f773fa8\" data-element_type=\"column\" data-e-type=\"column\">\n\t\t\t<div class=\"elementor-widget-wrap elementor-element-populated\">\n\t\t\t\t\t\t<div class=\"elementor-element elementor-element-f1317c2 elementor-widget elementor-widget-image\" data-id=\"f1317c2\" data-element_type=\"widget\" data-e-type=\"widget\" data-widget_type=\"image.default\">\n\t\t\t\t<div class=\"elementor-widget-container\">\n\t\t\t\t\t\t\t\t\t\t\t\t<figure class=\"wp-caption\">\n\t\t\t\t\t\t\t\t\t\t\t<a href=\"https:\/\/maedchenchor-hannover.de\/wp-content\/uploads\/serenade1-c-Hans-PeterBraun.jpg\" data-elementor-open-lightbox=\"yes\" data-elementor-lightbox-title=\"serenade1-c-Hans-PeterBraun\" data-e-action-hash=\"#elementor-action%3Aaction%3Dlightbox%26settings%3DeyJpZCI6MTExNzMsInVybCI6Imh0dHBzOlwvXC9tYWVkY2hlbmNob3ItaGFubm92ZXIuZGVcL3dwLWNvbnRlbnRcL3VwbG9hZHNcL3NlcmVuYWRlMS1jLUhhbnMtUGV0ZXJCcmF1bi5qcGcifQ%3D%3D\">\n\t\t\t\t\t\t\t<img fetchpriority=\"high\" decoding=\"async\" width=\"1024\" height=\"817\" src=\"https:\/\/maedchenchor-hannover.de\/wp-content\/uploads\/serenade1-c-Hans-PeterBraun-1024x817.jpg\" class=\"attachment-large size-large wp-image-11173\" alt=\"\" srcset=\"https:\/\/maedchenchor-hannover.de\/wp-content\/uploads\/serenade1-c-Hans-PeterBraun-1024x817.jpg 1024w, https:\/\/maedchenchor-hannover.de\/wp-content\/uploads\/serenade1-c-Hans-PeterBraun-300x240.jpg 300w, https:\/\/maedchenchor-hannover.de\/wp-content\/uploads\/serenade1-c-Hans-PeterBraun-768x613.jpg 768w, https:\/\/maedchenchor-hannover.de\/wp-content\/uploads\/serenade1-c-Hans-PeterBraun-830x663.jpg 830w, https:\/\/maedchenchor-hannover.de\/wp-content\/uploads\/serenade1-c-Hans-PeterBraun-230x184.jpg 230w, https:\/\/maedchenchor-hannover.de\/wp-content\/uploads\/serenade1-c-Hans-PeterBraun-350x279.jpg 350w, https:\/\/maedchenchor-hannover.de\/wp-content\/uploads\/serenade1-c-Hans-PeterBraun-480x383.jpg 480w, https:\/\/maedchenchor-hannover.de\/wp-content\/uploads\/serenade1-c-Hans-PeterBraun.jpg 1200w\" sizes=\"(max-width: 1024px) 100vw, 1024px\" \/>\t\t\t\t\t\t\t\t<\/a>\n\t\t\t\t\t\t\t\t\t\t\t<figcaption class=\"widget-image-caption wp-caption-text\">M\u00e4dchenchor Hannover, Christuskirche,  15.6.17 (Foto: Hans-Peter Braun)<\/figcaption>\n\t\t\t\t\t\t\t\t\t\t<\/figure>\n\t\t\t\t\t\t\t\t\t<\/div>\n\t\t\t\t<\/div>\n\t\t\t\t\t<\/div>\n\t\t<\/div>\n\t\t\t\t\t<\/div>\n\t\t<\/section>\n\t\t\t\t<section class=\"elementor-section elementor-top-section elementor-element elementor-element-590fca37 elementor-section-full_width elementor-section-height-default elementor-section-height-default\" data-id=\"590fca37\" data-element_type=\"section\" data-e-type=\"section\" data-settings=\"{&quot;background_background&quot;:&quot;classic&quot;}\">\n\t\t\t\t\t\t<div class=\"elementor-container elementor-column-gap-default\">\n\t\t\t\t\t<div class=\"elementor-column elementor-col-100 elementor-top-column elementor-element elementor-element-48310fa7\" data-id=\"48310fa7\" data-element_type=\"column\" data-e-type=\"column\">\n\t\t\t<div class=\"elementor-widget-wrap elementor-element-populated\">\n\t\t\t\t\t\t<div class=\"elementor-element elementor-element-49d70398 elementor-widget elementor-widget-text-editor\" data-id=\"49d70398\" data-element_type=\"widget\" data-e-type=\"widget\" data-widget_type=\"text-editor.default\">\n\t\t\t\t<div class=\"elementor-widget-container\">\n\t\t\t\t\t\t\t\t\t<p style=\"text-align: left;\"><strong>Hannover<\/strong>. Das erste M\u00e4dchenchor-Konzert unter alleiniger Regie des neuen Chorleiters <strong>Andreas Felber<\/strong> verwandelte den Abend des vergangenen Samstags\u00a0 in eine Klangwelt heiterer Chormusik. Das Publikum in der vollbesetzten Christuskirche Hannover begeisterte sich am musikalischen Spaziergang von romantischer bis moderner Musik, von Heinrich von Herzogenberg und Brahms zu den selten geh\u00f6rten &#8222;Ges\u00e4ngen f\u00fcr Frauenchor&#8220; des Schweizers Hans Huber (glanzvoll begleitet durch <strong>Yi-Ling Shih<\/strong> (Horn) und Fl\u00f6tisten <strong>Tymofii Dei<\/strong>), und von Poulenc und Gershwin bis zu ter Schiphorst, deren f\u00fcr den M\u00e4dchenchor komponierte\u00a0<em>No Sir, we will not\u00a0<\/em> f\u00fcr weiteren, st\u00fcrmischen Applaus sorgte. Dem Konzert schloss sich ein &#8222;Nachklang&#8220; an, ein zwangloses, serenes Zusammentreffen nach dem Konzert, im Freien direkt vor der Kirche. Sekt und Organgensaft, ein paar Kleinigkeiten zum Essen und vor allem &#8211; Zugaben des M\u00e4dchenchors, der nun unter blauem Himmel konzertierte, zur Freude des Publikums und zur Kr\u00f6nung des Hannoveraner Serenadenabends.<\/p>\t\t\t\t\t\t\t\t<\/div>\n\t\t\t\t<\/div>\n\t\t\t\t\t<\/div>\n\t\t<\/div>\n\t\t\t\t\t<\/div>\n\t\t<\/section>\n\t\t\t\t<section class=\"elementor-section elementor-top-section elementor-element elementor-element-b078c4c elementor-section-boxed elementor-section-height-default elementor-section-height-default\" data-id=\"b078c4c\" data-element_type=\"section\" data-e-type=\"section\">\n\t\t\t\t\t\t<div class=\"elementor-container elementor-column-gap-default\">\n\t\t\t\t\t<div class=\"elementor-column elementor-col-100 elementor-top-column elementor-element elementor-element-34c8ae7\" data-id=\"34c8ae7\" data-element_type=\"column\" data-e-type=\"column\">\n\t\t\t<div class=\"elementor-widget-wrap elementor-element-populated\">\n\t\t\t\t\t\t<div class=\"elementor-element elementor-element-2814eb7 elementor-widget elementor-widget-toggle\" data-id=\"2814eb7\" data-element_type=\"widget\" data-e-type=\"widget\" data-widget_type=\"toggle.default\">\n\t\t\t\t<div class=\"elementor-widget-container\">\n\t\t\t\t\t\t\t<div class=\"elementor-toggle\">\n\t\t\t\t\t\t\t<div class=\"elementor-toggle-item\">\n\t\t\t\t\t<div id=\"elementor-tab-title-4201\" class=\"elementor-tab-title\" data-tab=\"1\" role=\"button\" aria-controls=\"elementor-tab-content-4201\" aria-expanded=\"false\">\n\t\t\t\t\t\t\t\t\t\t\t\t<span class=\"elementor-toggle-icon elementor-toggle-icon-left\" aria-hidden=\"true\">\n\t\t\t\t\t\t\t\t\t\t\t\t\t\t\t<span class=\"elementor-toggle-icon-closed\"><i class=\"fas fa-caret-right\"><\/i><\/span>\n\t\t\t\t\t\t\t\t<span class=\"elementor-toggle-icon-opened\"><i class=\"elementor-toggle-icon-opened fas fa-caret-up\"><\/i><\/span>\n\t\t\t\t\t\t\t\t\t\t\t\t\t<\/span>\n\t\t\t\t\t\t\t\t\t\t\t\t<a class=\"elementor-toggle-title\" tabindex=\"0\">Fotos <\/a>\n\t\t\t\t\t<\/div>\n\n\t\t\t\t\t<div id=\"elementor-tab-content-4201\" class=\"elementor-tab-content elementor-clearfix\" data-tab=\"1\" role=\"region\" aria-labelledby=\"elementor-tab-title-4201\"><figure id=\"attachment_11177\" aria-describedby=\"caption-attachment-11177\" style=\"width: 1200px\" class=\"wp-caption aligncenter\"><a href=\"https:\/\/maedchenchor-hannover.de\/wp-content\/uploads\/serenade5-c-jhc.jpg\"><img decoding=\"async\" class=\"wp-image-11177 size-full\" src=\"https:\/\/maedchenchor-hannover.de\/wp-content\/uploads\/serenade5-c-jhc.jpg\" alt=\"\" width=\"1200\" height=\"900\" srcset=\"https:\/\/maedchenchor-hannover.de\/wp-content\/uploads\/serenade5-c-jhc.jpg 1200w, https:\/\/maedchenchor-hannover.de\/wp-content\/uploads\/serenade5-c-jhc-300x225.jpg 300w, https:\/\/maedchenchor-hannover.de\/wp-content\/uploads\/serenade5-c-jhc-768x576.jpg 768w, https:\/\/maedchenchor-hannover.de\/wp-content\/uploads\/serenade5-c-jhc-1024x768.jpg 1024w, https:\/\/maedchenchor-hannover.de\/wp-content\/uploads\/serenade5-c-jhc-830x623.jpg 830w, https:\/\/maedchenchor-hannover.de\/wp-content\/uploads\/serenade5-c-jhc-230x173.jpg 230w, https:\/\/maedchenchor-hannover.de\/wp-content\/uploads\/serenade5-c-jhc-350x263.jpg 350w, https:\/\/maedchenchor-hannover.de\/wp-content\/uploads\/serenade5-c-jhc-480x360.jpg 480w\" sizes=\"(max-width: 1200px) 100vw, 1200px\" \/><\/a><figcaption id=\"caption-attachment-11177\" class=\"wp-caption-text\">Die Serenade in der Christuskirche &#8211; Andreas Felber dirigiert den M\u00e4dchenchor Hannover (Foto: jhc)<\/figcaption><\/figure><figure id=\"attachment_11176\" aria-describedby=\"caption-attachment-11176\" style=\"width: 1200px\" class=\"wp-caption aligncenter\"><a href=\"https:\/\/maedchenchor-hannover.de\/wp-content\/uploads\/serenade4-c-jhc.jpg\"><img decoding=\"async\" class=\"wp-image-11176 size-full\" src=\"https:\/\/maedchenchor-hannover.de\/wp-content\/uploads\/serenade4-c-jhc.jpg\" alt=\"\" width=\"1200\" height=\"900\" srcset=\"https:\/\/maedchenchor-hannover.de\/wp-content\/uploads\/serenade4-c-jhc.jpg 1200w, https:\/\/maedchenchor-hannover.de\/wp-content\/uploads\/serenade4-c-jhc-300x225.jpg 300w, https:\/\/maedchenchor-hannover.de\/wp-content\/uploads\/serenade4-c-jhc-768x576.jpg 768w, https:\/\/maedchenchor-hannover.de\/wp-content\/uploads\/serenade4-c-jhc-1024x768.jpg 1024w, https:\/\/maedchenchor-hannover.de\/wp-content\/uploads\/serenade4-c-jhc-830x623.jpg 830w, https:\/\/maedchenchor-hannover.de\/wp-content\/uploads\/serenade4-c-jhc-230x173.jpg 230w, https:\/\/maedchenchor-hannover.de\/wp-content\/uploads\/serenade4-c-jhc-350x263.jpg 350w, https:\/\/maedchenchor-hannover.de\/wp-content\/uploads\/serenade4-c-jhc-480x360.jpg 480w\" sizes=\"(max-width: 1200px) 100vw, 1200px\" \/><\/a><figcaption id=\"caption-attachment-11176\" class=\"wp-caption-text\">Eine neue Idee: Der M\u00e4dchenchor vor der Kirche: Nach dem Konzert gab es Sekt und Happen &#8211; und mehr Musik (Foto: jhc)<\/figcaption><\/figure><figure id=\"attachment_11174\" aria-describedby=\"caption-attachment-11174\" style=\"width: 1200px\" class=\"wp-caption aligncenter\"><a href=\"https:\/\/maedchenchor-hannover.de\/wp-content\/uploads\/serenade2-c-Hans-PeterBraun.jpg\"><img loading=\"lazy\" decoding=\"async\" class=\"wp-image-11174 size-full\" src=\"https:\/\/maedchenchor-hannover.de\/wp-content\/uploads\/serenade2-c-Hans-PeterBraun.jpg\" alt=\"\" width=\"1200\" height=\"900\" srcset=\"https:\/\/maedchenchor-hannover.de\/wp-content\/uploads\/serenade2-c-Hans-PeterBraun.jpg 1200w, https:\/\/maedchenchor-hannover.de\/wp-content\/uploads\/serenade2-c-Hans-PeterBraun-300x225.jpg 300w, https:\/\/maedchenchor-hannover.de\/wp-content\/uploads\/serenade2-c-Hans-PeterBraun-768x576.jpg 768w, https:\/\/maedchenchor-hannover.de\/wp-content\/uploads\/serenade2-c-Hans-PeterBraun-1024x768.jpg 1024w, https:\/\/maedchenchor-hannover.de\/wp-content\/uploads\/serenade2-c-Hans-PeterBraun-830x623.jpg 830w, https:\/\/maedchenchor-hannover.de\/wp-content\/uploads\/serenade2-c-Hans-PeterBraun-230x173.jpg 230w, https:\/\/maedchenchor-hannover.de\/wp-content\/uploads\/serenade2-c-Hans-PeterBraun-350x263.jpg 350w, https:\/\/maedchenchor-hannover.de\/wp-content\/uploads\/serenade2-c-Hans-PeterBraun-480x360.jpg 480w\" sizes=\"(max-width: 1200px) 100vw, 1200px\" \/><\/a><figcaption id=\"caption-attachment-11174\" class=\"wp-caption-text\">Consolaziun, Sch\u00f6nster Abest\u00e4rn, Ich fahr dahin und V\u00e4rmlandsvisan &#8211; diese Lieder tragen die Chorm\u00e4dchen zum Konzertabschluss unter freiem Himmel vor. (Foto: Hans-Peter Braun)<\/figcaption><\/figure><\/div>\n\t\t\t\t<\/div>\n\t\t\t\t\t\t\t\t<\/div>\n\t\t\t\t\t\t<\/div>\n\t\t\t\t<\/div>\n\t\t\t\t\t<\/div>\n\t\t<\/div>\n\t\t\t\t\t<\/div>\n\t\t<\/section>\n\t\t\t\t<section class=\"elementor-section elementor-top-section elementor-element elementor-element-de78c41 elementor-section-boxed elementor-section-height-default elementor-section-height-default\" data-id=\"de78c41\" data-element_type=\"section\" data-e-type=\"section\">\n\t\t\t\t\t\t<div class=\"elementor-container elementor-column-gap-default\">\n\t\t\t\t\t<div class=\"elementor-column elementor-col-100 elementor-top-column elementor-element elementor-element-cb33af5\" data-id=\"cb33af5\" data-element_type=\"column\" data-e-type=\"column\">\n\t\t\t<div class=\"elementor-widget-wrap elementor-element-populated\">\n\t\t\t\t\t\t<div class=\"elementor-element elementor-element-fa0163b elementor-widget elementor-widget-toggle\" data-id=\"fa0163b\" data-element_type=\"widget\" data-e-type=\"widget\" data-widget_type=\"toggle.default\">\n\t\t\t\t<div class=\"elementor-widget-container\">\n\t\t\t\t\t\t\t<div class=\"elementor-toggle\">\n\t\t\t\t\t\t\t<div class=\"elementor-toggle-item\">\n\t\t\t\t\t<div id=\"elementor-tab-title-2621\" class=\"elementor-tab-title\" data-tab=\"1\" role=\"button\" aria-controls=\"elementor-tab-content-2621\" aria-expanded=\"false\">\n\t\t\t\t\t\t\t\t\t\t\t\t<span class=\"elementor-toggle-icon elementor-toggle-icon-left\" aria-hidden=\"true\">\n\t\t\t\t\t\t\t\t\t\t\t\t\t\t\t<span class=\"elementor-toggle-icon-closed\"><i class=\"fas fa-caret-right\"><\/i><\/span>\n\t\t\t\t\t\t\t\t<span class=\"elementor-toggle-icon-opened\"><i class=\"elementor-toggle-icon-opened fas fa-caret-up\"><\/i><\/span>\n\t\t\t\t\t\t\t\t\t\t\t\t\t<\/span>\n\t\t\t\t\t\t\t\t\t\t\t\t<a class=\"elementor-toggle-title\" tabindex=\"0\">Presse<\/a>\n\t\t\t\t\t<\/div>\n\n\t\t\t\t\t<div id=\"elementor-tab-content-2621\" class=\"elementor-tab-content elementor-clearfix\" data-tab=\"1\" role=\"region\" aria-labelledby=\"elementor-tab-title-2621\"><p>Die HAZ vom 17.6. 19 (hier auch <a href=\"https:\/\/maedchenchor-hannover.de\/wp-content\/uploads\/Ein-St\u00fcck-musikalische-Klimapolitik.pdf\"><span style=\"text-decoration: underline;\">als PDF<\/span><\/a>):<\/p><p><a href=\"https:\/\/maedchenchor-hannover.de\/wp-content\/uploads\/Ein-St\u00fcck-musikalische-Klimapolitik.jpg\"><img loading=\"lazy\" decoding=\"async\" class=\"aligncenter wp-image-11178 size-full\" src=\"https:\/\/maedchenchor-hannover.de\/wp-content\/uploads\/Ein-St\u00fcck-musikalische-Klimapolitik.jpg\" alt=\"\" width=\"2401\" height=\"3641\" srcset=\"https:\/\/maedchenchor-hannover.de\/wp-content\/uploads\/Ein-St\u00fcck-musikalische-Klimapolitik.jpg 2401w, https:\/\/maedchenchor-hannover.de\/wp-content\/uploads\/Ein-St\u00fcck-musikalische-Klimapolitik-198x300.jpg 198w, https:\/\/maedchenchor-hannover.de\/wp-content\/uploads\/Ein-St\u00fcck-musikalische-Klimapolitik-768x1165.jpg 768w, https:\/\/maedchenchor-hannover.de\/wp-content\/uploads\/Ein-St\u00fcck-musikalische-Klimapolitik-675x1024.jpg 675w, https:\/\/maedchenchor-hannover.de\/wp-content\/uploads\/Ein-St\u00fcck-musikalische-Klimapolitik-830x1259.jpg 830w, https:\/\/maedchenchor-hannover.de\/wp-content\/uploads\/Ein-St\u00fcck-musikalische-Klimapolitik-230x349.jpg 230w, https:\/\/maedchenchor-hannover.de\/wp-content\/uploads\/Ein-St\u00fcck-musikalische-Klimapolitik-350x531.jpg 350w, https:\/\/maedchenchor-hannover.de\/wp-content\/uploads\/Ein-St\u00fcck-musikalische-Klimapolitik-480x728.jpg 480w\" sizes=\"(max-width: 2401px) 100vw, 2401px\" \/><\/a><\/p><p>Die Neue Presse am 16. Juni 2019 (hier auch <a href=\"https:\/\/maedchenchor-hannover.de\/wp-content\/uploads\/NeuePresse16Juni2019Sommerserenade.pdf\"><span style=\"text-decoration: underline;\">als PDF<\/span><\/a>):<\/p><p><a href=\"https:\/\/maedchenchor-hannover.de\/wp-content\/uploads\/NeuePresse16Juni2019Sommerserenade.jpg\"><img loading=\"lazy\" decoding=\"async\" class=\"aligncenter wp-image-11180 size-full\" src=\"https:\/\/maedchenchor-hannover.de\/wp-content\/uploads\/NeuePresse16Juni2019Sommerserenade.jpg\" alt=\"\" width=\"722\" height=\"1659\" srcset=\"https:\/\/maedchenchor-hannover.de\/wp-content\/uploads\/NeuePresse16Juni2019Sommerserenade.jpg 722w, https:\/\/maedchenchor-hannover.de\/wp-content\/uploads\/NeuePresse16Juni2019Sommerserenade-131x300.jpg 131w, https:\/\/maedchenchor-hannover.de\/wp-content\/uploads\/NeuePresse16Juni2019Sommerserenade-446x1024.jpg 446w, https:\/\/maedchenchor-hannover.de\/wp-content\/uploads\/NeuePresse16Juni2019Sommerserenade-230x528.jpg 230w, https:\/\/maedchenchor-hannover.de\/wp-content\/uploads\/NeuePresse16Juni2019Sommerserenade-350x804.jpg 350w, https:\/\/maedchenchor-hannover.de\/wp-content\/uploads\/NeuePresse16Juni2019Sommerserenade-480x1103.jpg 480w\" sizes=\"(max-width: 722px) 100vw, 722px\" \/><\/a><\/p><p>\u00a0<\/p><\/div>\n\t\t\t\t<\/div>\n\t\t\t\t\t\t\t\t<\/div>\n\t\t\t\t\t\t<\/div>\n\t\t\t\t<\/div>\n\t\t\t\t\t<\/div>\n\t\t<\/div>\n\t\t\t\t\t<\/div>\n\t\t<\/section>\n\t\t\t\t<section class=\"elementor-section elementor-top-section elementor-element elementor-element-2dc5781c elementor-section-boxed elementor-section-height-default elementor-section-height-default\" data-id=\"2dc5781c\" data-element_type=\"section\" data-e-type=\"section\">\n\t\t\t\t\t\t<div class=\"elementor-container elementor-column-gap-default\">\n\t\t\t\t\t<div class=\"elementor-column elementor-col-100 elementor-top-column elementor-element elementor-element-3d28409a\" data-id=\"3d28409a\" data-element_type=\"column\" data-e-type=\"column\">\n\t\t\t<div class=\"elementor-widget-wrap elementor-element-populated\">\n\t\t\t\t\t\t<div class=\"elementor-element elementor-element-270d828 elementor-align-right elementor-widget elementor-widget-button\" data-id=\"270d828\" data-element_type=\"widget\" data-e-type=\"widget\" data-widget_type=\"button.default\">\n\t\t\t\t<div class=\"elementor-widget-container\">\n\t\t\t\t\t\t\t\t\t<div class=\"elementor-button-wrapper\">\n\t\t\t\t\t<a class=\"elementor-button elementor-button-link elementor-size-xs elementor-animation-grow\" href=\"https:\/\/maedchenchor-hannover.de\/2019\/06\/13\/sommerserenade\/#serenade2019\">\n\t\t\t\t\t\t<span class=\"elementor-button-content-wrapper\">\n\t\t\t\t\t\t<span class=\"elementor-button-icon\">\n\t\t\t\t\t\t\t\t\t<i class=\"fa fa-angle-double-right\" aria-hidden=\"true\"><\/i>\n\t\t\t\t\t\t\t<\/span>\n\t\t\t\t\t\t\t\t\t<span class=\"elementor-button-text\">Kommentieren <\/span>\n\t\t\t\t\t<\/span>\n\t\t\t\t\t<\/a>\n\t\t\t\t<\/div>\n\t\t\t\t\t\t\t\t<\/div>\n\t\t\t\t<\/div>\n\t\t\t\t\t<\/div>\n\t\t<\/div>\n\t\t\t\t\t<\/div>\n\t\t<\/section>\n\t\t\t\t<section class=\"elementor-section elementor-top-section elementor-element elementor-element-5a589f08 elementor-section-boxed elementor-section-height-default elementor-section-height-default\" data-id=\"5a589f08\" data-element_type=\"section\" data-e-type=\"section\">\n\t\t\t\t\t\t<div class=\"elementor-container elementor-column-gap-default\">\n\t\t\t\t\t<div class=\"elementor-column elementor-col-100 elementor-top-column elementor-element elementor-element-36ab3fa5\" data-id=\"36ab3fa5\" data-element_type=\"column\" data-e-type=\"column\">\n\t\t\t<div class=\"elementor-widget-wrap elementor-element-populated\">\n\t\t\t\t\t\t<div class=\"elementor-element elementor-element-4165756b elementor-widget elementor-widget-menu-anchor\" data-id=\"4165756b\" data-element_type=\"widget\" data-e-type=\"widget\" data-widget_type=\"menu-anchor.default\">\n\t\t\t\t<div class=\"elementor-widget-container\">\n\t\t\t\t\t\t\t<div class=\"elementor-menu-anchor\" id=\"serenade2019\"><\/div>\n\t\t\t\t\t\t<\/div>\n\t\t\t\t<\/div>\n\t\t\t\t\t<\/div>\n\t\t<\/div>\n\t\t\t\t\t<\/div>\n\t\t<\/section>\n\t\t\t\t<\/div>\n\t\t","protected":false},"excerpt":{"rendered":"<p>Sommerserenade &#8211; heiter vor ausverkauftem HausM\u00e4dchenchor begeistert bei Felbers erstem [&hellip;]<\/p>\n","protected":false},"author":1,"featured_media":0,"comment_status":"open","ping_status":"closed","sticky":false,"template":"","format":"standard","meta":{"footnotes":""},"categories":[2],"tags":[],"class_list":["post-11156","post","type-post","status-publish","format-standard","hentry","category-news"],"_links":{"self":[{"href":"https:\/\/maedchenchor-hannover.de\/index.php?rest_route=\/wp\/v2\/posts\/11156","targetHints":{"allow":["GET"]}}],"collection":[{"href":"https:\/\/maedchenchor-hannover.de\/index.php?rest_route=\/wp\/v2\/posts"}],"about":[{"href":"https:\/\/maedchenchor-hannover.de\/index.php?rest_route=\/wp\/v2\/types\/post"}],"author":[{"embeddable":true,"href":"https:\/\/maedchenchor-hannover.de\/index.php?rest_route=\/wp\/v2\/users\/1"}],"replies":[{"embeddable":true,"href":"https:\/\/maedchenchor-hannover.de\/index.php?rest_route=%2Fwp%2Fv2%2Fcomments&post=11156"}],"version-history":[{"count":21,"href":"https:\/\/maedchenchor-hannover.de\/index.php?rest_route=\/wp\/v2\/posts\/11156\/revisions"}],"predecessor-version":[{"id":12729,"href":"https:\/\/maedchenchor-hannover.de\/index.php?rest_route=\/wp\/v2\/posts\/11156\/revisions\/12729"}],"wp:attachment":[{"href":"https:\/\/maedchenchor-hannover.de\/index.php?rest_route=%2Fwp%2Fv2%2Fmedia&parent=11156"}],"wp:term":[{"taxonomy":"category","embeddable":true,"href":"https:\/\/maedchenchor-hannover.de\/index.php?rest_route=%2Fwp%2Fv2%2Fcategories&post=11156"},{"taxonomy":"post_tag","embeddable":true,"href":"https:\/\/maedchenchor-hannover.de\/index.php?rest_route=%2Fwp%2Fv2%2Ftags&post=11156"}],"curies":[{"name":"wp","href":"https:\/\/api.w.org\/{rel}","templated":true}]}}