{"id":10145,"date":"2018-11-25T00:41:18","date_gmt":"2018-11-24T23:41:18","guid":{"rendered":"https:\/\/maedchenchor-hannover.de\/?p=10145"},"modified":"2018-11-27T11:05:29","modified_gmt":"2018-11-27T10:05:29","slug":"manze-salonfestival","status":"publish","type":"post","link":"https:\/\/maedchenchor-hannover.de\/?p=10145","title":{"rendered":"Andrew Manze Salonfestival mit dem M\u00e4dchenchor"},"content":{"rendered":"\t\t<div data-elementor-type=\"wp-post\" data-elementor-id=\"10145\" class=\"elementor elementor-10145 elementor-bc-flex-widget\">\n\t\t\t\t\t\t<section class=\"elementor-section elementor-top-section elementor-element elementor-element-ca7cb6a elementor-section-boxed elementor-section-height-default elementor-section-height-default\" data-id=\"ca7cb6a\" data-element_type=\"section\" data-e-type=\"section\">\n\t\t\t\t\t\t<div class=\"elementor-container elementor-column-gap-default\">\n\t\t\t\t\t<div class=\"elementor-column elementor-col-100 elementor-top-column elementor-element elementor-element-4a133f34\" data-id=\"4a133f34\" data-element_type=\"column\" data-e-type=\"column\">\n\t\t\t<div class=\"elementor-widget-wrap elementor-element-populated\">\n\t\t\t\t\t\t<div class=\"elementor-element elementor-element-70a060e2 elementor-widget elementor-widget-text-editor\" data-id=\"70a060e2\" data-element_type=\"widget\" data-e-type=\"widget\" data-widget_type=\"text-editor.default\">\n\t\t\t\t<div class=\"elementor-widget-container\">\n\t\t\t\t\t\t\t\t\t<p style=\"text-align: left;\">&#8222;Was du im Herzen hast, singe!&#8220;<br \/><span style=\"font-size: 70%; font-weight: 500; padding-top: 10px;\">Andrew Manze ganz pers\u00f6nlich &#8211; als\u00a0 Gast beim M\u00e4dchenchor <\/span><br \/><span style=\"font-size: 40%; font-weight: 500;\">Ver\u00f6ffentlicht: 25.11.2018<\/span><\/p>\t\t\t\t\t\t\t\t<\/div>\n\t\t\t\t<\/div>\n\t\t\t\t\t<\/div>\n\t\t<\/div>\n\t\t\t\t\t<\/div>\n\t\t<\/section>\n\t\t\t\t<section class=\"elementor-section elementor-top-section elementor-element elementor-element-4140c9f7 elementor-section-boxed elementor-section-height-default elementor-section-height-default\" data-id=\"4140c9f7\" data-element_type=\"section\" data-e-type=\"section\" data-settings=\"{&quot;background_background&quot;:&quot;classic&quot;}\">\n\t\t\t\t\t\t<div class=\"elementor-container elementor-column-gap-default\">\n\t\t\t\t\t<div class=\"elementor-column elementor-col-100 elementor-top-column elementor-element elementor-element-500652f\" data-id=\"500652f\" data-element_type=\"column\" data-e-type=\"column\">\n\t\t\t<div class=\"elementor-widget-wrap elementor-element-populated\">\n\t\t\t\t\t\t<div class=\"elementor-element elementor-element-50811f17 elementor-widget elementor-widget-image\" data-id=\"50811f17\" data-element_type=\"widget\" data-e-type=\"widget\" data-widget_type=\"image.default\">\n\t\t\t\t<div class=\"elementor-widget-container\">\n\t\t\t\t\t\t\t\t\t\t\t\t<figure class=\"wp-caption\">\n\t\t\t\t\t\t\t\t\t\t\t<a href=\"https:\/\/maedchenchor-hannover.de\/wp-content\/uploads\/181124_ManzeSalonFestival-2.jpg\" data-elementor-open-lightbox=\"yes\" data-elementor-lightbox-title=\"181124_ManzeSalonFestival (2)\" data-e-action-hash=\"#elementor-action%3Aaction%3Dlightbox%26settings%3DeyJpZCI6MTAxNDYsInVybCI6Imh0dHBzOlwvXC9tYWVkY2hlbmNob3ItaGFubm92ZXIuZGVcL3dwLWNvbnRlbnRcL3VwbG9hZHNcLzE4MTEyNF9NYW56ZVNhbG9uRmVzdGl2YWwtMi5qcGcifQ%3D%3D\">\n\t\t\t\t\t\t\t<img fetchpriority=\"high\" decoding=\"async\" width=\"1024\" height=\"768\" src=\"https:\/\/maedchenchor-hannover.de\/wp-content\/uploads\/181124_ManzeSalonFestival-2-1024x768.jpg\" class=\"attachment-large size-large wp-image-10146\" alt=\"\" srcset=\"https:\/\/maedchenchor-hannover.de\/wp-content\/uploads\/181124_ManzeSalonFestival-2-1024x768.jpg 1024w, https:\/\/maedchenchor-hannover.de\/wp-content\/uploads\/181124_ManzeSalonFestival-2-300x225.jpg 300w, https:\/\/maedchenchor-hannover.de\/wp-content\/uploads\/181124_ManzeSalonFestival-2-768x576.jpg 768w, https:\/\/maedchenchor-hannover.de\/wp-content\/uploads\/181124_ManzeSalonFestival-2-830x623.jpg 830w, https:\/\/maedchenchor-hannover.de\/wp-content\/uploads\/181124_ManzeSalonFestival-2-230x173.jpg 230w, https:\/\/maedchenchor-hannover.de\/wp-content\/uploads\/181124_ManzeSalonFestival-2-350x263.jpg 350w, https:\/\/maedchenchor-hannover.de\/wp-content\/uploads\/181124_ManzeSalonFestival-2-480x360.jpg 480w, https:\/\/maedchenchor-hannover.de\/wp-content\/uploads\/181124_ManzeSalonFestival-2.jpg 1066w\" sizes=\"(max-width: 1024px) 100vw, 1024px\" \/>\t\t\t\t\t\t\t\t<\/a>\n\t\t\t\t\t\t\t\t\t\t\t<figcaption class=\"widget-image-caption wp-caption-text\">Chefdirigent Andrew Manze im Gespr\u00e4ch mit Friederike Westerhaus, 24.11.18 (Foto: jhc)<\/figcaption>\n\t\t\t\t\t\t\t\t\t\t<\/figure>\n\t\t\t\t\t\t\t\t\t<\/div>\n\t\t\t\t<\/div>\n\t\t\t\t\t<\/div>\n\t\t<\/div>\n\t\t\t\t\t<\/div>\n\t\t<\/section>\n\t\t\t\t<section class=\"elementor-section elementor-top-section elementor-element elementor-element-29d54914 elementor-section-full_width elementor-section-height-default elementor-section-height-default\" data-id=\"29d54914\" data-element_type=\"section\" data-e-type=\"section\" data-settings=\"{&quot;background_background&quot;:&quot;classic&quot;}\">\n\t\t\t\t\t\t<div class=\"elementor-container elementor-column-gap-default\">\n\t\t\t\t\t<div class=\"elementor-column elementor-col-100 elementor-top-column elementor-element elementor-element-7ce9f295\" data-id=\"7ce9f295\" data-element_type=\"column\" data-e-type=\"column\">\n\t\t\t<div class=\"elementor-widget-wrap elementor-element-populated\">\n\t\t\t\t\t\t<div class=\"elementor-element elementor-element-21134008 elementor-widget elementor-widget-text-editor\" data-id=\"21134008\" data-element_type=\"widget\" data-e-type=\"widget\" data-widget_type=\"text-editor.default\">\n\t\t\t\t<div class=\"elementor-widget-container\">\n\t\t\t\t\t\t\t\t\t<p style=\"text-align: left;\"><strong>Hannover<\/strong>. Wie wird ein Profi-Orchester gef\u00fchrt, wie inspiriert man einen Spitzenchor?\u00a0 Das gestrige <strong>Salonfestival<\/strong> in der Christuskirche bot den Musikinteressierten in dem restlos gef\u00fcllten Chorsaal des M\u00e4dchenchor Hannover zur gleichen Zeit <strong>Konzert, Workshop und Interview<\/strong> &#8211;\u00a0 h\u00f6chster kultureller Genuss in dichter Folge!<\/p><p style=\"text-align: left;\">Gast und Mittelpunkt des Abends war kein Geringerer als <strong>NDR-Chefdirigent Andrew Manze<\/strong>, dem Moderatorin <strong>Friederike Westerhaus<\/strong> auf der B\u00fchne im perfekt zweisprachig gef\u00fchrten Dialog viel Pers\u00f6nliches, ja Emotionales, entlocken konnte. Waren es die exzellenten musikalischen\u00a0 Darbietungen des M\u00e4dchenchors (Werke von Rossini, Caplet, Poulenc, Schumann und Rheinberger) unter Leitung von <strong>Gudrun Schr\u00f6fel<\/strong> und <strong>Andreas Felber<\/strong>, oder Manzes Einstudieren von &#8222;War Requiem&#8220;-Passagen coram publico &#8211; der Chefdirigent der NDR-Radiophilharmonie zeigte sich im anschlie\u00dfenden Gespr\u00e4ch interessiert, eindringlich und enthusiastisch. Faszinierten die Schilderungen seines pers\u00f6nlichen Werdegangs als Violinist und Dirigent mit absoluter Passion f\u00fcr Musik, so ber\u00fchrte doch am meisten seine Hingabe zu den Musikern, die er f\u00fchrt. &#8222;Die k\u00f6nnen schon alles&#8220;, so Manze, &#8222;ich sage ihnen nur, mit ihrem Herzen die Musik zum Klang zu bringen.&#8220;<\/p><p style=\"text-align: left;\">Das Publikum dankte allen K\u00fcnstlern mit gro\u00dfem Applaus.<\/p>\t\t\t\t\t\t\t\t<\/div>\n\t\t\t\t<\/div>\n\t\t\t\t\t<\/div>\n\t\t<\/div>\n\t\t\t\t\t<\/div>\n\t\t<\/section>\n\t\t\t\t<section class=\"elementor-section elementor-top-section elementor-element elementor-element-565796fc elementor-section-boxed elementor-section-height-default elementor-section-height-default\" data-id=\"565796fc\" data-element_type=\"section\" data-e-type=\"section\">\n\t\t\t\t\t\t<div class=\"elementor-container elementor-column-gap-default\">\n\t\t\t\t\t<div class=\"elementor-column elementor-col-100 elementor-top-column elementor-element elementor-element-7fbadeee\" data-id=\"7fbadeee\" data-element_type=\"column\" data-e-type=\"column\">\n\t\t\t<div class=\"elementor-widget-wrap elementor-element-populated\">\n\t\t\t\t\t\t<div class=\"elementor-element elementor-element-5d6afbff elementor-widget elementor-widget-toggle\" data-id=\"5d6afbff\" data-element_type=\"widget\" data-e-type=\"widget\" data-widget_type=\"toggle.default\">\n\t\t\t\t<div class=\"elementor-widget-container\">\n\t\t\t\t\t\t\t<div class=\"elementor-toggle\">\n\t\t\t\t\t\t\t<div class=\"elementor-toggle-item\">\n\t\t\t\t\t<div id=\"elementor-tab-title-1561\" class=\"elementor-tab-title\" data-tab=\"1\" role=\"button\" aria-controls=\"elementor-tab-content-1561\" aria-expanded=\"false\">\n\t\t\t\t\t\t\t\t\t\t\t\t<span class=\"elementor-toggle-icon elementor-toggle-icon-left\" aria-hidden=\"true\">\n\t\t\t\t\t\t\t\t\t\t\t\t\t\t\t<span class=\"elementor-toggle-icon-closed\"><i class=\"fas fa-caret-right\"><\/i><\/span>\n\t\t\t\t\t\t\t\t<span class=\"elementor-toggle-icon-opened\"><i class=\"elementor-toggle-icon-opened fas fa-caret-up\"><\/i><\/span>\n\t\t\t\t\t\t\t\t\t\t\t\t\t<\/span>\n\t\t\t\t\t\t\t\t\t\t\t\t<a class=\"elementor-toggle-title\" tabindex=\"0\">Fotos <\/a>\n\t\t\t\t\t<\/div>\n\n\t\t\t\t\t<div id=\"elementor-tab-content-1561\" class=\"elementor-tab-content elementor-clearfix\" data-tab=\"1\" role=\"region\" aria-labelledby=\"elementor-tab-title-1561\"><figure id=\"attachment_10155\" aria-describedby=\"caption-attachment-10155\" style=\"width: 1066px\" class=\"wp-caption aligncenter\"><a href=\"https:\/\/maedchenchor-hannover.de\/wp-content\/uploads\/181124_ManzeSalonFestival-18.jpg\"><img decoding=\"async\" class=\"wp-image-10155 size-full\" src=\"https:\/\/maedchenchor-hannover.de\/wp-content\/uploads\/181124_ManzeSalonFestival-18.jpg\" alt=\"\" width=\"1066\" height=\"800\" srcset=\"https:\/\/maedchenchor-hannover.de\/wp-content\/uploads\/181124_ManzeSalonFestival-18.jpg 1066w, https:\/\/maedchenchor-hannover.de\/wp-content\/uploads\/181124_ManzeSalonFestival-18-300x225.jpg 300w, https:\/\/maedchenchor-hannover.de\/wp-content\/uploads\/181124_ManzeSalonFestival-18-768x576.jpg 768w, https:\/\/maedchenchor-hannover.de\/wp-content\/uploads\/181124_ManzeSalonFestival-18-1024x768.jpg 1024w, https:\/\/maedchenchor-hannover.de\/wp-content\/uploads\/181124_ManzeSalonFestival-18-830x623.jpg 830w, https:\/\/maedchenchor-hannover.de\/wp-content\/uploads\/181124_ManzeSalonFestival-18-230x173.jpg 230w, https:\/\/maedchenchor-hannover.de\/wp-content\/uploads\/181124_ManzeSalonFestival-18-350x263.jpg 350w, https:\/\/maedchenchor-hannover.de\/wp-content\/uploads\/181124_ManzeSalonFestival-18-480x360.jpg 480w\" sizes=\"(max-width: 1066px) 100vw, 1066px\" \/><\/a><figcaption id=\"caption-attachment-10155\" class=\"wp-caption-text\">Der M\u00e4dchenchor Hannover unter Leitung von Gudrun Schr\u00f6fel und Andreas Felber brilliert beim Salonfestival am 24.11.18<\/figcaption><\/figure><figure id=\"attachment_10160\" aria-describedby=\"caption-attachment-10160\" style=\"width: 800px\" class=\"wp-caption aligncenter\"><a href=\"https:\/\/maedchenchor-hannover.de\/wp-content\/uploads\/181124_ManzeSalonFestival-11.jpg\"><img decoding=\"async\" class=\"wp-image-10160 size-full\" src=\"https:\/\/maedchenchor-hannover.de\/wp-content\/uploads\/181124_ManzeSalonFestival-11.jpg\" alt=\"\" width=\"800\" height=\"1066\" srcset=\"https:\/\/maedchenchor-hannover.de\/wp-content\/uploads\/181124_ManzeSalonFestival-11.jpg 800w, https:\/\/maedchenchor-hannover.de\/wp-content\/uploads\/181124_ManzeSalonFestival-11-225x300.jpg 225w, https:\/\/maedchenchor-hannover.de\/wp-content\/uploads\/181124_ManzeSalonFestival-11-768x1024.jpg 768w, https:\/\/maedchenchor-hannover.de\/wp-content\/uploads\/181124_ManzeSalonFestival-11-230x306.jpg 230w, https:\/\/maedchenchor-hannover.de\/wp-content\/uploads\/181124_ManzeSalonFestival-11-350x466.jpg 350w, https:\/\/maedchenchor-hannover.de\/wp-content\/uploads\/181124_ManzeSalonFestival-11-480x640.jpg 480w\" sizes=\"(max-width: 800px) 100vw, 800px\" \/><\/a><figcaption id=\"caption-attachment-10160\" class=\"wp-caption-text\">M\u00e4dchenchor mit Gastdirigent. Andrew Manze demonstriert live Probenarbeit mit den Chors\u00e4ngerinnen.<\/figcaption><\/figure><figure id=\"attachment_10168\" aria-describedby=\"caption-attachment-10168\" style=\"width: 1200px\" class=\"wp-caption aligncenter\"><a href=\"https:\/\/maedchenchor-hannover.de\/wp-content\/uploads\/DSC_0818_1.jpg\"><img loading=\"lazy\" decoding=\"async\" class=\"wp-image-10168 size-full\" src=\"https:\/\/maedchenchor-hannover.de\/wp-content\/uploads\/DSC_0818_1.jpg\" alt=\"\" width=\"1200\" height=\"797\" srcset=\"https:\/\/maedchenchor-hannover.de\/wp-content\/uploads\/DSC_0818_1.jpg 1200w, https:\/\/maedchenchor-hannover.de\/wp-content\/uploads\/DSC_0818_1-300x199.jpg 300w, https:\/\/maedchenchor-hannover.de\/wp-content\/uploads\/DSC_0818_1-768x510.jpg 768w, https:\/\/maedchenchor-hannover.de\/wp-content\/uploads\/DSC_0818_1-1024x680.jpg 1024w, https:\/\/maedchenchor-hannover.de\/wp-content\/uploads\/DSC_0818_1-830x551.jpg 830w, https:\/\/maedchenchor-hannover.de\/wp-content\/uploads\/DSC_0818_1-230x153.jpg 230w, https:\/\/maedchenchor-hannover.de\/wp-content\/uploads\/DSC_0818_1-350x232.jpg 350w, https:\/\/maedchenchor-hannover.de\/wp-content\/uploads\/DSC_0818_1-480x319.jpg 480w\" sizes=\"(max-width: 1200px) 100vw, 1200px\" \/><\/a><figcaption id=\"caption-attachment-10168\" class=\"wp-caption-text\">Livedemo II: Andrew Manze geht auf die Stimmgruppen ein. (Foto: Joern Christian Scholl)<\/figcaption><\/figure><figure id=\"attachment_10147\" aria-describedby=\"caption-attachment-10147\" style=\"width: 1066px\" class=\"wp-caption aligncenter\"><a href=\"https:\/\/maedchenchor-hannover.de\/wp-content\/uploads\/181124_ManzeSalonFestival-1.jpg\"><img loading=\"lazy\" decoding=\"async\" class=\"wp-image-10147 size-full\" src=\"https:\/\/maedchenchor-hannover.de\/wp-content\/uploads\/181124_ManzeSalonFestival-1.jpg\" alt=\"\" width=\"1066\" height=\"800\" srcset=\"https:\/\/maedchenchor-hannover.de\/wp-content\/uploads\/181124_ManzeSalonFestival-1.jpg 1066w, https:\/\/maedchenchor-hannover.de\/wp-content\/uploads\/181124_ManzeSalonFestival-1-300x225.jpg 300w, https:\/\/maedchenchor-hannover.de\/wp-content\/uploads\/181124_ManzeSalonFestival-1-768x576.jpg 768w, https:\/\/maedchenchor-hannover.de\/wp-content\/uploads\/181124_ManzeSalonFestival-1-1024x768.jpg 1024w, https:\/\/maedchenchor-hannover.de\/wp-content\/uploads\/181124_ManzeSalonFestival-1-830x623.jpg 830w, https:\/\/maedchenchor-hannover.de\/wp-content\/uploads\/181124_ManzeSalonFestival-1-230x173.jpg 230w, https:\/\/maedchenchor-hannover.de\/wp-content\/uploads\/181124_ManzeSalonFestival-1-350x263.jpg 350w, https:\/\/maedchenchor-hannover.de\/wp-content\/uploads\/181124_ManzeSalonFestival-1-480x360.jpg 480w\" sizes=\"(max-width: 1066px) 100vw, 1066px\" \/><\/a><figcaption id=\"caption-attachment-10147\" class=\"wp-caption-text\">Zuh\u00f6rerinnen rund um Manze &#8211; S\u00e4ngerinnen des M\u00e4dchenchors und das Publikum beim Dialog von Manze mit Moderatorin Friederike Westerhaus<\/figcaption><\/figure><figure id=\"attachment_10170\" aria-describedby=\"caption-attachment-10170\" style=\"width: 1200px\" class=\"wp-caption aligncenter\"><a href=\"https:\/\/maedchenchor-hannover.de\/wp-content\/uploads\/DSC_0801-Z_1.jpg\"><img loading=\"lazy\" decoding=\"async\" class=\"wp-image-10170 size-full\" src=\"https:\/\/maedchenchor-hannover.de\/wp-content\/uploads\/DSC_0801-Z_1.jpg\" alt=\"\" width=\"1200\" height=\"797\" srcset=\"https:\/\/maedchenchor-hannover.de\/wp-content\/uploads\/DSC_0801-Z_1.jpg 1200w, https:\/\/maedchenchor-hannover.de\/wp-content\/uploads\/DSC_0801-Z_1-300x199.jpg 300w, https:\/\/maedchenchor-hannover.de\/wp-content\/uploads\/DSC_0801-Z_1-768x510.jpg 768w, https:\/\/maedchenchor-hannover.de\/wp-content\/uploads\/DSC_0801-Z_1-1024x680.jpg 1024w, https:\/\/maedchenchor-hannover.de\/wp-content\/uploads\/DSC_0801-Z_1-830x551.jpg 830w, https:\/\/maedchenchor-hannover.de\/wp-content\/uploads\/DSC_0801-Z_1-230x153.jpg 230w, https:\/\/maedchenchor-hannover.de\/wp-content\/uploads\/DSC_0801-Z_1-350x232.jpg 350w, https:\/\/maedchenchor-hannover.de\/wp-content\/uploads\/DSC_0801-Z_1-480x319.jpg 480w\" sizes=\"(max-width: 1200px) 100vw, 1200px\" \/><\/a><figcaption id=\"caption-attachment-10170\" class=\"wp-caption-text\">Beim Gespr\u00e4ch von Westerhaus und Manze: S\u00e4ngerinnen Marilou P\u00fcschel, Emily Mohamadi, Imke Constapel und Elise Malcher (Foto: Joern Christian Scholl)<\/figcaption><\/figure><figure id=\"attachment_10149\" aria-describedby=\"caption-attachment-10149\" style=\"width: 800px\" class=\"wp-caption aligncenter\"><a href=\"https:\/\/maedchenchor-hannover.de\/wp-content\/uploads\/181124_ManzeSalonFestival-3.jpg\"><img loading=\"lazy\" decoding=\"async\" class=\"wp-image-10149 size-full\" src=\"https:\/\/maedchenchor-hannover.de\/wp-content\/uploads\/181124_ManzeSalonFestival-3.jpg\" alt=\"\" width=\"800\" height=\"1066\" srcset=\"https:\/\/maedchenchor-hannover.de\/wp-content\/uploads\/181124_ManzeSalonFestival-3.jpg 800w, https:\/\/maedchenchor-hannover.de\/wp-content\/uploads\/181124_ManzeSalonFestival-3-225x300.jpg 225w, https:\/\/maedchenchor-hannover.de\/wp-content\/uploads\/181124_ManzeSalonFestival-3-768x1024.jpg 768w, https:\/\/maedchenchor-hannover.de\/wp-content\/uploads\/181124_ManzeSalonFestival-3-230x306.jpg 230w, https:\/\/maedchenchor-hannover.de\/wp-content\/uploads\/181124_ManzeSalonFestival-3-350x466.jpg 350w, https:\/\/maedchenchor-hannover.de\/wp-content\/uploads\/181124_ManzeSalonFestival-3-480x640.jpg 480w\" sizes=\"(max-width: 800px) 100vw, 800px\" \/><\/a><figcaption id=\"caption-attachment-10149\" class=\"wp-caption-text\">&#8222;Dirigieren ist Motivieren&#8230;&#8220;, so Manze,&#8230;<\/figcaption><\/figure><figure id=\"attachment_10150\" aria-describedby=\"caption-attachment-10150\" style=\"width: 800px\" class=\"wp-caption aligncenter\"><a href=\"https:\/\/maedchenchor-hannover.de\/wp-content\/uploads\/181124_ManzeSalonFestival-4.jpg\"><img loading=\"lazy\" decoding=\"async\" class=\"wp-image-10150 size-full\" src=\"https:\/\/maedchenchor-hannover.de\/wp-content\/uploads\/181124_ManzeSalonFestival-4.jpg\" alt=\"\" width=\"800\" height=\"1066\" srcset=\"https:\/\/maedchenchor-hannover.de\/wp-content\/uploads\/181124_ManzeSalonFestival-4.jpg 800w, https:\/\/maedchenchor-hannover.de\/wp-content\/uploads\/181124_ManzeSalonFestival-4-225x300.jpg 225w, https:\/\/maedchenchor-hannover.de\/wp-content\/uploads\/181124_ManzeSalonFestival-4-768x1024.jpg 768w, https:\/\/maedchenchor-hannover.de\/wp-content\/uploads\/181124_ManzeSalonFestival-4-230x306.jpg 230w, https:\/\/maedchenchor-hannover.de\/wp-content\/uploads\/181124_ManzeSalonFestival-4-350x466.jpg 350w, https:\/\/maedchenchor-hannover.de\/wp-content\/uploads\/181124_ManzeSalonFestival-4-480x640.jpg 480w\" sizes=\"(max-width: 800px) 100vw, 800px\" \/><\/a><figcaption id=\"caption-attachment-10150\" class=\"wp-caption-text\">&#8230;&#8220;und in Bildern auszudr\u00fccken&#8220;&#8230;<\/figcaption><\/figure><figure id=\"attachment_10151\" aria-describedby=\"caption-attachment-10151\" style=\"width: 1066px\" class=\"wp-caption aligncenter\"><a href=\"https:\/\/maedchenchor-hannover.de\/wp-content\/uploads\/181124_ManzeSalonFestival-5.jpg\"><img loading=\"lazy\" decoding=\"async\" class=\"wp-image-10151 size-full\" src=\"https:\/\/maedchenchor-hannover.de\/wp-content\/uploads\/181124_ManzeSalonFestival-5.jpg\" alt=\"\" width=\"1066\" height=\"800\" srcset=\"https:\/\/maedchenchor-hannover.de\/wp-content\/uploads\/181124_ManzeSalonFestival-5.jpg 1066w, https:\/\/maedchenchor-hannover.de\/wp-content\/uploads\/181124_ManzeSalonFestival-5-300x225.jpg 300w, https:\/\/maedchenchor-hannover.de\/wp-content\/uploads\/181124_ManzeSalonFestival-5-768x576.jpg 768w, https:\/\/maedchenchor-hannover.de\/wp-content\/uploads\/181124_ManzeSalonFestival-5-1024x768.jpg 1024w, https:\/\/maedchenchor-hannover.de\/wp-content\/uploads\/181124_ManzeSalonFestival-5-830x623.jpg 830w, https:\/\/maedchenchor-hannover.de\/wp-content\/uploads\/181124_ManzeSalonFestival-5-230x173.jpg 230w, https:\/\/maedchenchor-hannover.de\/wp-content\/uploads\/181124_ManzeSalonFestival-5-350x263.jpg 350w, https:\/\/maedchenchor-hannover.de\/wp-content\/uploads\/181124_ManzeSalonFestival-5-480x360.jpg 480w\" sizes=\"(max-width: 1066px) 100vw, 1066px\" \/><\/a><figcaption id=\"caption-attachment-10151\" class=\"wp-caption-text\">&#8230;&#8220;was die Musiker sowieso schon im Herzen tragen&#8220;<\/figcaption><\/figure><p><span style=\"font-size: .7em;\">(Fotos: wenn nicht anders angegeben:jhc)<\/span><\/p><\/div>\n\t\t\t\t<\/div>\n\t\t\t\t\t\t\t\t<\/div>\n\t\t\t\t\t\t<\/div>\n\t\t\t\t<\/div>\n\t\t\t\t\t<\/div>\n\t\t<\/div>\n\t\t\t\t\t<\/div>\n\t\t<\/section>\n\t\t\t\t<section class=\"elementor-section elementor-top-section elementor-element elementor-element-3a0738e1 elementor-section-boxed elementor-section-height-default elementor-section-height-default\" data-id=\"3a0738e1\" data-element_type=\"section\" data-e-type=\"section\">\n\t\t\t\t\t\t<div class=\"elementor-container elementor-column-gap-default\">\n\t\t\t\t\t<div class=\"elementor-column elementor-col-100 elementor-top-column elementor-element elementor-element-cf7c59b\" data-id=\"cf7c59b\" data-element_type=\"column\" data-e-type=\"column\">\n\t\t\t<div class=\"elementor-widget-wrap elementor-element-populated\">\n\t\t\t\t\t\t<div class=\"elementor-element elementor-element-235b2371 elementor-widget elementor-widget-toggle\" data-id=\"235b2371\" data-element_type=\"widget\" data-e-type=\"widget\" data-widget_type=\"toggle.default\">\n\t\t\t\t<div class=\"elementor-widget-container\">\n\t\t\t\t\t\t\t<div class=\"elementor-toggle\">\n\t\t\t\t\t\t\t<div class=\"elementor-toggle-item\">\n\t\t\t\t\t<div id=\"elementor-tab-title-5931\" class=\"elementor-tab-title\" data-tab=\"1\" role=\"button\" aria-controls=\"elementor-tab-content-5931\" aria-expanded=\"false\">\n\t\t\t\t\t\t\t\t\t\t\t\t<span class=\"elementor-toggle-icon elementor-toggle-icon-left\" aria-hidden=\"true\">\n\t\t\t\t\t\t\t\t\t\t\t\t\t\t\t<span class=\"elementor-toggle-icon-closed\"><i class=\"fas fa-caret-right\"><\/i><\/span>\n\t\t\t\t\t\t\t\t<span class=\"elementor-toggle-icon-opened\"><i class=\"elementor-toggle-icon-opened fas fa-caret-up\"><\/i><\/span>\n\t\t\t\t\t\t\t\t\t\t\t\t\t<\/span>\n\t\t\t\t\t\t\t\t\t\t\t\t<a class=\"elementor-toggle-title\" tabindex=\"0\">Zuschauerreaktion<\/a>\n\t\t\t\t\t<\/div>\n\n\t\t\t\t\t<div id=\"elementor-tab-content-5931\" class=\"elementor-tab-content elementor-clearfix\" data-tab=\"1\" role=\"region\" aria-labelledby=\"elementor-tab-title-5931\"><p>&#8230;aus einer Nachricht an den M\u00e4dchenchor vom So, 25.11.:<\/p><p><em>&#8222;&#8230;f\u00fcr das interessante, begeisternde Gespr\u00e4chskonzert am 24. 11. m\u00f6chte ich mich nochmals ganz ausdr\u00fccklich bei allen Beteiligten bedanken. Bitte leiten Sie diesen Dank weiter.<\/em><\/p><p><em>Mit herzlichen Gr\u00fc\u00dfen [&#8230;]&#8220;,\u00a0<br \/>Silvia H.<\/em><\/p><p>&#8222;<em>Ich freue mich sehr, dass die Chorm\u00e4dchen einen solch inspirierenden Abend erleben und mitgestalten durften und einen tiefen Einblick in die Arbeit eines professionellen Orchesterdirigenten mit seinen Musikern bekommen konnten. Sie k\u00f6nnen stolz darauf sein, dass er an dem Recordare aus Brittens War Requiem exklusiv mit ihnen arbeitete.&#8220;<\/em><br \/>Gudrun Schr\u00f6fel<\/p><\/div>\n\t\t\t\t<\/div>\n\t\t\t\t\t\t\t\t<\/div>\n\t\t\t\t\t\t<\/div>\n\t\t\t\t<\/div>\n\t\t\t\t\t<\/div>\n\t\t<\/div>\n\t\t\t\t\t<\/div>\n\t\t<\/section>\n\t\t\t\t<section class=\"elementor-section elementor-top-section elementor-element elementor-element-297baa7a elementor-section-boxed elementor-section-height-default elementor-section-height-default\" data-id=\"297baa7a\" data-element_type=\"section\" data-e-type=\"section\">\n\t\t\t\t\t\t<div class=\"elementor-container elementor-column-gap-default\">\n\t\t\t\t\t<div class=\"elementor-column elementor-col-100 elementor-top-column elementor-element elementor-element-345a4da6\" data-id=\"345a4da6\" data-element_type=\"column\" data-e-type=\"column\">\n\t\t\t<div class=\"elementor-widget-wrap elementor-element-populated\">\n\t\t\t\t\t\t<div class=\"elementor-element elementor-element-4e44f8cb elementor-align-right elementor-widget elementor-widget-button\" data-id=\"4e44f8cb\" data-element_type=\"widget\" data-e-type=\"widget\" data-widget_type=\"button.default\">\n\t\t\t\t<div class=\"elementor-widget-container\">\n\t\t\t\t\t\t\t\t\t<div class=\"elementor-button-wrapper\">\n\t\t\t\t\t<a class=\"elementor-button elementor-button-link elementor-size-xs elementor-animation-grow\" href=\"https:\/\/maedchenchor-hannover.de\/2018\/11\/25\/manze-salonfestival\/#kommanze2018\">\n\t\t\t\t\t\t<span class=\"elementor-button-content-wrapper\">\n\t\t\t\t\t\t<span class=\"elementor-button-icon\">\n\t\t\t\t\t\t\t\t\t<i class=\"fa fa-angle-double-right\" aria-hidden=\"true\"><\/i>\n\t\t\t\t\t\t\t<\/span>\n\t\t\t\t\t\t\t\t\t<span class=\"elementor-button-text\">Kommentieren <\/span>\n\t\t\t\t\t<\/span>\n\t\t\t\t\t<\/a>\n\t\t\t\t<\/div>\n\t\t\t\t\t\t\t\t<\/div>\n\t\t\t\t<\/div>\n\t\t\t\t\t<\/div>\n\t\t<\/div>\n\t\t\t\t\t<\/div>\n\t\t<\/section>\n\t\t\t\t<section class=\"elementor-section elementor-top-section elementor-element elementor-element-2dd06e65 elementor-section-boxed elementor-section-height-default elementor-section-height-default\" data-id=\"2dd06e65\" data-element_type=\"section\" data-e-type=\"section\">\n\t\t\t\t\t\t<div class=\"elementor-container elementor-column-gap-default\">\n\t\t\t\t\t<div class=\"elementor-column elementor-col-100 elementor-top-column elementor-element elementor-element-2ba91e2\" data-id=\"2ba91e2\" data-element_type=\"column\" data-e-type=\"column\">\n\t\t\t<div class=\"elementor-widget-wrap elementor-element-populated\">\n\t\t\t\t\t\t<div class=\"elementor-element elementor-element-46416ab4 elementor-widget elementor-widget-menu-anchor\" data-id=\"46416ab4\" data-element_type=\"widget\" data-e-type=\"widget\" data-widget_type=\"menu-anchor.default\">\n\t\t\t\t<div class=\"elementor-widget-container\">\n\t\t\t\t\t\t\t<div class=\"elementor-menu-anchor\" id=\"kommanze2018\"><\/div>\n\t\t\t\t\t\t<\/div>\n\t\t\t\t<\/div>\n\t\t\t\t\t<\/div>\n\t\t<\/div>\n\t\t\t\t\t<\/div>\n\t\t<\/section>\n\t\t\t\t<\/div>\n\t\t","protected":false},"excerpt":{"rendered":"<p>&#8222;Was du im Herzen hast, singe!&#8220;Andrew Manze ganz pers\u00f6nlich &#8211; [&hellip;]<\/p>\n","protected":false},"author":1,"featured_media":0,"comment_status":"open","ping_status":"closed","sticky":false,"template":"","format":"standard","meta":{"footnotes":""},"categories":[2,16,55],"tags":[],"class_list":["post-10145","post","type-post","status-publish","format-standard","hentry","category-news","category-news-de","category-news-en"],"_links":{"self":[{"href":"https:\/\/maedchenchor-hannover.de\/index.php?rest_route=\/wp\/v2\/posts\/10145","targetHints":{"allow":["GET"]}}],"collection":[{"href":"https:\/\/maedchenchor-hannover.de\/index.php?rest_route=\/wp\/v2\/posts"}],"about":[{"href":"https:\/\/maedchenchor-hannover.de\/index.php?rest_route=\/wp\/v2\/types\/post"}],"author":[{"embeddable":true,"href":"https:\/\/maedchenchor-hannover.de\/index.php?rest_route=\/wp\/v2\/users\/1"}],"replies":[{"embeddable":true,"href":"https:\/\/maedchenchor-hannover.de\/index.php?rest_route=%2Fwp%2Fv2%2Fcomments&post=10145"}],"version-history":[{"count":16,"href":"https:\/\/maedchenchor-hannover.de\/index.php?rest_route=\/wp\/v2\/posts\/10145\/revisions"}],"predecessor-version":[{"id":10176,"href":"https:\/\/maedchenchor-hannover.de\/index.php?rest_route=\/wp\/v2\/posts\/10145\/revisions\/10176"}],"wp:attachment":[{"href":"https:\/\/maedchenchor-hannover.de\/index.php?rest_route=%2Fwp%2Fv2%2Fmedia&parent=10145"}],"wp:term":[{"taxonomy":"category","embeddable":true,"href":"https:\/\/maedchenchor-hannover.de\/index.php?rest_route=%2Fwp%2Fv2%2Fcategories&post=10145"},{"taxonomy":"post_tag","embeddable":true,"href":"https:\/\/maedchenchor-hannover.de\/index.php?rest_route=%2Fwp%2Fv2%2Ftags&post=10145"}],"curies":[{"name":"wp","href":"https:\/\/api.w.org\/{rel}","templated":true}]}}